{"id":16259,"date":"2026-02-06T12:38:51","date_gmt":"2026-02-06T12:38:51","guid":{"rendered":"https:\/\/dobrezrodla.com\/?p=16259"},"modified":"2026-02-06T12:38:51","modified_gmt":"2026-02-06T12:38:51","slug":"areszt-dla-zbigniewa-ziobry-jest-decyzja-sadu","status":"publish","type":"post","link":"https:\/\/dobrezrodla.com\/?p=16259","title":{"rendered":"Areszt dla Zbigniewa Ziobry. Jest decyzja s\u0105du"},"content":{"rendered":"\n<p>S\u0105d zdecydowa\u0142 o aresztowaniu Zbigniewa Ziobry<br>Do rozstrzygni\u0119cia dosz\u0142o po ca\u0142odziennym, trzecim ju\u017c, posiedzeniu w sprawie wniosku Prokuratury Krajowej o zastosowanie aresztu wobec Zbigniewa Ziobry. W czwartek obrona sk\u0142ada\u0142a liczne wnioski formalne. Przed godz. 15 s\u0105d rozpocz\u0105\u0142 jednak ju\u017c merytoryczne rozpoznawanie wniosku prokuratury.<\/p>\n\n\n\n<p>Piotr Wo\u017aniak, szef zespo\u0142u prokurator\u00f3w zajmuj\u0105cych si\u0119 afer\u0105 Funduszu Sprawiedliwo\u015bci przekaza\u0142 po zako\u0144czonym posiedzeniu, \u017ce s\u0105d &#8220;podzieli\u0142 w pe\u0142ni argumentacj\u0119&#8221; prokuratury. &#8211; S\u0105d uzna\u0142, \u017ce zachodzi przes\u0142anka og\u00f3lna do stosowania \u015brodk\u00f3w zapobiegawczych w postaci du\u017cego prawdopodobie\u0144stwa pope\u0142nienia przez podejrzanego zarzucanych mu czyn\u00f3w &#8211; powiedzia\u0142.<\/p>\n\n\n\n<p>Zarzuty wobec Ziobry. 26 przest\u0119pstw<br>Prokuratura zarzuca Zbigniewowi Ziobrze m.in. kierowanie zorganizowan\u0105 grup\u0105 przest\u0119pcz\u0105 i wykorzystywanie swojego stanowiska do dzia\u0142a\u0144 o charakterze przest\u0119pczym. Wed\u0142ug prokuratury, gdy by\u0142 on szefem MS, mia\u0142 pope\u0142ni\u0107 \u0142\u0105cznie 26 przest\u0119pstw, m.in. wydawa\u0107 swoim podw\u0142adnym polecenia \u0142amania prawa, by zapewni\u0107 wybranym podmiotom dotacje z Funduszu Sprawiedliwo\u015bci, ingerowa\u0107 w przygotowanie ofert konkursowych i dopuszcza\u0107 do przyznawania \u015brodk\u00f3w nieuprawnionym podmiotom.<\/p>\n\n\n\n<p>Prokuratura w skierowanym do s\u0105du w po\u0142owie listopada 2025 r. wniosku o tymczasowy areszt wskaza\u0142a m.in. na realne ryzyko ucieczki by\u0142ego ministra, ukrywania si\u0119 oraz matactwa procesowego.<\/p>\n\n\n\n<p>Obecnie, od grudnia ub.r., Ziobro jest obj\u0119ty ochron\u0105 mi\u0119dzynarodow\u0105 przez w\u0142adze W\u0119gier, kt\u00f3re uzna\u0142y, \u017ce gro\u017c\u0105 mu prze\u015bladowania polityczne. Jak zapowiada\u0142 wcze\u015bniej prok. Piotr Wo\u017aniak, po uwzgl\u0119dnieniu przez s\u0105d wniosku o areszt za by\u0142ym ministrem zostanie wydany list go\u0144czy i na jego podstawie zostan\u0105 uruchomione dalsze jego poszukiwania na terenie kraju. Po ustaleniu, \u017ce Ziobro nie przebywa na terytorium Polski, kolejnym etapem maj\u0105 by\u0107 poszukiwania na podstawie europejskiego nakazu aresztowania.<\/p>\n","protected":false},"excerpt":{"rendered":"<p>S\u0105d zdecydowa\u0142 o aresztowaniu Zbigniewa ZiobryDo rozstrzygni\u0119cia dosz\u0142o po ca\u0142odziennym, trzecim ju\u017c, posiedzeniu w sprawie wniosku Prokuratury Krajowej o zastosowanie aresztu wobec Zbigniewa Ziobry. W czwartek obrona sk\u0142ada\u0142a liczne wnioski formalne. Przed godz. 15 s\u0105d rozpocz\u0105\u0142 jednak ju\u017c merytoryczne rozpoznawanie wniosku prokuratury. Piotr Wo\u017aniak, szef zespo\u0142u prokurator\u00f3w zajmuj\u0105cych si\u0119 afer\u0105 Funduszu Sprawiedliwo\u015bci przekaza\u0142 po zako\u0144czonym &#8230; <a title=\"Areszt dla Zbigniewa Ziobry. Jest decyzja s\u0105du\" class=\"read-more\" href=\"https:\/\/dobrezrodla.com\/?p=16259\" aria-label=\"Read more about Areszt dla Zbigniewa Ziobry. Jest decyzja s\u0105du\">Read more<\/a><\/p>\n","protected":false},"author":1,"featured_media":0,"comment_status":"open","ping_status":"open","sticky":false,"template":"","format":"standard","meta":{"footnotes":""},"categories":[1],"tags":[],"class_list":["post-16259","post","type-post","status-publish","format-standard","hentry","category-uncategorized"],"_links":{"self":[{"href":"https:\/\/dobrezrodla.com\/index.php?rest_route=\/wp\/v2\/posts\/16259","targetHints":{"allow":["GET"]}}],"collection":[{"href":"https:\/\/dobrezrodla.com\/index.php?rest_route=\/wp\/v2\/posts"}],"about":[{"href":"https:\/\/dobrezrodla.com\/index.php?rest_route=\/wp\/v2\/types\/post"}],"author":[{"embeddable":true,"href":"https:\/\/dobrezrodla.com\/index.php?rest_route=\/wp\/v2\/users\/1"}],"replies":[{"embeddable":true,"href":"https:\/\/dobrezrodla.com\/index.php?rest_route=%2Fwp%2Fv2%2Fcomments&post=16259"}],"version-history":[{"count":1,"href":"https:\/\/dobrezrodla.com\/index.php?rest_route=\/wp\/v2\/posts\/16259\/revisions"}],"predecessor-version":[{"id":16260,"href":"https:\/\/dobrezrodla.com\/index.php?rest_route=\/wp\/v2\/posts\/16259\/revisions\/16260"}],"wp:attachment":[{"href":"https:\/\/dobrezrodla.com\/index.php?rest_route=%2Fwp%2Fv2%2Fmedia&parent=16259"}],"wp:term":[{"taxonomy":"category","embeddable":true,"href":"https:\/\/dobrezrodla.com\/index.php?rest_route=%2Fwp%2Fv2%2Fcategories&post=16259"},{"taxonomy":"post_tag","embeddable":true,"href":"https:\/\/dobrezrodla.com\/index.php?rest_route=%2Fwp%2Fv2%2Ftags&post=16259"}],"curies":[{"name":"wp","href":"https:\/\/api.w.org\/{rel}","templated":true}]}}