{"id":16273,"date":"2026-02-06T12:44:15","date_gmt":"2026-02-06T12:44:15","guid":{"rendered":"https:\/\/dobrezrodla.com\/?p=16273"},"modified":"2026-02-06T12:44:15","modified_gmt":"2026-02-06T12:44:15","slug":"sad-zdecydowal-o-areszcie-dla-ziobry-adwokat-zlozylem-wniosek","status":"publish","type":"post","link":"https:\/\/dobrezrodla.com\/?p=16273","title":{"rendered":"S\u0105d zdecydowa\u0142 o areszcie dla Ziobry. Adwokat: &#8220;Z\u0142o\u017cy\u0142em wniosek&#8221;"},"content":{"rendered":"\n<p>Decyzja s\u0105du wywo\u0142a\u0142a fal\u0119 komentarzy w polskiej przestrzeni publicznej. W czwartek S\u0105d Rejonowy dla Warszawy-Mokotowa zdecydowa\u0142 o tymczasowym aresztowaniu by\u0142ego ministra sprawiedliwo\u015bci. Sprawa dotyczy licznych zarzut\u00f3w postawionych przez Prokuratur\u0119 Krajow\u0105 i wywo\u0142uje szerokie zainteresowanie medi\u00f3w.<\/p>\n\n\n\n<p>S\u0105d nakazuje tymczasowy areszt Zbigniewa Ziobry<br>Prokuratura przedstawia 26 zarzut\u00f3w wobec by\u0142ego ministra<br>Ziobro pod ochron\u0105 mi\u0119dzynarodow\u0105 i kolejne kroki prawne<br>S\u0105d nakazuje tymczasowy areszt Zbigniewa Ziobry<\/p>\n\n\n\n<p><br>W czwartek S\u0105d Rejonowy dla Warszawy-Mokotowa podj\u0105\u0142 decyzj\u0119 o zastosowaniu tymczasowego aresztu wobec Zbigniewa Ziobry, by\u0142ego ministra sprawiedliwo\u015bci i pos\u0142a PiS. Wniosek w tej sprawie z\u0142o\u017cy\u0142a Prokuratura Krajowa, a post\u0119powanie obj\u0119\u0142o ju\u017c trzecie posiedzenie s\u0105du w tej sprawie. Jak wyja\u015bni\u0142 mecenas Bartosz Lewandowski, obro\u0144ca Ziobry, decyzja s\u0105du przewiduje umieszczenie by\u0142ego ministra w zak\u0142adzie leczniczym na czas trwania aresztu. Obro\u0144ca zapowiedzia\u0142 jednocze\u015bnie, \u017ce z\u0142o\u017cy za\u017calenie na t\u0119 decyzj\u0119, a wcze\u015bniej wnioskowa\u0142 ju\u017c o wstrzymanie wykonalno\u015bci postanowienia.<\/p>\n\n\n\n<p>Mecenas Lewandowski wprost powiedzia\u0142:<\/p>\n\n\n\n<p>\u2013 Ja ju\u017c dzisiaj z\u0142o\u017cy\u0142em do akt sprawy wniosek o wstrzymanie wykonalno\u015bci tego orzeczenia, wi\u0119c s\u0105d w pierwszej instancji b\u0119dzie ten wniosek najpierw rozpoznawa\u0142 \u2013 m\u00f3wi\u0142 mec. Lewandowski.<\/p>\n\n\n\n<p>Z kolei prokurator Piotr Wo\u017aniak, reprezentuj\u0105cy Prokuratur\u0119 Krajow\u0105 przed s\u0105dem, przypomnia\u0142 dziennikarzom, \u017ce postanowienie w procesie karnym jest natychmiast wykonalne. Doda\u0142 jednak, \u017ce w razie uwzgl\u0119dnienia przez s\u0105d wniosku obrony, mo\u017cliwe jest wstrzymanie wykonania aresztu.<\/p>\n\n\n\n<p>Decyzja s\u0105du zapad\u0142a po ca\u0142odziennym rozpatrywaniu wniosk\u00f3w formalnych obrony Ziobry. Przed godzin\u0105 15 s\u0105d przeszed\u0142 do merytorycznej analizy wniosku prokuratury, pomimo licznych pr\u00f3b podniesienia kwestii proceduralnych przez obron\u0119.<\/p>\n\n\n\n<p>S\u0105d zdecydowa\u0142 o areszcie dla Ziobry. Adwokat: &#8220;Z\u0142o\u017cy\u0142em wniosek&#8221;<br>Zbigniew Ziobro, fot. Marysia Zawada\/REPORTER<br>Prokuratura przedstawia 26 zarzut\u00f3w wobec by\u0142ego ministra<br>Prokuratura Krajowa postawi\u0142a Zbigniewowi Ziobrze \u0142\u0105cznie 26 zarzut\u00f3w. Dotycz\u0105 one kierowania zorganizowan\u0105 grup\u0105 przest\u0119pcz\u0105 oraz wykorzystywania stanowiska ministra sprawiedliwo\u015bci do dzia\u0142a\u0144 o charakterze przest\u0119pczym.<\/p>\n\n\n\n<p>Wed\u0142ug prokuratury, w okresie sprawowania funkcji w MS Ziobro mia\u0142 wydawa\u0107 polecenia swoim podw\u0142adnym, kt\u00f3re \u0142ama\u0142y prawo w celu przyznania wybranym podmiotom dotacji z Funduszu Sprawiedliwo\u015bci. Ponadto prokuratura zarzuca by\u0142emu ministrowi ingerowanie w przygotowanie ofert konkursowych oraz dopuszczanie do przyznawania \u015brodk\u00f3w nieuprawnionym organizacjom.<\/p>\n\n\n\n<p>Wniosek o tymczasowy areszt, z\u0142o\u017cony w po\u0142owie listopada 2025 roku, wskazywa\u0142 r\u00f3wnie\u017c na ryzyko ucieczki Ziobry, ukrywania si\u0119 oraz matactwa procesowego. Prokuratura podkre\u015bla\u0142a, \u017ce \u015brodki te s\u0105 niezb\u0119dne do zabezpieczenia prawid\u0142owego przebiegu post\u0119powania karnego.<\/p>\n\n\n\n<p>Ziobro pod ochron\u0105 mi\u0119dzynarodow\u0105 i kolejne kroki prawne<br>Od grudnia 2025 roku Zbigniew Ziobro obj\u0119ty jest ochron\u0105 mi\u0119dzynarodow\u0105 na W\u0119grzech, kt\u00f3re uzna\u0142y, \u017ce grozi mu prze\u015bladowanie polityczne. W przypadku uwzgl\u0119dnienia wniosku prokuratury o tymczasowy areszt, planowane jest wydanie listu go\u0144czego oraz rozpocz\u0119cie poszukiwa\u0144 by\u0142ego ministra na terenie Polski. Je\u017celi oka\u017ce si\u0119, \u017ce Ziobro nie przebywa w kraju, nast\u0119pnym etapem procedury b\u0119dzie uruchomienie europejskiego nakazu aresztowania.<\/p>\n\n\n\n<p>Prokurator Piotr Wo\u017aniak wcze\u015bniej zapowiada\u0142, \u017ce wszystkie przewidziane prawem dzia\u0142ania b\u0119d\u0105 podj\u0119te, aby zapewni\u0107 skuteczne wykonanie decyzji s\u0105du. Tymczasowy areszt oraz planowane poszukiwania podkre\u015blaj\u0105 skal\u0119 dzia\u0142a\u0144, jakie organ \u015bcigania zamierza podj\u0105\u0107 w tej sprawie, a tak\u017ce wag\u0119 zarzut\u00f3w stawianych by\u0142emu ministrowi.<\/p>\n","protected":false},"excerpt":{"rendered":"<p>Decyzja s\u0105du wywo\u0142a\u0142a fal\u0119 komentarzy w polskiej przestrzeni publicznej. W czwartek S\u0105d Rejonowy dla Warszawy-Mokotowa zdecydowa\u0142 o tymczasowym aresztowaniu by\u0142ego ministra sprawiedliwo\u015bci. Sprawa dotyczy licznych zarzut\u00f3w postawionych przez Prokuratur\u0119 Krajow\u0105 i wywo\u0142uje szerokie zainteresowanie medi\u00f3w. S\u0105d nakazuje tymczasowy areszt Zbigniewa ZiobryProkuratura przedstawia 26 zarzut\u00f3w wobec by\u0142ego ministraZiobro pod ochron\u0105 mi\u0119dzynarodow\u0105 i kolejne kroki prawneS\u0105d nakazuje &#8230; <a title=\"S\u0105d zdecydowa\u0142 o areszcie dla Ziobry. Adwokat: &#8220;Z\u0142o\u017cy\u0142em wniosek&#8221;\" class=\"read-more\" href=\"https:\/\/dobrezrodla.com\/?p=16273\" aria-label=\"Read more about S\u0105d zdecydowa\u0142 o areszcie dla Ziobry. Adwokat: &#8220;Z\u0142o\u017cy\u0142em wniosek&#8221;\">Read more<\/a><\/p>\n","protected":false},"author":1,"featured_media":0,"comment_status":"open","ping_status":"open","sticky":false,"template":"","format":"standard","meta":{"footnotes":""},"categories":[1],"tags":[],"class_list":["post-16273","post","type-post","status-publish","format-standard","hentry","category-uncategorized"],"_links":{"self":[{"href":"https:\/\/dobrezrodla.com\/index.php?rest_route=\/wp\/v2\/posts\/16273","targetHints":{"allow":["GET"]}}],"collection":[{"href":"https:\/\/dobrezrodla.com\/index.php?rest_route=\/wp\/v2\/posts"}],"about":[{"href":"https:\/\/dobrezrodla.com\/index.php?rest_route=\/wp\/v2\/types\/post"}],"author":[{"embeddable":true,"href":"https:\/\/dobrezrodla.com\/index.php?rest_route=\/wp\/v2\/users\/1"}],"replies":[{"embeddable":true,"href":"https:\/\/dobrezrodla.com\/index.php?rest_route=%2Fwp%2Fv2%2Fcomments&post=16273"}],"version-history":[{"count":1,"href":"https:\/\/dobrezrodla.com\/index.php?rest_route=\/wp\/v2\/posts\/16273\/revisions"}],"predecessor-version":[{"id":16274,"href":"https:\/\/dobrezrodla.com\/index.php?rest_route=\/wp\/v2\/posts\/16273\/revisions\/16274"}],"wp:attachment":[{"href":"https:\/\/dobrezrodla.com\/index.php?rest_route=%2Fwp%2Fv2%2Fmedia&parent=16273"}],"wp:term":[{"taxonomy":"category","embeddable":true,"href":"https:\/\/dobrezrodla.com\/index.php?rest_route=%2Fwp%2Fv2%2Fcategories&post=16273"},{"taxonomy":"post_tag","embeddable":true,"href":"https:\/\/dobrezrodla.com\/index.php?rest_route=%2Fwp%2Fv2%2Ftags&post=16273"}],"curies":[{"name":"wp","href":"https:\/\/api.w.org\/{rel}","templated":true}]}}