{"id":16279,"date":"2026-02-06T12:51:00","date_gmt":"2026-02-06T12:51:00","guid":{"rendered":"https:\/\/dobrezrodla.com\/?p=16279"},"modified":"2026-02-06T12:51:00","modified_gmt":"2026-02-06T12:51:00","slug":"ledwo-czarzasty-trafil-na-czarna-liste-usa-a-tu-cos-takiego-niebywale-jak-zareagowal-palac-prezydencki","status":"publish","type":"post","link":"https:\/\/dobrezrodla.com\/?p=16279","title":{"rendered":"Ledwo Czarzasty trafi\u0142 na \u201eczarn\u0105 list\u0119\u201d USA, a tu co\u015b takiego. Niebywa\u0142e, jak zareagowa\u0142 Pa\u0142ac Prezydencki"},"content":{"rendered":"\n<p>Pa\u0142ac Prezydencki po raz pierwszy odni\u00f3s\u0142 si\u0119 do kontrowersyjnego o\u015bwiadczenia ambasadora USA w Polsce Thomasa Rose\u2019a, kt\u00f3ry zerwa\u0142 kontakty z marsza\u0142kiem Sejmu W\u0142odzimierzem Czarzastym. Marcin Przydacz, szef Biura Polityki Mi\u0119dzynarodowej, w ostrych s\u0142owach podkre\u015bli\u0142, \u017ce sprawa ma \u201esze\u015bciorz\u0119dne znaczenie\u201d dla polsko-ameryka\u0144skich relacji. Wed\u0142ug niego prawdziwe priorytety w kontaktach z Waszyngtonem to bezpiecze\u0144stwo kraju i wsp\u00f3\u0142praca gospodarcza, a nie sp\u00f3r wok\u00f3\u0142 wniosku o Pokojow\u0105 Nagrod\u0119 Nobla dla Donalda Trumpa.<\/p>\n\n\n\n<p>Pa\u0142ac prezydencki uspokaja \u2013 incydent nie rzutuje na relacje z USA<br>Marcin Przydacz krytykuje marsza\u0142ka Sejmu za eskalacj\u0119 sporu<br>Bezpiecze\u0144stwo i gospodarka w centrum polsko-ameryka\u0144skiej wsp\u00f3\u0142pracy<br>Pa\u0142ac prezydencki uspokaja \u2013 incydent nie rzutuje na relacje z USA<\/p>\n\n\n\n<p><br>W pi\u0105tek rano Marcin Przydacz w rozmowie z Radiem Wnet stara\u0142 si\u0119 zdystansowa\u0107 Pa\u0142ac od medialnej burzy wywo\u0142anej decyzj\u0105 ambasadora Rose\u2019a. Podkre\u015bli\u0142, \u017ce dyskusja w mediach \u201eprzybra\u0142a nieproporcjonalne rozmiary\u201d i \u017ce tematyka zwi\u0105zana z marsza\u0142kiem Czarzastym nie powinna dominowa\u0107 w relacjach Warszawy z Waszyngtonem.<\/p>\n\n\n\n<p>\u201eW\u0105tpi\u0119, aby sprawa pana Czarzastego by\u0142a kluczowa dla strategicznych relacji polsko-ameryka\u0144skich. To kwestia drugorz\u0119dna, je\u015bli nie sze\u015bciorz\u0119dna\u201d \u2013 stwierdzi\u0142 Przydacz, wskazuj\u0105c, \u017ce priorytetem s\u0105 kwestie bezpiecze\u0144stwa narodowego i gospodarki.<\/p>\n\n\n\n<p>Prezydencki minister zapewni\u0142, \u017ce Pa\u0142ac Prezydencki monitoruje sytuacj\u0119, ale nie przewiduje, aby incydent wp\u0142yn\u0105\u0142 na dalsz\u0105 wsp\u00f3\u0142prac\u0119 z administracj\u0105 USA. Jego zdaniem media i politycy nadali sprawie nieadekwatny wymiar, kt\u00f3ry nie odzwierciedla realnych priorytet\u00f3w dyplomatycznych.<\/p>\n\n\n\n<p>Ledwo Czarzasty trafi\u0142 na \u201eczarn\u0105 list\u0119\u201d USA, a tu co\u015b takiego. Niebywa\u0142e, jak zareagowa\u0142 Pa\u0142ac Prezydencki<br>Pa\u0142ac Prezydencki, Fot. Grzegorz Jakubowski\/KPRP<br>Marcin Przydacz krytykuje marsza\u0142ka Sejmu za eskalacj\u0119 sporu<br>Jednocze\u015bnie Przydacz nie ograniczy\u0142 si\u0119 do bagatelizowania sprawy \u2013 w ostrych s\u0142owach skrytykowa\u0142 W\u0142odzimierza Czarzastego. Minister okre\u015bli\u0142 marsza\u0142ka jako \u201epostkomunistycznego aparatczyka\u201d i podkre\u015bli\u0142, \u017ce sam pomys\u0142 pytania go o poparcie dla kandydatury Donalda Trumpa do Pokojowej Nagrody Nobla by\u0142 \u201eabsurdalny\u201d.<\/p>\n\n\n\n<p>\u201eNo na Boga ojca, jakie to ma znaczenie?\u201d \u2013 pyta\u0142 retorycznie Przydacz, wskazuj\u0105c, \u017ce Czarzasty zamiast pozostawi\u0107 wniosek bez odpowiedzi, postanowi\u0142 eskalowa\u0107 spraw\u0119 politycznie. Minister podkre\u015bli\u0142 r\u00f3wnie\u017c znaczenie kontakt\u00f3w towarzysko-biznesowych i \u017cyciorysu marsza\u0142ka, co zdaniem Pa\u0142acu Prezydenckiego stanowi element wi\u0119kszej uk\u0142adanki, nieistotnej z punktu widzenia bezpiecze\u0144stwa pa\u0144stwa.<\/p>\n\n\n\n<p>Przydacz przypomnia\u0142 te\u017c, \u017ce Czarzasty nie wype\u0142ni\u0142 ankiety bezpiecze\u0144stwa, co w ocenie Pa\u0142acu podkre\u015bla nieodpowiedzialne podej\u015bcie marsza\u0142ka do kwestii bezpiecze\u0144stwa i protoko\u0142u dyplomatycznego.<\/p>\n\n\n\n<p>Bezpiecze\u0144stwo i gospodarka w centrum polsko-ameryka\u0144skiej wsp\u00f3\u0142pracy<br>W swoim wyst\u0105pieniu Przydacz wskaza\u0142, \u017ce rozmowy z Waszyngtonem powinny koncentrowa\u0107 si\u0119 na strategicznych kwestiach, takich jak bezpiecze\u0144stwo i wsp\u00f3\u0142praca gospodarcza.<\/p>\n\n\n\n<p>\u201eJe\u015bli mamy dyskutowa\u0107 z Amerykanami, to najwa\u017cniejsze s\u0105 kwestie obronno\u015bci i wsp\u00f3\u0142pracy militarnej, a nast\u0119pnie sprawy gospodarcze\u201d \u2013 o\u015bwiadczy\u0142 szef Biura Polityki Mi\u0119dzynarodowej.<\/p>\n\n\n\n<p>Pa\u0142ac prezydencki przypomina, \u017ce utrzymanie silnego \u201eparasola bezpiecze\u0144stwa\u201d w ramach sojuszu NATO jest dla Polski priorytetem, a wsp\u00f3\u0142praca gospodarcza i inwestycyjna pozostaje kluczowym elementem strategii zagranicznej. W ten spos\u00f3b Pa\u0142ac stara si\u0119 zdystansowa\u0107 od medialnej awantury, wysy\u0142aj\u0105c jasny sygna\u0142 do administracji USA: Warszawa pozostaje stabilnym i przewidywalnym partnerem strategicznym, niezale\u017cnie od kontrowersji wok\u00f3\u0142 poszczeg\u00f3lnych polityk\u00f3w.<\/p>\n","protected":false},"excerpt":{"rendered":"<p>Pa\u0142ac Prezydencki po raz pierwszy odni\u00f3s\u0142 si\u0119 do kontrowersyjnego o\u015bwiadczenia ambasadora USA w Polsce Thomasa Rose\u2019a, kt\u00f3ry zerwa\u0142 kontakty z marsza\u0142kiem Sejmu W\u0142odzimierzem Czarzastym. Marcin Przydacz, szef Biura Polityki Mi\u0119dzynarodowej, w ostrych s\u0142owach podkre\u015bli\u0142, \u017ce sprawa ma \u201esze\u015bciorz\u0119dne znaczenie\u201d dla polsko-ameryka\u0144skich relacji. Wed\u0142ug niego prawdziwe priorytety w kontaktach z Waszyngtonem to bezpiecze\u0144stwo kraju i wsp\u00f3\u0142praca &#8230; <a title=\"Ledwo Czarzasty trafi\u0142 na \u201eczarn\u0105 list\u0119\u201d USA, a tu co\u015b takiego. Niebywa\u0142e, jak zareagowa\u0142 Pa\u0142ac Prezydencki\" class=\"read-more\" href=\"https:\/\/dobrezrodla.com\/?p=16279\" aria-label=\"Read more about Ledwo Czarzasty trafi\u0142 na \u201eczarn\u0105 list\u0119\u201d USA, a tu co\u015b takiego. Niebywa\u0142e, jak zareagowa\u0142 Pa\u0142ac Prezydencki\">Read more<\/a><\/p>\n","protected":false},"author":1,"featured_media":0,"comment_status":"open","ping_status":"open","sticky":false,"template":"","format":"standard","meta":{"footnotes":""},"categories":[1],"tags":[],"class_list":["post-16279","post","type-post","status-publish","format-standard","hentry","category-uncategorized"],"_links":{"self":[{"href":"https:\/\/dobrezrodla.com\/index.php?rest_route=\/wp\/v2\/posts\/16279","targetHints":{"allow":["GET"]}}],"collection":[{"href":"https:\/\/dobrezrodla.com\/index.php?rest_route=\/wp\/v2\/posts"}],"about":[{"href":"https:\/\/dobrezrodla.com\/index.php?rest_route=\/wp\/v2\/types\/post"}],"author":[{"embeddable":true,"href":"https:\/\/dobrezrodla.com\/index.php?rest_route=\/wp\/v2\/users\/1"}],"replies":[{"embeddable":true,"href":"https:\/\/dobrezrodla.com\/index.php?rest_route=%2Fwp%2Fv2%2Fcomments&post=16279"}],"version-history":[{"count":1,"href":"https:\/\/dobrezrodla.com\/index.php?rest_route=\/wp\/v2\/posts\/16279\/revisions"}],"predecessor-version":[{"id":16280,"href":"https:\/\/dobrezrodla.com\/index.php?rest_route=\/wp\/v2\/posts\/16279\/revisions\/16280"}],"wp:attachment":[{"href":"https:\/\/dobrezrodla.com\/index.php?rest_route=%2Fwp%2Fv2%2Fmedia&parent=16279"}],"wp:term":[{"taxonomy":"category","embeddable":true,"href":"https:\/\/dobrezrodla.com\/index.php?rest_route=%2Fwp%2Fv2%2Fcategories&post=16279"},{"taxonomy":"post_tag","embeddable":true,"href":"https:\/\/dobrezrodla.com\/index.php?rest_route=%2Fwp%2Fv2%2Ftags&post=16279"}],"curies":[{"name":"wp","href":"https:\/\/api.w.org\/{rel}","templated":true}]}}