{"id":16283,"date":"2026-02-06T12:52:48","date_gmt":"2026-02-06T12:52:48","guid":{"rendered":"https:\/\/dobrezrodla.com\/?p=16283"},"modified":"2026-02-06T12:52:48","modified_gmt":"2026-02-06T12:52:48","slug":"czarzasty-na-czarnej-liscie-usa-a-pis-chce-tylko-jednego","status":"publish","type":"post","link":"https:\/\/dobrezrodla.com\/?p=16283","title":{"rendered":"Czarzasty na czarnej li\u015bcie USA. A PiS chce tylko jednego"},"content":{"rendered":"\n<p>W Sejmie narasta napi\u0119cie wok\u00f3\u0142 jednej z najwa\u017cniejszych postaci w pa\u0144stwie. Politycy Prawa i Sprawiedliwo\u015bci domagaj\u0105 si\u0119 nadzwyczajnych krok\u00f3w i podnosz\u0105 argumenty dotycz\u0105ce bezpiecze\u0144stwa, relacji mi\u0119dzynarodowych oraz odpowiedzialno\u015bci konstytucyjnej. Sprawa ma zosta\u0107 rozpatrzona w trybie, kt\u00f3ry stosowany jest wy\u0142\u0105cznie w wyj\u0105tkowych sytuacjach.<\/p>\n\n\n\n<p>Opozycja domaga si\u0119 niejawnej debaty w Sejmie o wra\u017cliwych informacjach<br>Liderzy PiS uderzaj\u0105 w marsza\u0142ka Sejmu i jego zaplecze osobiste<br>Zarzuty o zagro\u017cenie relacji z USA i destabilizacj\u0119 sytuacji mi\u0119dzynarodowej<br>Opozycja domaga si\u0119 niejawnej debaty w Sejmie o wra\u017cliwych informacjach<\/p>\n\n\n\n<p><br>Prawo i Sprawiedliwo\u015b\u0107 wyst\u0105pi\u0142o z formalnym \u017c\u0105daniem zwo\u0142ania tajnego posiedzenia Sejmu, argumentuj\u0105c, \u017ce sprawa dotyczy kwestii o fundamentalnym znaczeniu dla bezpiecze\u0144stwa pa\u0144stwa. W pi\u0105tek rano na konferencji prasowej w Warszawie czo\u0142owi politycy ugrupowania podkre\u015blali, \u017ce w przestrzeni publicznej pojawi\u0142y si\u0119 informacje, kt\u00f3re \u2013 ich zdaniem \u2013 nie mog\u0105 by\u0107 omawiane w trybie jawnym.<\/p>\n\n\n\n<p>Mariusz B\u0142aszczak zaznaczy\u0142, \u017ce niejawne posiedzenie pozwoli\u0142oby pos\u0142om zapozna\u0107 si\u0119 z pe\u0142nym kontekstem sytuacji, w tym z dokumentami i ustaleniami s\u0142u\u017cb. Wed\u0142ug PiS tylko taka forma debaty umo\u017cliwia rzetelne wyja\u015bnienie okoliczno\u015bci, kt\u00f3re mog\u0105 mie\u0107 wp\u0142yw na bezpiecze\u0144stwo instytucji pa\u0144stwowych oraz relacje Polski z kluczowymi sojusznikami.<\/p>\n\n\n\n<p>Politycy opozycji wskazuj\u0105, \u017ce chodzi nie tylko o bie\u017c\u0105cy sp\u00f3r polityczny, ale o kwestie systemowe, kt\u00f3re wymagaj\u0105 szczeg\u00f3lnej ostro\u017cno\u015bci i odpowiedzialno\u015bci ze strony parlamentu.<\/p>\n\n\n\n<p>Czarzasty na czarnej li\u015bcie USA. A PiS chce tylko jednego<br>W\u0142odzimierz Czarzasty, fot. KAPiF<br>Video Player is loading.<\/p>\n\n\n\n<p>Current Time 0:00<\/p>\n\n\n\n<p>\/<\/p>\n\n\n\n<p>Duration 10:10<\/p>\n\n\n\n<p>Beginning of dialog window. Escape will cancel and close the window.<\/p>\n\n\n\n<p>Text<br>Color<br>Transparency<\/p>\n\n\n\n<p>Background<br>Color<br>Transparency<\/p>\n\n\n\n<p>Window<br>Color<br>Transparency<\/p>\n\n\n\n<p>Font Size<\/p>\n\n\n\n<p>Text Edge Style<\/p>\n\n\n\n<p>Font Family<br>End of dialog window.<\/p>\n\n\n\n<p>MINISTRANCI I WIELKA KASA W TLE. KRYSIAK O KULISACH AFERY W \u015aWIECIE SHOW-BIZNESU<\/p>\n\n\n\n<p>Liderzy PiS uderzaj\u0105 w marsza\u0142ka Sejmu i jego zaplecze osobiste<br>Mateusz Morawiecki, odnosz\u0105c si\u0119 do sprawy, m\u00f3wi\u0142 o \u201enajwy\u017cszym poziomie niepokoju\u201d, jaki \u2013 jego zdaniem \u2013 budz\u0105 doniesienia dotycz\u0105ce marsza\u0142ka Sejmu. By\u0142y premier podkre\u015bla\u0142, \u017ce osoba pe\u0142ni\u0105ca jedn\u0105 z najwa\u017cniejszych funkcji w pa\u0144stwie powinna spe\u0142nia\u0107 wszystkie wymogi formalne zwi\u0105zane z dost\u0119pem do informacji wra\u017cliwych.<\/p>\n\n\n\n<p>Przemys\u0142aw Czarnek poszed\u0142 jeszcze dalej, zarzucaj\u0105c marsza\u0142kowi Sejmu brak odpowiedzialno\u015bci w kontek\u015bcie mi\u0119dzynarodowym. Wed\u0142ug niego publiczne wypowiedzi oraz decyzje podejmowane przez Czarzastego wpisuj\u0105 si\u0119 w szerszy nurt polityczny, kt\u00f3ry os\u0142abia znaczenie Stan\u00f3w Zjednoczonych w Europie. Czarnek argumentowa\u0142, \u017ce w sytuacji wojny za wschodni\u0105 granic\u0105 Polski takie dzia\u0142ania s\u0105 szczeg\u00f3lnie ryzykowne.<\/p>\n\n\n\n<p>Politycy PiS wielokrotnie podkre\u015blali r\u00f3wnie\u017c w\u0105tek formalny, wskazuj\u0105c na niewype\u0142nienie okre\u015blonych procedur bezpiecze\u0144stwa, co \u2013 ich zdaniem \u2013 powinno zosta\u0107 szczeg\u00f3\u0142owo wyja\u015bnione przed ca\u0142ym Sejmem.<\/p>\n\n\n\n<p>Zarzuty o zagro\u017cenie relacji z USA i destabilizacj\u0119 sytuacji mi\u0119dzynarodowej<br>Najci\u0119\u017csze oskar\u017cenia dotycz\u0105 wp\u0142ywu dzia\u0142a\u0144 marsza\u0142ka Sejmu na relacje polsko-ameryka\u0144skie. Politycy PiS twierdz\u0105, \u017ce krytyczne stanowisko wobec prezydenta USA oraz brak poparcia dla inicjatyw symbolicznych, takich jak mi\u0119dzynarodowe wyr\u00f3\u017cnienia, zosta\u0142y odebrane w Waszyngtonie jako sygna\u0142 politycznej niech\u0119ci.<\/p>\n\n\n\n<p>Antoni Macierewicz podkre\u015bla\u0142, \u017ce sojusz ze Stanami Zjednoczonymi stanowi fundament bezpiecze\u0144stwa Polski, a ka\u017cda sytuacja, kt\u00f3ra mo\u017ce ten sojusz os\u0142abi\u0107, powinna by\u0107 traktowana z najwy\u017csz\u0105 powag\u0105. W jego ocenie dzia\u0142ania marsza\u0142ka Sejmu doprowadzi\u0142y do powa\u017cnego kryzysu dyplomatycznego, kt\u00f3rego skutki mog\u0105 by\u0107 d\u0142ugofalowe.<\/p>\n\n\n\n<p>PiS przekonuje, \u017ce sprawa nie dotyczy osobistych spor\u00f3w ani bie\u017c\u0105cej walki politycznej, lecz stabilno\u015bci pa\u0144stwa i jego pozycji na arenie mi\u0119dzynarodowej. Dlatego \u2013 jak argumentuj\u0105 politycy ugrupowania \u2013 tajne posiedzenie Sejmu jest jedyn\u0105 w\u0142a\u015bciw\u0105 drog\u0105, by wyja\u015bni\u0107 wszystkie w\u0105tpliwo\u015bci bez nara\u017cania interes\u00f3w Polski.<\/p>\n","protected":false},"excerpt":{"rendered":"<p>W Sejmie narasta napi\u0119cie wok\u00f3\u0142 jednej z najwa\u017cniejszych postaci w pa\u0144stwie. Politycy Prawa i Sprawiedliwo\u015bci domagaj\u0105 si\u0119 nadzwyczajnych krok\u00f3w i podnosz\u0105 argumenty dotycz\u0105ce bezpiecze\u0144stwa, relacji mi\u0119dzynarodowych oraz odpowiedzialno\u015bci konstytucyjnej. Sprawa ma zosta\u0107 rozpatrzona w trybie, kt\u00f3ry stosowany jest wy\u0142\u0105cznie w wyj\u0105tkowych sytuacjach. Opozycja domaga si\u0119 niejawnej debaty w Sejmie o wra\u017cliwych informacjachLiderzy PiS uderzaj\u0105 w &#8230; <a title=\"Czarzasty na czarnej li\u015bcie USA. A PiS chce tylko jednego\" class=\"read-more\" href=\"https:\/\/dobrezrodla.com\/?p=16283\" aria-label=\"Read more about Czarzasty na czarnej li\u015bcie USA. A PiS chce tylko jednego\">Read more<\/a><\/p>\n","protected":false},"author":1,"featured_media":0,"comment_status":"open","ping_status":"open","sticky":false,"template":"","format":"standard","meta":{"footnotes":""},"categories":[1],"tags":[],"class_list":["post-16283","post","type-post","status-publish","format-standard","hentry","category-uncategorized"],"_links":{"self":[{"href":"https:\/\/dobrezrodla.com\/index.php?rest_route=\/wp\/v2\/posts\/16283","targetHints":{"allow":["GET"]}}],"collection":[{"href":"https:\/\/dobrezrodla.com\/index.php?rest_route=\/wp\/v2\/posts"}],"about":[{"href":"https:\/\/dobrezrodla.com\/index.php?rest_route=\/wp\/v2\/types\/post"}],"author":[{"embeddable":true,"href":"https:\/\/dobrezrodla.com\/index.php?rest_route=\/wp\/v2\/users\/1"}],"replies":[{"embeddable":true,"href":"https:\/\/dobrezrodla.com\/index.php?rest_route=%2Fwp%2Fv2%2Fcomments&post=16283"}],"version-history":[{"count":1,"href":"https:\/\/dobrezrodla.com\/index.php?rest_route=\/wp\/v2\/posts\/16283\/revisions"}],"predecessor-version":[{"id":16284,"href":"https:\/\/dobrezrodla.com\/index.php?rest_route=\/wp\/v2\/posts\/16283\/revisions\/16284"}],"wp:attachment":[{"href":"https:\/\/dobrezrodla.com\/index.php?rest_route=%2Fwp%2Fv2%2Fmedia&parent=16283"}],"wp:term":[{"taxonomy":"category","embeddable":true,"href":"https:\/\/dobrezrodla.com\/index.php?rest_route=%2Fwp%2Fv2%2Fcategories&post=16283"},{"taxonomy":"post_tag","embeddable":true,"href":"https:\/\/dobrezrodla.com\/index.php?rest_route=%2Fwp%2Fv2%2Ftags&post=16283"}],"curies":[{"name":"wp","href":"https:\/\/api.w.org\/{rel}","templated":true}]}}