{"id":16301,"date":"2026-02-06T20:23:59","date_gmt":"2026-02-06T20:23:59","guid":{"rendered":"https:\/\/dobrezrodla.com\/?p=16301"},"modified":"2026-02-06T20:23:59","modified_gmt":"2026-02-06T20:23:59","slug":"to-juz-pewne-zacznie-sie-punkt-1530-wiadomo-z-kim-spotka-sie-nawrocki","status":"publish","type":"post","link":"https:\/\/dobrezrodla.com\/?p=16301","title":{"rendered":"To ju\u017c pewne, zacznie si\u0119 punkt 15:30. Wiadomo, z kim spotka si\u0119 Nawrocki"},"content":{"rendered":"\n<p>Wizyta prezydenta Karola Nawrockiego we W\u0142oszech nabiera szczeg\u00f3lnego znaczenia w kontek\u015bcie intensywnych wydarze\u0144 dyplomatycznych i politycznych, kt\u00f3re towarzysz\u0105 inauguracji zimowych igrzysk olimpijskich. Oficjalny program pobytu obejmuje zar\u00f3wno spotkania na najwy\u017cszym szczeblu, jak i udzia\u0142 w presti\u017cowych uroczysto\u015bciach mi\u0119dzynarodowych, odbywaj\u0105cych si\u0119 w atmosferze podwy\u017cszonego bezpiecze\u0144stwa.<\/p>\n\n\n\n<p>Potwierdzona agenda rozm\u00f3w na najwy\u017cszym szczeblu<br>Olimpijskie otwarcie na San Siro i nieformalne rozmowy \u015bwiatowych lider\u00f3w<br>Mediolan w stanie podwy\u017cszonej gotowo\u015bci s\u0142u\u017cb<br>Potwierdzona agenda rozm\u00f3w na najwy\u017cszym szczeblu<\/p>\n\n\n\n<p><br>W\u0142adze W\u0142och oficjalnie przedstawi\u0142y harmonogram wizyty polskiego prezydenta w Mediolanie. Jednym z najwa\u017cniejszych punkt\u00f3w programu jest zaplanowane na pi\u0105tkowe popo\u0142udnie spotkanie Karola Nawrockiego z premier W\u0142och Giorgi\u0105 Meloni. Rozmowy odb\u0119d\u0105 si\u0119 w reprezentacyjnej siedzibie prefektury i maj\u0105 charakter bilateralny, co podkre\u015bla ich wag\u0119 w relacjach mi\u0119dzy Warszaw\u0105 a Rzymem.<\/p>\n\n\n\n<p>Wed\u0142ug informacji przekazanych przez stron\u0119 w\u0142osk\u0105, rozmowy maj\u0105 dotyczy\u0107 aktualnych wyzwa\u0144 stoj\u0105cych przed Uni\u0105 Europejsk\u0105, kwestii bezpiecze\u0144stwa mi\u0119dzynarodowego oraz dalszego rozwoju wsp\u00f3\u0142pracy politycznej i gospodarczej pomi\u0119dzy Polsk\u0105 a W\u0142ochami. Dla premier Meloni b\u0119dzie to wyj\u0105tkowo intensywny dzie\u0144 \u2013 w jej grafiku przewidziano r\u00f3wnie\u017c rozmowy z przedstawicielami administracji Stan\u00f3w Zjednoczonych, kt\u00f3rzy licznie przybyli do Mediolanu z okazji igrzysk.<\/p>\n\n\n\n<p>Obserwatorzy dyplomatyczni zwracaj\u0105 uwag\u0119, \u017ce obecno\u015b\u0107 polskiego prezydenta w gronie kluczowych rozm\u00f3wc\u00f3w w\u0142oskiej premier potwierdza znaczenie Polski jako wa\u017cnego partnera w debacie o przysz\u0142o\u015bci Europy i bezpiecze\u0144stwie kontynentu.<\/p>\n\n\n\n<p>To ju\u017c pewne, zacznie si\u0119 punkt 15:30. Wiadomo, z kim spotka si\u0119 Nawrocki<br>Giorgia Meloni, fot. GIANLUIGI GUERCIA\/AFP\/East News<br>Olimpijskie otwarcie na San Siro i nieformalne rozmowy \u015bwiatowych lider\u00f3w<br>Centralnym punktem wizyty prezydenta Nawrockiego jest udzia\u0142 w ceremonii otwarcia zimowych igrzysk olimpijskich, kt\u00f3ra odb\u0119dzie si\u0119 wieczorem na legendarnym stadionie San Siro. Organizatorzy zapowiadaj\u0105 obecno\u015b\u0107 wyj\u0105tkowo szerokiego grona go\u015bci \u2013 w Mediolanie pojawi\u0105 si\u0119 prezydenci, premierzy, przedstawiciele rodzin kr\u00f3lewskich oraz liderzy mi\u0119dzynarodowych organizacji.<\/p>\n\n\n\n<p>Gospodarzami wydarzenia b\u0119d\u0105 prezydent W\u0142och Sergio Mattarella oraz premier Giorgia Meloni, kt\u00f3rzy podejm\u0105 zagraniczne delegacje zar\u00f3wno podczas oficjalnych uroczysto\u015bci, jak i w kuluarach. Ceremonia otwarcia ma mie\u0107 rozbudowan\u0105 opraw\u0119 artystyczn\u0105, z udzia\u0142em \u015bwiatowej s\u0142awy muzyk\u00f3w i wykonawc\u00f3w, co dodatkowo podnosi rang\u0119 wydarzenia.<\/p>\n\n\n\n<p>Dla prezydenta Nawrockiego udzia\u0142 w igrzyskach to nie tylko obecno\u015b\u0107 na sportowym \u015bwi\u0119cie, ale r\u00f3wnie\u017c okazja do licznych nieformalnych rozm\u00f3w z przyw\u00f3dcami innych pa\u0144stw. Takie spotkania cz\u0119sto staj\u0105 si\u0119 przestrzeni\u0105 do budowania relacji, kt\u00f3re p\u00f3\u017aniej przek\u0142adaj\u0105 si\u0119 na konkretne decyzje polityczne i gospodarcze.<\/p>\n\n\n\n<p>Mediolan w stanie podwy\u017cszonej gotowo\u015bci s\u0142u\u017cb<br>Skala wydarze\u0144 oraz obecno\u015b\u0107 wielu zagranicznych delegacji sprawi\u0142y, \u017ce Mediolan zosta\u0142 obj\u0119ty wyj\u0105tkowymi \u015brodkami bezpiecze\u0144stwa. W mie\u015bcie rozmieszczono kilka tysi\u0119cy funkcjonariuszy policji, karabinier\u00f3w oraz \u017co\u0142nierzy, kt\u00f3rzy zabezpieczaj\u0105 zar\u00f3wno oficjalne trasy przejazdu delegacji, jak i miejsca uroczysto\u015bci.<\/p>\n\n\n\n<p>Dodatkowym wyzwaniem dla w\u0142oskich s\u0142u\u017cb s\u0105 protesty spo\u0142eczne, kt\u00f3re pojawi\u0142y si\u0119 w zwi\u0105zku z obecno\u015bci\u0105 ameryka\u0144skich funkcjonariuszy wspieraj\u0105cych ochron\u0119 delegacji USA. Demonstracje mia\u0142y ju\u017c miejsce podczas wydarze\u0144 towarzysz\u0105cych igrzyskom i by\u0142y reakcj\u0105 na g\u0142o\u015bne sprawy z udzia\u0142em ameryka\u0144skich s\u0142u\u017cb federalnych w Stanach Zjednoczonych.<\/p>\n\n\n\n<p>W\u0142adze W\u0142och podkre\u015blaj\u0105, \u017ce zagraniczni funkcjonariusze nie posiadaj\u0105 \u017cadnych uprawnie\u0144 operacyjnych na terytorium kraju i pe\u0142ni\u0105 wy\u0142\u0105cznie rol\u0119 doradcz\u0105 oraz logistyczn\u0105. Mimo to atmosfera w Mediolanie pozostaje napi\u0119ta, a s\u0142u\u017cby s\u0105 w sta\u0142ej gotowo\u015bci. Wszystko to sprawia, \u017ce wizyta prezydenta Karola Nawrockiego odbywa si\u0119 w szczeg\u00f3lnym kontek\u015bcie politycznym i bezpiecze\u0144stwa, co dodatkowo zwi\u0119ksza jej znaczenie na arenie mi\u0119dzynarodowej.<\/p>\n","protected":false},"excerpt":{"rendered":"<p>Wizyta prezydenta Karola Nawrockiego we W\u0142oszech nabiera szczeg\u00f3lnego znaczenia w kontek\u015bcie intensywnych wydarze\u0144 dyplomatycznych i politycznych, kt\u00f3re towarzysz\u0105 inauguracji zimowych igrzysk olimpijskich. Oficjalny program pobytu obejmuje zar\u00f3wno spotkania na najwy\u017cszym szczeblu, jak i udzia\u0142 w presti\u017cowych uroczysto\u015bciach mi\u0119dzynarodowych, odbywaj\u0105cych si\u0119 w atmosferze podwy\u017cszonego bezpiecze\u0144stwa. Potwierdzona agenda rozm\u00f3w na najwy\u017cszym szczebluOlimpijskie otwarcie na San Siro i &#8230; <a title=\"To ju\u017c pewne, zacznie si\u0119 punkt 15:30. Wiadomo, z kim spotka si\u0119 Nawrocki\" class=\"read-more\" href=\"https:\/\/dobrezrodla.com\/?p=16301\" aria-label=\"Read more about To ju\u017c pewne, zacznie si\u0119 punkt 15:30. Wiadomo, z kim spotka si\u0119 Nawrocki\">Read more<\/a><\/p>\n","protected":false},"author":1,"featured_media":0,"comment_status":"open","ping_status":"open","sticky":false,"template":"","format":"standard","meta":{"footnotes":""},"categories":[1],"tags":[],"class_list":["post-16301","post","type-post","status-publish","format-standard","hentry","category-uncategorized"],"_links":{"self":[{"href":"https:\/\/dobrezrodla.com\/index.php?rest_route=\/wp\/v2\/posts\/16301","targetHints":{"allow":["GET"]}}],"collection":[{"href":"https:\/\/dobrezrodla.com\/index.php?rest_route=\/wp\/v2\/posts"}],"about":[{"href":"https:\/\/dobrezrodla.com\/index.php?rest_route=\/wp\/v2\/types\/post"}],"author":[{"embeddable":true,"href":"https:\/\/dobrezrodla.com\/index.php?rest_route=\/wp\/v2\/users\/1"}],"replies":[{"embeddable":true,"href":"https:\/\/dobrezrodla.com\/index.php?rest_route=%2Fwp%2Fv2%2Fcomments&post=16301"}],"version-history":[{"count":1,"href":"https:\/\/dobrezrodla.com\/index.php?rest_route=\/wp\/v2\/posts\/16301\/revisions"}],"predecessor-version":[{"id":16315,"href":"https:\/\/dobrezrodla.com\/index.php?rest_route=\/wp\/v2\/posts\/16301\/revisions\/16315"}],"wp:attachment":[{"href":"https:\/\/dobrezrodla.com\/index.php?rest_route=%2Fwp%2Fv2%2Fmedia&parent=16301"}],"wp:term":[{"taxonomy":"category","embeddable":true,"href":"https:\/\/dobrezrodla.com\/index.php?rest_route=%2Fwp%2Fv2%2Fcategories&post=16301"},{"taxonomy":"post_tag","embeddable":true,"href":"https:\/\/dobrezrodla.com\/index.php?rest_route=%2Fwp%2Fv2%2Ftags&post=16301"}],"curies":[{"name":"wp","href":"https:\/\/api.w.org\/{rel}","templated":true}]}}