{"id":16323,"date":"2026-02-06T20:29:22","date_gmt":"2026-02-06T20:29:22","guid":{"rendered":"https:\/\/dobrezrodla.com\/?p=16323"},"modified":"2026-02-06T20:29:22","modified_gmt":"2026-02-06T20:29:22","slug":"kamery-uchwycily-karola-nawrockiego-tuz-przed-startem-igrzysk-olimpijskich-tak-sie-zachowal","status":"publish","type":"post","link":"https:\/\/dobrezrodla.com\/?p=16323","title":{"rendered":"Kamery uchwyci\u0142y Karola Nawrockiego tu\u017c przed startem Igrzysk Olimpijskich. Tak si\u0119 zachowa\u0142"},"content":{"rendered":"\n<p>Karol Nawrocki pojawi\u0142 si\u0119 na XXV Zimowych Igrzyskach Olimpijskich we W\u0142oszech nie tylko jako oficjalny go\u015b\u0107 wydarze\u0144 dyplomatycznych, ale tak\u017ce jako kibic polskich sportowc\u00f3w. Najpierw uczestniczy\u0142 w spotkaniach z zagranicznymi przyw\u00f3dcami, a p\u00f3\u017aniej kamery uchwyci\u0142y go na trybunach w towarzystwie syna. Jego obecno\u015b\u0107 szybko sta\u0142a si\u0119 tematem medialnych relacji.<\/p>\n\n\n\n<p>Ruszaj\u0105 Igrzyska w Mediolanie i Cortinie<br>Kamery uchwyci\u0142y go na trybunach \u2014 reakcje na obecno\u015b\u0107 Nawrockiego z synem<br>Karol Nawrocki w gronie \u015bwiatowych przyw\u00f3dc\u00f3w \u2014 oficjalne spotkania i uroczysto\u015bci<br>Ruszaj\u0105 Igrzyska w Mediolanie i Cortinie<\/p>\n\n\n\n<p><br>Zimowe Igrzyska Olimpijskie Mediolan-Cortina 2026 wydarzenie, kt\u00f3re przyci\u0105ga uwag\u0119 nie tylko kibic\u00f3w, ale te\u017c polityk\u00f3w z ca\u0142ego \u015bwiata. Tegoroczne zawody rozpoczn\u0105 si\u0119 6 lutego spektakularn\u0105 ceremoni\u0105 otwarcia na s\u0142ynnym stadionie San Siro w Mediolanie, kt\u00f3ra zaplanowana jest na godzin\u0119 20:00. Ta uroczysto\u015b\u0107 tradycyjnie otworzy dwa tygodnie zmaga\u0144 sportowych, pe\u0142nych pasji, napi\u0119cia i niepowtarzalnych emocji zimowych konkurencji.<\/p>\n\n\n\n<p>Igrzyska potrwaj\u0105 od 6 do 22 lutego 2026 roku, a w rywalizacji we\u017amie udzia\u0142 blisko 3 tysi\u0105ce sportowc\u00f3w z ca\u0142ego \u015bwiata, walcz\u0105cych o medale w 16 zimowych dyscyplinach. Rywalizacja odbywa si\u0119 w kilku w\u0142oskich lokalizacjach \u2014 nie tylko w Mediolanie, ale te\u017c w znanych o\u015brodkach narciarskich i arenach sportowych w regionach Dolomit\u00f3w i p\u00f3\u0142nocnych W\u0142och.<\/p>\n\n\n\n<p>Dla polskich kibic\u00f3w to nie tylko okazja do \u015bledzenia start\u00f3w naszych reprezentant\u00f3w, ale r\u00f3wnie\u017c do obserwowania, jak najwy\u017csze w\u0142adze pa\u0144stwowe wspieraj\u0105 Bia\u0142o-Czerwonych i celebruj\u0105 sportowe emocje. Jak si\u0119 okazuje do grona kibic\u00f3w, kt\u00f3rzy obserwuj\u0105 rywalizacj\u0119 na miejscu do\u0142\u0105czy\u0142 Karol Nawrocki.<\/p>\n\n\n\n<p>Kamery uchwyci\u0142y Karola Nawrockiego tu\u017c przed startem Igrzysk Olimpijskich. Tak si\u0119 zachowa\u0142<br>fot. Wojciech Olkusnik\/East News<br>Kamery uchwyci\u0142y go na trybunach \u2014 reakcje na obecno\u015b\u0107 Nawrockiego z synem<br>Chocia\u017c oficjalna ceremonia otwarcia jeszcze przed nami, sportowe zmagania w Mediolanie i Cortinie ju\u017c trwaj\u0105, a na trybunach pojawiaj\u0105 si\u0119 wyj\u0105tkowi kibice. Najwi\u0119ksze poruszenie w mediach wywo\u0142a\u0142o ujecie prezydenta Karola Nawrockiego wraz z jego synem na trybunach, gdy obserwowali oni rywalizacj\u0119 polskich \u0142y\u017cwiarzy figurowych.<\/p>\n\n\n\n<p>Na nagraniach widzimy, jak prezydent i jego syn reaguj\u0105 na wyst\u0119py sportowc\u00f3w: bij\u0105 brawa, \u017cywo komentuj\u0105 wydarzenia i dziel\u0105 si\u0119 emocjami, kt\u00f3re towarzysz\u0105 ka\u017cdemu olimpijskiemu wyst\u0119powi. Takie uj\u0119cia nie umkn\u0119\u0142y uwadze medi\u00f3w ani internaut\u00f3w, szybko rozchodz\u0105c si\u0119 w sieci i podkre\u015blaj\u0105c ludzk\u0105 stron\u0119 obecno\u015bci najwy\u017cszych w\u0142adz pa\u0144stwowych na wydarzeniach sportowych.<\/p>\n\n\n\n<p>Obraz prezydenta RP kibicuj\u0105cego polskim sportowcom z rodzin\u0105 wzmacnia te\u017c narracj\u0119 o autentycznym zaanga\u017cowaniu i wsparciu dla naszych reprezentant\u00f3w \u2014 niezale\u017cnie od rangi wydarzenia czy formalnych obowi\u0105zk\u00f3w.<\/p>\n\n\n\n<p>Karol Nawrocki w gronie \u015bwiatowych przyw\u00f3dc\u00f3w \u2014 oficjalne spotkania i uroczysto\u015bci<br>Podczas pobytu we W\u0142oszech prezydent RP Karol Nawrocki nie ogranicza swojej obecno\u015bci do roli biernego obserwatora zawod\u00f3w sportowych. Ju\u017c przed ceremoni\u0105 otwarcia pojawi\u0142y si\u0119 sygna\u0142y, \u017ce jego wizyta ma r\u00f3wnie\u017c wymiar oficjalny i dyplomatyczny. Jak wynika z doniesie\u0144, Nawrocki wyl\u0105dowa\u0142 w Mediolanie w czwartek, a ju\u017c tej samej nocy uczestniczy\u0142 w spotkaniu u prezydenta W\u0142och w o\u015brodku kultury Casa del Vapore, gdzie spotka\u0142 si\u0119 z innymi \u015bwiatowymi liderami.<\/p>\n\n\n\n<p>Media w\u0142oskie informuj\u0105, \u017ce prezydent RP mia\u0142 spotka\u0107 si\u0119 r\u00f3wnie\u017c z premier W\u0142och Giorgi\u0105 Meloni, towarzysz\u0105c wydarzeniom przed ceremoni\u0105 otwarcia, w kt\u00f3rych udzia\u0142 wzi\u0119li tak\u017ce m.in. wiceprezydent USA JD Vance i sekretarz stanu Marco Rubio.<\/p>\n","protected":false},"excerpt":{"rendered":"<p>Karol Nawrocki pojawi\u0142 si\u0119 na XXV Zimowych Igrzyskach Olimpijskich we W\u0142oszech nie tylko jako oficjalny go\u015b\u0107 wydarze\u0144 dyplomatycznych, ale tak\u017ce jako kibic polskich sportowc\u00f3w. Najpierw uczestniczy\u0142 w spotkaniach z zagranicznymi przyw\u00f3dcami, a p\u00f3\u017aniej kamery uchwyci\u0142y go na trybunach w towarzystwie syna. Jego obecno\u015b\u0107 szybko sta\u0142a si\u0119 tematem medialnych relacji. Ruszaj\u0105 Igrzyska w Mediolanie i CortinieKamery &#8230; <a title=\"Kamery uchwyci\u0142y Karola Nawrockiego tu\u017c przed startem Igrzysk Olimpijskich. Tak si\u0119 zachowa\u0142\" class=\"read-more\" href=\"https:\/\/dobrezrodla.com\/?p=16323\" aria-label=\"Read more about Kamery uchwyci\u0142y Karola Nawrockiego tu\u017c przed startem Igrzysk Olimpijskich. Tak si\u0119 zachowa\u0142\">Read more<\/a><\/p>\n","protected":false},"author":1,"featured_media":0,"comment_status":"open","ping_status":"open","sticky":false,"template":"","format":"standard","meta":{"footnotes":""},"categories":[1],"tags":[],"class_list":["post-16323","post","type-post","status-publish","format-standard","hentry","category-uncategorized"],"_links":{"self":[{"href":"https:\/\/dobrezrodla.com\/index.php?rest_route=\/wp\/v2\/posts\/16323","targetHints":{"allow":["GET"]}}],"collection":[{"href":"https:\/\/dobrezrodla.com\/index.php?rest_route=\/wp\/v2\/posts"}],"about":[{"href":"https:\/\/dobrezrodla.com\/index.php?rest_route=\/wp\/v2\/types\/post"}],"author":[{"embeddable":true,"href":"https:\/\/dobrezrodla.com\/index.php?rest_route=\/wp\/v2\/users\/1"}],"replies":[{"embeddable":true,"href":"https:\/\/dobrezrodla.com\/index.php?rest_route=%2Fwp%2Fv2%2Fcomments&post=16323"}],"version-history":[{"count":1,"href":"https:\/\/dobrezrodla.com\/index.php?rest_route=\/wp\/v2\/posts\/16323\/revisions"}],"predecessor-version":[{"id":16324,"href":"https:\/\/dobrezrodla.com\/index.php?rest_route=\/wp\/v2\/posts\/16323\/revisions\/16324"}],"wp:attachment":[{"href":"https:\/\/dobrezrodla.com\/index.php?rest_route=%2Fwp%2Fv2%2Fmedia&parent=16323"}],"wp:term":[{"taxonomy":"category","embeddable":true,"href":"https:\/\/dobrezrodla.com\/index.php?rest_route=%2Fwp%2Fv2%2Fcategories&post=16323"},{"taxonomy":"post_tag","embeddable":true,"href":"https:\/\/dobrezrodla.com\/index.php?rest_route=%2Fwp%2Fv2%2Ftags&post=16323"}],"curies":[{"name":"wp","href":"https:\/\/api.w.org\/{rel}","templated":true}]}}