{"id":16325,"date":"2026-02-06T20:30:26","date_gmt":"2026-02-06T20:30:26","guid":{"rendered":"https:\/\/dobrezrodla.com\/?p=16325"},"modified":"2026-02-06T20:30:27","modified_gmt":"2026-02-06T20:30:27","slug":"wydano-list-gonczy-za-zbigniewem-ziobra-jest-oficjalny-komunikat-prokuratury-krajowej","status":"publish","type":"post","link":"https:\/\/dobrezrodla.com\/?p=16325","title":{"rendered":"Wydano list go\u0144czy za Zbigniewem Ziobr\u0105. Jest oficjalny komunikat Prokuratury Krajowej"},"content":{"rendered":"\n<p>S\u0105d Rejonowy dla Warszawy-Mokotowa wyda\u0142 postanowienie o tymczasowym aresztowaniu by\u0142ego ministra sprawiedliwo\u015bci i pos\u0142a Zbigniewa Ziobry, co otworzy\u0142o drog\u0119 do wystawienia listu go\u0144czego za politykiem. Decyzja wydana zosta\u0142a w sytuacji, gdy Ziobro przebywa poza granicami kraju, co komplikuje procedury prawne wobec niego.<\/p>\n\n\n\n<p>Prokuratura uruchamia procedur\u0119 poszukiwawcz\u0105<br>Ziobro poza Polsk\u0105. W tle mo\u017cliwy europejski nakaz aresztowania<br>Obrona zapowiada odwo\u0142anie<br>S\u0105d zdecydowa\u0142 o areszcie. Prokuratura uruchamia procedur\u0119 poszukiwawcz\u0105<\/p>\n\n\n\n<p><br>S\u0105d Rejonowy dla Warszawy-Mokotowa przychyli\u0142 si\u0119 do wniosku Prokuratury Krajowej i zdecydowa\u0142 o zastosowaniu wobec Zbigniewa Ziobry trzymiesi\u0119cznego tymczasowego aresztu. Jak wskazano, istnieje du\u017ce prawdopodobie\u0144stwo pope\u0142nienia zarzucanych mu czyn\u00f3w, a tak\u017ce realna obawa matactwa i unikania odpowiedzialno\u015bci karnej.<\/p>\n\n\n\n<p>Na tej podstawie prokuratura wystawi\u0142a list go\u0144czy za politykiem. To standardowa procedura w sytuacji, gdy osoba obj\u0119ta postanowieniem s\u0105du nie stawia si\u0119 na wezwania organ\u00f3w \u015bcigania. W praktyce oznacza to uruchomienie krajowych poszukiwa\u0144 oraz mo\u017cliwo\u015b\u0107 podj\u0119cia dalszych dzia\u0142a\u0144 mi\u0119dzynarodowych.<\/p>\n\n\n\n<p>Wed\u0142ug \u015bledczych wobec by\u0142ego ministra przygotowywanych jest ponad 20 zarzut\u00f3w, zwi\u0105zanych ze \u015bledztwem dotycz\u0105cym nieprawid\u0142owo\u015bci przy wydatkowaniu \u015brodk\u00f3w z Funduszu Sprawiedliwo\u015bci. Do tej pory formalne przedstawienie zarzut\u00f3w by\u0142o niemo\u017cliwe z uwagi na brak fizycznej obecno\u015bci Ziobry w kraju.<\/p>\n\n\n\n<p>Ziobro poza Polsk\u0105. W tle mo\u017cliwy europejski nakaz aresztowania<br>Zbigniew Ziobro przebywa obecnie na W\u0119grzech, gdzie uzyska\u0142 ochron\u0119 mi\u0119dzynarodow\u0105. Ten fakt znacz\u0105co komplikuje dzia\u0142ania prokuratury, poniewa\u017c krajowy list go\u0144czy nie wystarcza do jego zatrzymania poza granicami Polski.<\/p>\n\n\n\n<p>W takiej sytuacji kolejnym krokiem mo\u017ce by\u0107 uruchomienie Europejskiego Nakazu Aresztowania. To instrument prawny pozwalaj\u0105cy na zatrzymanie i przekazanie podejrzanego mi\u0119dzy pa\u0144stwami Unii Europejskiej. Procedura ta wymaga jednak osobnych decyzji i wsp\u00f3\u0142pracy zagranicznych organ\u00f3w.<\/p>\n\n\n\n<p>Jak informuje Polska Agencja Prasowa, sprawa ma charakter rozwojowy, a polskie w\u0142adze analizuj\u0105 mo\u017cliwe scenariusze prawne, kt\u00f3re pozwoli\u0142yby doprowadzi\u0107 polityka przed wymiar sprawiedliwo\u015bci.<\/p>\n\n\n\n<p>Obrona zapowiada odwo\u0142anie<br>Pe\u0142nomocnik Zbigniewa Ziobry, adwokat Adam Gomo\u0142a, poinformowa\u0142 w mediach spo\u0142eczno\u015bciowych, \u017ce wczorajsza decyzja s\u0105du o aresztowaniu zostanie zaskar\u017cona do S\u0105du Okr\u0119gowego w Warszawie. Obrona uwa\u017ca zastosowanie tymczasowego aresztu za bezzasadne i zapowiada dalsz\u0105 walk\u0119 prawn\u0105.<\/p>\n\n\n\n<p>Post\u0119powanie odwo\u0142awcze mo\u017ce potrwa\u0107, co dodatkowo wyd\u0142u\u017cy ca\u0142\u0105 procedur\u0119. Do czasu rozpatrzenia za\u017calenia list go\u0144czy pozostaje jednak w mocy, a organy \u015bcigania formalnie poszukuj\u0105 by\u0142ego ministra.<\/p>\n\n\n\n<p>Sprawa Zbigniewa Ziobry jest jedn\u0105 z najpowa\u017cniejszych i najbardziej medialnych w ostatnich latach.<\/p>\n","protected":false},"excerpt":{"rendered":"<p>S\u0105d Rejonowy dla Warszawy-Mokotowa wyda\u0142 postanowienie o tymczasowym aresztowaniu by\u0142ego ministra sprawiedliwo\u015bci i pos\u0142a Zbigniewa Ziobry, co otworzy\u0142o drog\u0119 do wystawienia listu go\u0144czego za politykiem. Decyzja wydana zosta\u0142a w sytuacji, gdy Ziobro przebywa poza granicami kraju, co komplikuje procedury prawne wobec niego. Prokuratura uruchamia procedur\u0119 poszukiwawcz\u0105Ziobro poza Polsk\u0105. W tle mo\u017cliwy europejski nakaz aresztowaniaObrona zapowiada &#8230; <a title=\"Wydano list go\u0144czy za Zbigniewem Ziobr\u0105. Jest oficjalny komunikat Prokuratury Krajowej\" class=\"read-more\" href=\"https:\/\/dobrezrodla.com\/?p=16325\" aria-label=\"Read more about Wydano list go\u0144czy za Zbigniewem Ziobr\u0105. Jest oficjalny komunikat Prokuratury Krajowej\">Read more<\/a><\/p>\n","protected":false},"author":1,"featured_media":0,"comment_status":"open","ping_status":"open","sticky":false,"template":"","format":"standard","meta":{"footnotes":""},"categories":[1],"tags":[],"class_list":["post-16325","post","type-post","status-publish","format-standard","hentry","category-uncategorized"],"_links":{"self":[{"href":"https:\/\/dobrezrodla.com\/index.php?rest_route=\/wp\/v2\/posts\/16325","targetHints":{"allow":["GET"]}}],"collection":[{"href":"https:\/\/dobrezrodla.com\/index.php?rest_route=\/wp\/v2\/posts"}],"about":[{"href":"https:\/\/dobrezrodla.com\/index.php?rest_route=\/wp\/v2\/types\/post"}],"author":[{"embeddable":true,"href":"https:\/\/dobrezrodla.com\/index.php?rest_route=\/wp\/v2\/users\/1"}],"replies":[{"embeddable":true,"href":"https:\/\/dobrezrodla.com\/index.php?rest_route=%2Fwp%2Fv2%2Fcomments&post=16325"}],"version-history":[{"count":1,"href":"https:\/\/dobrezrodla.com\/index.php?rest_route=\/wp\/v2\/posts\/16325\/revisions"}],"predecessor-version":[{"id":16326,"href":"https:\/\/dobrezrodla.com\/index.php?rest_route=\/wp\/v2\/posts\/16325\/revisions\/16326"}],"wp:attachment":[{"href":"https:\/\/dobrezrodla.com\/index.php?rest_route=%2Fwp%2Fv2%2Fmedia&parent=16325"}],"wp:term":[{"taxonomy":"category","embeddable":true,"href":"https:\/\/dobrezrodla.com\/index.php?rest_route=%2Fwp%2Fv2%2Fcategories&post=16325"},{"taxonomy":"post_tag","embeddable":true,"href":"https:\/\/dobrezrodla.com\/index.php?rest_route=%2Fwp%2Fv2%2Ftags&post=16325"}],"curies":[{"name":"wp","href":"https:\/\/api.w.org\/{rel}","templated":true}]}}