{"id":16327,"date":"2026-02-06T20:31:39","date_gmt":"2026-02-06T20:31:39","guid":{"rendered":"https:\/\/dobrezrodla.com\/?p=16327"},"modified":"2026-02-06T20:31:39","modified_gmt":"2026-02-06T20:31:39","slug":"skandal-na-dworze-krolewskim-ksiezna-publicznie-przeprasza-chodzi-o-jej-relacje-z-epsteinem","status":"publish","type":"post","link":"https:\/\/dobrezrodla.com\/?p=16327","title":{"rendered":"Skandal na dworze kr\u00f3lewskim. Ksi\u0119\u017cna publicznie przeprasza. Chodzi o jej relacj\u0119 z Epsteinem"},"content":{"rendered":"\n<p>Europejska monarchia znalaz\u0142a si\u0119 w centrum nowego skandalu, kt\u00f3ry ponownie wywo\u0142uje kontrowersje wok\u00f3\u0142 relacji jednego z jej cz\u0142onk\u00f3w z Jeffreyem Epsteinem. O\u015bwiadczenie o g\u0142\u0119bokim \u017calu i publiczne przeprosiny pojawi\u0142y si\u0119 po ujawnieniu obszernej korespondencji, kt\u00f3ra rzuca nowe \u015bwiat\u0142o na dawn\u0105 znajomo\u015b\u0107 i budzi pytania o os\u0105d oraz odpowiedzialno\u015b\u0107 os\u00f3b publicznych.<\/p>\n\n\n\n<p>Nieoczekiwany skandal z przesz\u0142o\u015bci: ujawnienie korespondencji z Epsteinem<br>S\u0142owa przeprosin: \u201cNajg\u0142\u0119bszy \u017cal&#8221;<br>To nie koniec problem\u00f3w \u2013 powa\u017cne zarzuty i przebieg sprawy<br>Nieoczekiwany skandal z przesz\u0142o\u015bci: ujawnienie korespondencji z Epsteinem<\/p>\n\n\n\n<p><br>W ubieg\u0142ym tygodniu ameryka\u0144ski Departament Sprawiedliwo\u015bci USA opublikowa\u0142 tysi\u0105ce stron dokument\u00f3w zwi\u0105zanych z skazanym przest\u0119pc\u0105 seksualnym Jeffreyem Epsteinem, kt\u00f3re zawieraj\u0105 m.in. obszern\u0105 korespondencj\u0119 e-mailow\u0105 z norwesk\u0105 ksi\u0119\u017cn\u0105 \u2014 Mette-Marit.<\/p>\n\n\n\n<p>Wed\u0142ug tych ujawnionych materia\u0142\u00f3w, relacja by\u0142a bli\u017csza, ni\u017c wcze\u015bniej s\u0105dzono \u2014 korespondencja mia\u0142a charakter prywatny i wielokrotny, a kontakty mi\u0119dzy ksi\u0119\u017cn\u0105 a Epsteinem obejmowa\u0142y tak\u017ce pobyt w nieruchomo\u015bci nale\u017c\u0105cej do finansisty w Palm Beach na Florydzie w 2013 roku. Ta relacja z osob\u0105 skazan\u0105 za przest\u0119pstwa seksualne wobec dzieci wzbudzi\u0142a fal\u0119 krytyki i pytania o ocen\u0119 jej zachowania, tak\u017ce z perspektywy moralnej i wizerunkowej.<\/p>\n\n\n\n<p>To w\u0142a\u015bnie w tym kontek\u015bcie \u2014 po ujawnieniu dokument\u00f3w i rosn\u0105cym medialnym zainteresowaniu \u2014 ksi\u0119\u017cna wyda\u0142a oficjalne o\u015bwiadczenie, kt\u00f3re sta\u0142o si\u0119 pierwszym publicznym przeprosinami po tym, jak jej nazwisko znalaz\u0142o si\u0119 w tak szeroko komentowanych aktach Epsteina.<\/p>\n\n\n\n<p>Skandal na dworze kr\u00f3lewskim. Ksi\u0119\u017cna publicznie przeprasza. Chodzi o jej relacj\u0119 z Epsteinem<br>Ksi\u0119\u017cna Mette-Marit (fot. IMAGO\/Frederic Kern\/Imago Stock and People\/East News)<br>S\u0142owa przeprosin: \u201cNajg\u0142ebszy \u017cal&#8221;<br>W pi\u0105tek norweski Pa\u0142ac Kr\u00f3lewski przekaza\u0142 komunikat podpisany przez ksi\u0119\u017cn\u0105 Mette-Marit, w kt\u00f3rym wyrazi\u0142a \u201enajg\u0142\u0119bszy \u017cal\u201d z powodu swojej relacji ze skazanym Jeffreyem Epsteinem. Wed\u0142ug oficjalnych informacji, o\u015bwiadczenie mia\u0142o na celu zar\u00f3wno przeproszenie tych, kt\u00f3rych zawiod\u0142a, jak i wyra\u017cenie skruchy za sytuacj\u0119, w jakiej postawi\u0142a rodzin\u0119 kr\u00f3lewsk\u0105.<\/p>\n\n\n\n<p>Niekt\u00f3re tre\u015bci wiadomo\u015bci mi\u0119dzy Epsteinem a mn\u0105 nie odzwierciedlaj\u0105 osoby, jak\u0105 chcia\u0142abym by\u0107. \u017ba\u0142uj\u0119 r\u00f3wnie\u017c sytuacji, w jakiej postawi\u0142am rodzin\u0119 kr\u00f3lewsk\u0105, a zw\u0142aszcza kr\u00f3la i kr\u00f3low\u0105 &#8211; pisa\u0142a ksi\u0119\u017cna.<\/p>\n\n\n\n<p>Ksi\u0119\u017cna doda\u0142a tak\u017ce, \u017ce \u201ewykaza\u0142a si\u0119 brakiem rozs\u0105dku i \u017ca\u0142uje, \u017ce w og\u00f3le mia\u0142a kontakt z Epsteinem\u201d, cho\u0107 okoliczno\u015bci towarzysz\u0105ce ujawnieniu tej korespondencji oraz presja opinii publicznej mia\u0142y wp\u0142yw na podj\u0119cie decyzji o upublicznieniu tak mocnych s\u0142\u00f3w.<\/p>\n\n\n\n<p>To nie koniec problem\u00f3w \u2013 powa\u017cne zarzuty i przebieg sprawy<br>W cieniu medialnego zainteresowania zwi\u0105zku arystokratki z Jeffreyem Epsteinem, toczy si\u0119 inna powa\u017cna sprawa dotycz\u0105ca tej samej rodziny kr\u00f3lewskiej przyci\u0105ga uwag\u0119 opinii publicznej. Marius Borg H\u00f8iby, 29-letni syn ksi\u0119\u017cnej, stan\u0105\u0142 przed s\u0105dem w Oslo, gdzie toczy si\u0119 jego proces karny.<\/p>\n\n\n\n<p>Prokuratura w stolicy Norwegii postawi\u0142a mu \u0142\u0105cznie 32 zarzuty, w tym cztery o gwa\u0142ty, wielokrotne zn\u0119canie si\u0119 nad by\u0142\u0105 partnerk\u0105 oraz inne przest\u0119pstwa obejmuj\u0105ce przemoc i przest\u0119pstwa drogowe. Wed\u0142ug TVN24, proces rozpocz\u0105\u0142 si\u0119 w Oslo i zaplanowany jest na oko\u0142o siedem tygodni, a je\u015bli zostanie uznany winnym, H\u00f8iby mo\u017ce trafi\u0107 do wi\u0119zienia na co najmniej 10 lat.<\/p>\n\n\n\n<p>Sprawa ma swoj\u0105 histori\u0119 i rozci\u0105ga si\u0119 na kilka lat. Pierwsze doniesienia o jego problemach z prawem pojawi\u0142y si\u0119 ju\u017c wcze\u015bniej, ale obecne zarzuty dotycz\u0105 r\u00f3\u017cnych sytuacji, kt\u00f3re mia\u0142y miejsce od 2018 roku a\u017c po lata 2023\u20132024. Wed\u0142ug \u015bledczych H\u00f8iby mia\u0142 dopu\u015bci\u0107 si\u0119 gwa\u0142t\u00f3w w r\u00f3\u017cnych okoliczno\u015bciach, a tak\u017ce stosowa\u0107 przemoc fizyczn\u0105 i psychiczn\u0105 w relacjach z partnerkami. Dodatkowo podczas dochodzenia wysz\u0142y na jaw zarzuty dotycz\u0105ce m.in. nagrywania stosunk\u00f3w bez zgody kobiet, co samo w sobie jest przest\u0119pstwem naruszaj\u0105cym prywatno\u015b\u0107 i bezpiecze\u0144stwo ofiar.<\/p>\n","protected":false},"excerpt":{"rendered":"<p>Europejska monarchia znalaz\u0142a si\u0119 w centrum nowego skandalu, kt\u00f3ry ponownie wywo\u0142uje kontrowersje wok\u00f3\u0142 relacji jednego z jej cz\u0142onk\u00f3w z Jeffreyem Epsteinem. O\u015bwiadczenie o g\u0142\u0119bokim \u017calu i publiczne przeprosiny pojawi\u0142y si\u0119 po ujawnieniu obszernej korespondencji, kt\u00f3ra rzuca nowe \u015bwiat\u0142o na dawn\u0105 znajomo\u015b\u0107 i budzi pytania o os\u0105d oraz odpowiedzialno\u015b\u0107 os\u00f3b publicznych. Nieoczekiwany skandal z przesz\u0142o\u015bci: ujawnienie &#8230; <a title=\"Skandal na dworze kr\u00f3lewskim. Ksi\u0119\u017cna publicznie przeprasza. Chodzi o jej relacj\u0119 z Epsteinem\" class=\"read-more\" href=\"https:\/\/dobrezrodla.com\/?p=16327\" aria-label=\"Read more about Skandal na dworze kr\u00f3lewskim. Ksi\u0119\u017cna publicznie przeprasza. Chodzi o jej relacj\u0119 z Epsteinem\">Read more<\/a><\/p>\n","protected":false},"author":1,"featured_media":0,"comment_status":"open","ping_status":"open","sticky":false,"template":"","format":"standard","meta":{"footnotes":""},"categories":[1],"tags":[],"class_list":["post-16327","post","type-post","status-publish","format-standard","hentry","category-uncategorized"],"_links":{"self":[{"href":"https:\/\/dobrezrodla.com\/index.php?rest_route=\/wp\/v2\/posts\/16327","targetHints":{"allow":["GET"]}}],"collection":[{"href":"https:\/\/dobrezrodla.com\/index.php?rest_route=\/wp\/v2\/posts"}],"about":[{"href":"https:\/\/dobrezrodla.com\/index.php?rest_route=\/wp\/v2\/types\/post"}],"author":[{"embeddable":true,"href":"https:\/\/dobrezrodla.com\/index.php?rest_route=\/wp\/v2\/users\/1"}],"replies":[{"embeddable":true,"href":"https:\/\/dobrezrodla.com\/index.php?rest_route=%2Fwp%2Fv2%2Fcomments&post=16327"}],"version-history":[{"count":1,"href":"https:\/\/dobrezrodla.com\/index.php?rest_route=\/wp\/v2\/posts\/16327\/revisions"}],"predecessor-version":[{"id":16328,"href":"https:\/\/dobrezrodla.com\/index.php?rest_route=\/wp\/v2\/posts\/16327\/revisions\/16328"}],"wp:attachment":[{"href":"https:\/\/dobrezrodla.com\/index.php?rest_route=%2Fwp%2Fv2%2Fmedia&parent=16327"}],"wp:term":[{"taxonomy":"category","embeddable":true,"href":"https:\/\/dobrezrodla.com\/index.php?rest_route=%2Fwp%2Fv2%2Fcategories&post=16327"},{"taxonomy":"post_tag","embeddable":true,"href":"https:\/\/dobrezrodla.com\/index.php?rest_route=%2Fwp%2Fv2%2Ftags&post=16327"}],"curies":[{"name":"wp","href":"https:\/\/api.w.org\/{rel}","templated":true}]}}