{"id":16351,"date":"2026-02-07T17:11:49","date_gmt":"2026-02-07T17:11:49","guid":{"rendered":"https:\/\/dobrezrodla.com\/?p=16351"},"modified":"2026-02-07T17:11:50","modified_gmt":"2026-02-07T17:11:50","slug":"karol-nawrocki-juz-we-wloszech-nieslychane-z-kim-go-przylapali-2","status":"publish","type":"post","link":"https:\/\/dobrezrodla.com\/?p=16351","title":{"rendered":"Karol Nawrocki ju\u017c we W\u0142oszech. Nies\u0142ychane z kim go przy\u0142apali"},"content":{"rendered":"\n<p><\/p>\n\n\n\n<p>Fot. Anita Walczewska\/East News<br>W czwartek w Mediolanie dosz\u0142o do spotkania polskiego prezydenta Karola Nawrockiego z wiceprezydentem Stan\u00f3w Zjednoczonych J.D. Vance\u2019em. <\/p>\n\n\n\n<p>Rozmowy odby\u0142y si\u0119 w lu\u017anej, nieoficjalnej formule podczas bankietu olimpijskiego. W tym samym czasie pojawi\u0142y si\u0119 g\u0142o\u015bne komentarze polskich dyplomat\u00f3w dotycz\u0105ce ostatnich napi\u0119\u0107 dyplomatycznych mi\u0119dzy Warszaw\u0105 a ambasad\u0105 USA.<\/p>\n\n\n\n<p>Nieformalne rozmowy przyw\u00f3dc\u00f3w podczas bankietu olimpijskiego<br>Marcin Przydacz komentuje kontrowersje wok\u00f3\u0142 ambasadora USA i marsza\u0142ka Czarzastego<br>Ostre s\u0142owa polskiego dyplomaty pod adresem szefa Sejmu<\/p>\n\n\n\n<p><br>Nieformalne rozmowy przyw\u00f3dc\u00f3w podczas bankietu olimpijskiego<br>Spotkanie prezydenta Nawrockiego z wiceprezydentem Vance\u2019em mia\u0142o miejsce w czwartek wieczorem na bankiecie organizowanym przez prezydenta W\u0142och Sergio Mattarell\u0119 z okazji otwarcia zimowych igrzysk olimpijskich w Mediolanie i Cortinie d\u2019Ampezzo.<\/p>\n\n\n\n<p> Cho\u0107 rozmowy mia\u0142y charakter nieformalny, by\u0142y okazj\u0105 do wymiany opinii na temat bie\u017c\u0105cych relacji polsko-ameryka\u0144skich oraz wsp\u00f3\u0142pracy w obszarze bezpiecze\u0144stwa i gospodarki.<\/p>\n\n\n\n<p>Wed\u0142ug Marcina Przydacza, szefa Biura Polityki Mi\u0119dzynarodowej Prezydenta RP, rozmowa nie dotyczy\u0142a kontrowersji zwi\u0105zanych z marsza\u0142kiem Sejmu W\u0142odzimierzem Czarzastym, lecz koncentrowa\u0142a si\u0119 na strategicznych priorytetach obu pa\u0144stw. Nie ujawniono szczeg\u00f3\u0142\u00f3w dyskusji, ale podkre\u015blono wag\u0119 utrzymania p\u0142ynnych kontakt\u00f3w dyplomatycznych oraz wzmacniania sojuszu w obliczu wyzwa\u0144 mi\u0119dzynarodowych.<\/p>\n\n\n\n<p>Rozwi\u0144<br>Marcin Przydacz komentuje kontrowersje wok\u00f3\u0142 ambasadora USA i Czarzastego<br>W pi\u0105tek rano Marcin Przydacz odni\u00f3s\u0142 si\u0119 do niedawnej decyzji ambasadora USA Thomasa Rose\u2019a, kt\u00f3ry zerwa\u0142 kontakty z marsza\u0142kiem Sejmu. Dyplomata oceni\u0142 ca\u0142\u0105 sytuacj\u0119 jako \u201eabsurdaln\u0105\u201d, podkre\u015blaj\u0105c, \u017ce inicjatywa pytania Czarzastego o poparcie dla kandydatury Donalda Trumpa do Pokojowej Nagrody Nobla by\u0142a nietrafiona i niepotrzebnie podsyci\u0142a napi\u0119cia.<\/p>\n\n\n\n<p>Wed\u0142ug Przydacza marsza\u0142ek Sejmu, zamiast pozostawi\u0107 pismo bez odpowiedzi, wci\u0105gn\u0105\u0142 spraw\u0119 w polityczny dyskurs, krytykuj\u0105c prezydenta USA. To zdaniem szefa Biura Polityki Mi\u0119dzynarodowej wywo\u0142a\u0142o reakcj\u0119 ambasadora Rose\u2019a, kt\u00f3ry postrzega\u0142 takie zachowanie jako obra\u017aliwe wobec przyw\u00f3dcy jego kraju. Przydacz podkre\u015bli\u0142, \u017ce incydent by\u0142 w du\u017cej mierze wynikiem decyzji politycznej Czarzastego, a nie dzia\u0142a\u0144 strony ameryka\u0144skiej.<\/p>\n\n\n\n<p>Ulubienica Polak\u00f3w w ogniu krytyki. Internauci byli bezlito\u015bni dla jej nowego wygl\u0105du.<br>Czytaj dalej<\/p>\n\n\n\n<p>Ten sok z Dino to hit. Jest przepyszny, a dla jelit to istne zbawienie<br>Czytaj dalej<br>Ostre s\u0142owa polskiego dyplomaty pod adresem szefa Sejmu<br>Szef Biura Polityki Mi\u0119dzynarodowej nie ograniczy\u0142 si\u0119 do oceny merytorycznej, lecz skrytykowa\u0142 tak\u017ce personalnie marsza\u0142ka Sejmu. Okre\u015bli\u0142 Czarzastego mianem \u201epostkomunistycznego aparatczyka\u201d i wskaza\u0142, \u017ce jego dzia\u0142ania maj\u0105 charakter polityczny, a nie pa\u0144stwowy. Przydacz zasugerowa\u0142, \u017ce marsza\u0142ek kieruje si\u0119 raczej interesem partyjnym ni\u017c dobrem Polski, tworz\u0105c napi\u0119cie na arenie mi\u0119dzynarodowej.<\/p>\n\n\n\n<p>Dodatkowo dyplomata nawi\u0105za\u0142 do lewicowej przesz\u0142o\u015bci politycznej Czarzastego, podkre\u015blaj\u0105c symboliczne \u201eczerwone elementy\u201d w jego dzia\u0142alno\u015bci i stylu politycznym. Przydacz zaznaczy\u0142, \u017ce prawdziwa dyplomacja polega na ignorowaniu prowokacyjnych dzia\u0142a\u0144 i utrzymywaniu kontakt\u00f3w nawet z politykami, z kt\u00f3rymi nie ma zgody. Jego komentarze dodatkowo zaostrzy\u0142y napi\u0119cie mi\u0119dzy prezydenckim zapleczem a rz\u0105dem premiera Donalda Tuska, kt\u00f3ry wcze\u015bniej stan\u0105\u0142 w obronie marsza\u0142ka Sejmu.<\/p>\n","protected":false},"excerpt":{"rendered":"<p>Fot. Anita Walczewska\/East NewsW czwartek w Mediolanie dosz\u0142o do spotkania polskiego prezydenta Karola Nawrockiego z wiceprezydentem Stan\u00f3w Zjednoczonych J.D. Vance\u2019em. Rozmowy odby\u0142y si\u0119 w lu\u017anej, nieoficjalnej formule podczas bankietu olimpijskiego. W tym samym czasie pojawi\u0142y si\u0119 g\u0142o\u015bne komentarze polskich dyplomat\u00f3w dotycz\u0105ce ostatnich napi\u0119\u0107 dyplomatycznych mi\u0119dzy Warszaw\u0105 a ambasad\u0105 USA. Nieformalne rozmowy przyw\u00f3dc\u00f3w podczas bankietu olimpijskiegoMarcin &#8230; <a title=\"Karol Nawrocki ju\u017c we W\u0142oszech. Nies\u0142ychane z kim go przy\u0142apali\" class=\"read-more\" href=\"https:\/\/dobrezrodla.com\/?p=16351\" aria-label=\"Read more about Karol Nawrocki ju\u017c we W\u0142oszech. Nies\u0142ychane z kim go przy\u0142apali\">Read more<\/a><\/p>\n","protected":false},"author":1,"featured_media":0,"comment_status":"open","ping_status":"open","sticky":false,"template":"","format":"standard","meta":{"footnotes":""},"categories":[1],"tags":[],"class_list":["post-16351","post","type-post","status-publish","format-standard","hentry","category-uncategorized"],"_links":{"self":[{"href":"https:\/\/dobrezrodla.com\/index.php?rest_route=\/wp\/v2\/posts\/16351","targetHints":{"allow":["GET"]}}],"collection":[{"href":"https:\/\/dobrezrodla.com\/index.php?rest_route=\/wp\/v2\/posts"}],"about":[{"href":"https:\/\/dobrezrodla.com\/index.php?rest_route=\/wp\/v2\/types\/post"}],"author":[{"embeddable":true,"href":"https:\/\/dobrezrodla.com\/index.php?rest_route=\/wp\/v2\/users\/1"}],"replies":[{"embeddable":true,"href":"https:\/\/dobrezrodla.com\/index.php?rest_route=%2Fwp%2Fv2%2Fcomments&post=16351"}],"version-history":[{"count":1,"href":"https:\/\/dobrezrodla.com\/index.php?rest_route=\/wp\/v2\/posts\/16351\/revisions"}],"predecessor-version":[{"id":16352,"href":"https:\/\/dobrezrodla.com\/index.php?rest_route=\/wp\/v2\/posts\/16351\/revisions\/16352"}],"wp:attachment":[{"href":"https:\/\/dobrezrodla.com\/index.php?rest_route=%2Fwp%2Fv2%2Fmedia&parent=16351"}],"wp:term":[{"taxonomy":"category","embeddable":true,"href":"https:\/\/dobrezrodla.com\/index.php?rest_route=%2Fwp%2Fv2%2Fcategories&post=16351"},{"taxonomy":"post_tag","embeddable":true,"href":"https:\/\/dobrezrodla.com\/index.php?rest_route=%2Fwp%2Fv2%2Ftags&post=16351"}],"curies":[{"name":"wp","href":"https:\/\/api.w.org\/{rel}","templated":true}]}}