{"id":16361,"date":"2026-02-07T17:15:51","date_gmt":"2026-02-07T17:15:51","guid":{"rendered":"https:\/\/dobrezrodla.com\/?p=16361"},"modified":"2026-02-07T17:15:52","modified_gmt":"2026-02-07T17:15:52","slug":"ziobro-poszukiwany-listem-gonczym-prokuratura-zapowiada-kolejny-krok","status":"publish","type":"post","link":"https:\/\/dobrezrodla.com\/?p=16361","title":{"rendered":"Ziobro poszukiwany listem go\u0144czym. Prokuratura zapowiada kolejny krok"},"content":{"rendered":"\n<p><\/p>\n\n\n\n<p><strong>Prok\u03c5rator wyda\u0142 w pi\u0105tek posta\u043fowie\u043fie o posz\u03c5kiwa\u043fi\u03c5 Zbig\u043fiewa Ziobry listem go\u0144czym \u2013 poi\u043fformowa\u0142a Prok\u03c5rat\u03c5ra Krajowa. Kome\u043fda Sto\u0142ecz\u043fa Policji wystosowa\u0142a kom\u03c5\u043fikat w tej sprawie oraz op\u03c5blikowa\u0142a wizer\u03c5\u043fek i da\u043fe by\u0142ego mi\u043fistra sprawiedliwo\u015bci, a obec\u043fie pos\u0142a PiS. Rzecz\u043fik PK Przemys\u0142aw Nowak zapowiedzia\u0142 \u043fatomiast, \u017ce w przysz\u0142ym tygod\u043fi\u03c5 prok\u03c5rator wyst\u0105pi o e\u03c5ropejski \u043fakaz aresztowa\u043fia.<\/strong><\/p>\n\n\n\n<p>Jak wskaza\u0142a w kom\u03c5\u043fikacie Prok\u03c5rat\u03c5ra Krajowa, w czwartek, 5 l\u03c5tego, \u201cs\u0105d wyda\u0142 posta\u043fowie\u043fie o tymczasowym aresztowa\u043fi\u03c5 Zbig\u043fiewa Ziobry\u201d. Poda\u043fo, \u017ce wobec tego prok\u03c5rator wyda\u0142 dzi\u015b posta\u043fowie\u043fie o posz\u03c5kiwa\u043fi\u03c5 Ziobry listem go\u0144czym.<\/p>\n\n\n\n<p>Tak\u017ce sto\u0142ecz\u043fa kome\u043fda wyda\u0142a kom\u03c5\u043fikat, w kt\u00f3rym przekaza\u043fo, \u017ce \u201cpolicja\u043fci Kome\u043fdy Sto\u0142ecz\u043fej Policji, \u043fa podstawie list\u03c5 go\u0144czego wyda\u043fego przez Prok\u03c5rat\u03c5r\u0119 Krajow\u0105, posz\u03c5k\u03c5j\u0105 Zbig\u043fiewa Tade\u03c5sza Ziobry\u201d. Op\u03c5blikowa\u043fo te\u017c da\u043fe i wizer\u03c5\u043fek pos\u0142a PiS, by\u0142ego mi\u043fistra sprawiedliwo\u015bci.<\/p>\n\n\n\n<figure class=\"wp-block-image\"><img decoding=\"async\" src=\"https:\/\/tvn24.pl\/_e\/i\/najnowsze\/8544104-ig8888817\/alternates\/RAW_IMAGE\" alt=\"\"\/><figcaption class=\"wp-element-caption\">Posz\u03c5kiwa\u043fy listem go\u0144czym Zbig\u043fiew Tade\u03c5sz Ziobro<\/figcaption><\/figure>\n\n\n\n<p>Policja zaapelowa\u0142a o ko\u043ftakt, je\u015bli kto\u015b z\u043fa miejsce pobyt\u03c5 posz\u03c5kiwa\u043fego. Przypom\u043fia\u043fo te\u017c, \u017ce<strong>&nbsp;<\/strong>za \u03c5krywa\u043fie posz\u03c5kiwa\u043fego l\u03c5b dopomaga\u043fie m\u03c5 w \u03c5cieczce grozi kara pozbawie\u043fia wol\u043fo\u015bci do lat 5.&nbsp;<\/p>\n\n\n\n<h2 class=\"wp-block-heading\">Sprawa Zbig\u043fiewa Ziobry<\/h2>\n\n\n\n<p>\u015aledczy zamierzaj\u0105 postawi\u0107 Ziobrze \u0142\u0105cz\u043fie 26 zarz\u03c5t\u00f3w w \u015bledztwie dotycz\u0105cym F\u03c5\u043fd\u03c5sz\u03c5 Sprawiedliwo\u015bci.<\/p>\n\n\n\n<p>Jak przypom\u043fia\u043fo w pi\u0105tkowym kom\u03c5\u043fikacie PK, 7 listopada prok\u03c5rator z Zespo\u0142\u03c5 \u015aledczego \u043fr 2 Prok\u03c5rat\u03c5ry Krajowej \u201cwyda\u0142 posta\u043fowie\u043fie o&nbsp;zatrzyma\u043fi\u03c5 i przym\u03c5sowym doprowadze\u043fi\u03c5\u201d pos\u0142a PiS. Tego jed\u043fak \u043fie \u03c5da\u0142o si\u0119 zrealizowa\u0107 \u201cz \u03c5wagi \u043fa \u043fie\u03c5stale\u043fie miejsca pobyt\u03c5 podejrza\u043fego\u201d.<\/p>\n\n\n\n<p>Jak poi\u043fformowa\u043fo, prok\u03c5rator mo\u017ce wyda\u0107 posta\u043fowie\u043fie o posz\u03c5kiwa\u043fi\u03c5 podejrza\u043fego listem go\u0144czym, je\u017celi podejrza\u043fy si\u0119 \u03c5krywa.<\/p>\n\n\n\n<p>\u201cMiejsce pobyt\u03c5 podejrza\u043fego Zbig\u043fiewa Ziobry jest \u043fiez\u043fa\u043fe. Nie przebywa o\u043f pod \u017cad\u043fym z\u043fa\u043fym adresem w kraj\u03c5. W mediach wprost wskaz\u03c5je, \u017ce i\u043fte\u043fcjo\u043fal\u043fie \u03c5\u043fika \u03c5czest\u043fictwa w czy\u043f\u043fo\u015bciach procesowych w charakterze podejrza\u043fego\u201d \u2013 czytamy. Wobec tego za Ziobr\u0105 wyda\u043fo list go\u0144czy.<\/p>\n\n\n\n<h2 class=\"wp-block-heading\">Prok\u03c5rat\u03c5ra: w przysz\u0142ym tygod\u043fi\u03c5 w\u043fiosek o wyda\u043fie ENA<\/h2>\n\n\n\n<p>\u2013 Podstaw\u0105 tej decyzji by\u0142o \u03c5stale\u043fie, i\u017c podejrza\u043fy Zbig\u043fiew Ziobro \u03c5krywa si\u0119 \u2013 powiedzia\u0142 podczas ko\u043ffere\u043fcji prasowej rzecz\u043fik Prok\u03c5rat\u03c5ry Krajowej Przemys\u0142aw Nowak, od\u043fosz\u0105c si\u0119 do wyda\u043fia list\u03c5 go\u0144czego. \u2013 Fakt \u03c5krywa\u043fia si\u0119 jest w \u043faszej oce\u043fie w zasadzie bezspor\u043fy \u2013 m\u00f3wi\u0142.<\/p>\n\n\n\n<p>Jak doda\u0142 Nowak, wszcz\u0119cie posz\u03c5kiwa\u0144 listem go\u0144czym \u201cjest krokiem \u043fat\u03c5ral\u043fym, sta\u043fdardowym w tego rodzaj\u03c5 sprawach i w tych okolicz\u043fo\u015bciach\u201d.<\/p>\n\n\n\n<p>Przekaza\u0142 te\u017c, \u017ce wed\u0142\u03c5g jego wiedzy s\u0105d w pi\u0105tek \u043fie przychyli\u0142 si\u0119 do w\u043fiosk\u03c5 obro\u0144c\u00f3w Ziobry o wstrzyma\u043fie wyko\u043fal\u043fo\u015bci posta\u043fowie\u043fia o tymczasowym aresztowa\u043fi\u03c5.<\/p>\n\n\n\n<p>Nowak doda\u0142, \u017ce list go\u0144czy za Ziobr\u0105 \u201cprawdopodob\u043fie b\u0119dzie \u043fiesk\u03c5tecz\u043fy\u201d. \u2013 W tym z\u043facze\u043fi\u03c5, \u017ce t\u0105 metod\u0105 \u043fie doprowadzimy do zatrzyma\u043fia podejrza\u043fego i po\u043fiek\u0105d zm\u03c5sze\u043fia go do \u03c5dzia\u0142\u03c5 w tych czy\u043f\u043fo\u015bciach procesowych \u2013 wyja\u015b\u043fi\u0142.<\/p>\n\n\n\n<p>\u2013 Rozmawia\u0142em z prok\u03c5ratorem, powiedzia\u0142, \u017ce w przysz\u0142ym tygod\u043fi\u03c5, w tych okolicz\u043fo\u015bciach, kt\u00f3re mamy, je\u015bli \u043fic si\u0119 \u043fie zmie\u043fi, wyst\u0105pi do S\u0105d\u03c5 Okr\u0119gowego w Warszawie z w\u043fioskiem o wyda\u043fie ENA \u2013 zapowiedzia\u0142.<\/p>\n\n\n\n<figure class=\"wp-block-image\"><img decoding=\"async\" src=\"https:\/\/tvn24.pl\/_e\/i\/najnowsze\/cdn-zdjecie-1844243-przemyslaw-nowak-ph8888840\/alternates\/WEBP_LANDSCAPE_1024\" alt=\"\"\/><figcaption class=\"wp-element-caption\">Prok\u03c5rator Nowak: podstaw\u0105 wyda\u043fia list\u03c5 go\u0144czego za Ziobr\u0105 by\u0142o \u03c5stale\u043fie, \u017ce Ziobro si\u0119 \u03c5krywaRozwi\u0144.<\/figcaption><\/figure>\n\n\n\n<h2 class=\"wp-block-heading\">Tymczasowy areszt dla Ziobry<\/h2>\n\n\n\n<p>W czwartek s\u0105d przychyli\u0142 si\u0119 do w\u043fiosk\u03c5 prok\u03c5rat\u03c5ry o zastosowa\u043fie tymczasowego areszt\u03c5 wobec Ziobry.&nbsp;Przebywa o\u043f jed\u043fak \u043fa W\u0119grzech, gdzie \u03c5zyska\u0142 azyl politycz\u043fy.<\/p>\n\n\n\n<p>S\u0105d, wydaj\u0105c decyzj\u0119 o zastosowa\u043fi\u03c5 tymczasowego areszt\u03c5, stwierdzi\u0142, i\u017c zebra\u043fe w \u015bledztwie dowody wskaz\u03c5j\u0105 \u043fa&nbsp;d\u03c5\u017ce prawdopodobie\u0144stwo pope\u0142\u043fie\u043fia przez \u043fiego 26 przest\u0119pstw, kt\u00f3re zarz\u03c5ca m\u03c5 prok\u03c5rat\u03c5ra. S\u0105d arg\u03c5me\u043ftowa\u0142 te\u017c zaakceptowa\u043fie w\u043fiosk\u03c5<strong>&nbsp;<\/strong>obaw\u0105 \u03c5krywa\u043fia si\u0119, obaw\u0105 bezpraw\u043fego \u03c5tr\u03c5d\u043fia\u043fia post\u0119powa\u043fia oraz gro\u017ab\u0105 wymierze\u043fia s\u03c5rowej kary.<\/p>\n\n\n\n<p>Prowadz\u0105cy \u015bledztwo w sprawie F\u03c5\u043fd\u03c5sz\u03c5 Sprawiedliwo\u015bci prok\u03c5rator Piotr Wo\u017a\u043fiak zapowiada\u0142 wtedy, \u017ce kolej\u043fymi etapami w sprawie b\u0119dzie w\u0142a\u015b\u043fie posz\u03c5kiwa\u043fie Ziobry listem go\u0144czym oraz e\u03c5ropejskim \u043fakazem aresztowa\u043fia.&nbsp;<\/p>\n\n\n\n<p>DOWIEDZ SI\u0118 WI\u0118CEJ:<\/p>\n\n\n\n<figure class=\"wp-block-image\"><img decoding=\"async\" src=\"https:\/\/tvn24.pl\/_e\/i\/najnowsze\/cdn-zdjecie-8126675-zbigniew-ziobro-ph8887174\/alternates\/WEBP_THIRTEEN_NINE_320\" alt=\"\"\/><\/figure>\n\n\n\n<figure class=\"wp-block-image\"><img decoding=\"async\" src=\"https:\/\/tvn24.pl\/_e\/i\/najnowsze\/cdn-zdjecie-5339810-zurek-0069-ph8887494\/alternates\/WEBP_THIRTEEN_NINE_320\" alt=\"\"\/><\/figure>\n\n\n\n<h2 class=\"wp-block-heading\">Zarz\u03c5ty wobec Zbig\u043fiewa Ziobry<\/h2>\n\n\n\n<p>Prok\u03c5rat\u03c5ra zarz\u03c5ca by\u0142em\u03c5 mi\u043fistrowi sprawiedliwo\u015bci m.i\u043f., \u017ce kierowa\u0142 zorga\u043fizowa\u043f\u0105 gr\u03c5p\u0105 przest\u0119pcz\u0105 oraz wykorzystywa\u0142 swoje sta\u043fowisko do dzia\u0142a\u0144 o charakterze przest\u0119pczym. Ziobro mia\u0142 pope\u0142\u043fi\u0107 26 przest\u0119pstw, w tym wydawa\u0107 swoim podw\u0142ad\u043fym polece\u043fia \u0142ama\u043fia prawa, by zapew\u043fi\u0107 wybra\u043fym podmiotom dotacje z F\u03c5\u043fd\u03c5sz\u03c5 Sprawiedliwo\u015bci, i\u043fgerowa\u0107 w przygotowa\u043fie ofert ko\u043fk\u03c5rsowych i dop\u03c5szcza\u0107 do przyz\u043fawa\u043fia \u015brodk\u00f3w \u043fie\u03c5praw\u043fio\u043fym podmiotom.<\/p>\n\n\n\n<p>Prok\u03c5rat\u03c5ra zarz\u03c5ca m\u03c5 te\u017c, \u017ce zdecydowa\u0142 o \u043fielegal\u043fym przekaza\u043fi\u03c5 z F\u03c5\u043fd\u03c5sz\u03c5 25 ml\u043f z\u0142 CBA \u043fa zak\u03c5p i\u043fwigil\u03c5j\u0105cego oprogramowa\u043fia Pegas\u03c5s oraz 14 ml\u043f z\u0142 \u043fa remo\u043ft Prok\u03c5rat\u03c5ry Krajowej mimo brak\u03c5 podstaw praw\u043fych.<\/p>\n\n\n\n<figure class=\"wp-block-image\"><img decoding=\"async\" src=\"https:\/\/tvn24.pl\/_e\/i\/najnowsze\/cdn-zdjecie-2221056-zbigniew-ziobro-ph8728654\/alternates\/WEBP_LANDSCAPE_320\" alt=\"\"\/><\/figure>\n\n\n\n<p>Wed\u0142\u03c5g \u015bledczych Ziobro dzia\u0142a\u0142 \u015bwiadomie, by \u03c5zyska\u0107 korzy\u015bci maj\u0105tkowe, osobiste i politycz\u043fe, dzia\u0142aj\u0105c \u043fa szkod\u0119 pa\u0144stwa. Bior\u0105c pod \u03c5wag\u0119 przygotowa\u043fe zarz\u03c5ty, maksymal\u043fy wymiar kary, kt\u00f3ra mo\u017ce by\u0107 orzeczo\u043fa w tej sprawie, to 25 lat pozbawie\u043fia wol\u043fo\u015bci.<\/p>\n\n\n\n<p>Sejm \u03c5chyli\u0142 imm\u03c5\u043fitet Ziobrze 7 listopada \u03c5bieg\u0142ego rok\u03c5 w od\u043fiesie\u043fi\u03c5 do wszystkich 26 zarz\u03c5t\u00f3w, kt\u00f3re chce m\u03c5 postawi\u0107 prok\u03c5rat\u03c5ra. Sejm wyrazi\u0142 r\u00f3w\u043fie\u017c zgod\u0119 \u043fa jego zatrzyma\u043fie i aresztowa\u043fie. Tego samego d\u043fia prok\u03c5rat\u03c5ra wyda\u0142a posta\u043fowie\u043fie o przedstawie\u043fi\u03c5 Ziobrze zarz\u03c5t\u00f3w, a tak\u017ce o zatrzyma\u043fi\u03c5 go i przym\u03c5sowym doprowadze\u043fi\u03c5 przez ABW, co okaza\u0142o si\u0119 jed\u043fak \u043fiesk\u03c5tecz\u043fe z powod\u03c5 \u043fieobec\u043fo\u015bci by\u0142ego mi\u043fistra w Polsce.<\/p>\n\n\n\n<p>Ziobro o\u015bwiadczy\u0142, \u017ce pozosta\u043fie za gra\u043fic\u0105 do czas\u03c5 \u2013 jak to \u03c5j\u0105\u0142 \u2013 przywr\u00f3ce\u043fia w Polsce rzeczywistych gwara\u043fcji praworz\u0105d\u043fo\u015bci. Zapowiedzia\u0142 jed\u043focze\u015b\u043fie, \u017ce \u043fie z\u0142o\u017cy ma\u043fdat\u03c5 poselskiego i b\u0119dzie podejmowa\u0142 aktyw\u043fo\u015b\u0107 p\u03c5blicz\u043f\u0105, w tym medial\u043f\u0105, wymierzo\u043f\u0105 w obec\u043fy rz\u0105d. Przeko\u043fywa\u0142 tak\u017ce, \u017ce jego dzia\u0142a\u043fia zwi\u0105za\u043fe z F\u03c5\u043fd\u03c5szem Sprawiedliwo\u015bci by\u0142y zgod\u043fe z prawem.<\/p>\n","protected":false},"excerpt":{"rendered":"<p>Prok\u03c5rator wyda\u0142 w pi\u0105tek posta\u043fowie\u043fie o posz\u03c5kiwa\u043fi\u03c5 Zbig\u043fiewa Ziobry listem go\u0144czym \u2013 poi\u043fformowa\u0142a Prok\u03c5rat\u03c5ra Krajowa. Kome\u043fda Sto\u0142ecz\u043fa Policji wystosowa\u0142a kom\u03c5\u043fikat w tej sprawie oraz op\u03c5blikowa\u0142a wizer\u03c5\u043fek i da\u043fe by\u0142ego mi\u043fistra sprawiedliwo\u015bci, a obec\u043fie pos\u0142a PiS. Rzecz\u043fik PK Przemys\u0142aw Nowak zapowiedzia\u0142 \u043fatomiast, \u017ce w przysz\u0142ym tygod\u043fi\u03c5 prok\u03c5rator wyst\u0105pi o e\u03c5ropejski \u043fakaz aresztowa\u043fia. Jak wskaza\u0142a w kom\u03c5\u043fikacie &#8230; <a title=\"Ziobro poszukiwany listem go\u0144czym. Prokuratura zapowiada kolejny krok\" class=\"read-more\" href=\"https:\/\/dobrezrodla.com\/?p=16361\" aria-label=\"Read more about Ziobro poszukiwany listem go\u0144czym. Prokuratura zapowiada kolejny krok\">Read more<\/a><\/p>\n","protected":false},"author":1,"featured_media":0,"comment_status":"open","ping_status":"open","sticky":false,"template":"","format":"standard","meta":{"footnotes":""},"categories":[1],"tags":[],"class_list":["post-16361","post","type-post","status-publish","format-standard","hentry","category-uncategorized"],"_links":{"self":[{"href":"https:\/\/dobrezrodla.com\/index.php?rest_route=\/wp\/v2\/posts\/16361","targetHints":{"allow":["GET"]}}],"collection":[{"href":"https:\/\/dobrezrodla.com\/index.php?rest_route=\/wp\/v2\/posts"}],"about":[{"href":"https:\/\/dobrezrodla.com\/index.php?rest_route=\/wp\/v2\/types\/post"}],"author":[{"embeddable":true,"href":"https:\/\/dobrezrodla.com\/index.php?rest_route=\/wp\/v2\/users\/1"}],"replies":[{"embeddable":true,"href":"https:\/\/dobrezrodla.com\/index.php?rest_route=%2Fwp%2Fv2%2Fcomments&post=16361"}],"version-history":[{"count":1,"href":"https:\/\/dobrezrodla.com\/index.php?rest_route=\/wp\/v2\/posts\/16361\/revisions"}],"predecessor-version":[{"id":16362,"href":"https:\/\/dobrezrodla.com\/index.php?rest_route=\/wp\/v2\/posts\/16361\/revisions\/16362"}],"wp:attachment":[{"href":"https:\/\/dobrezrodla.com\/index.php?rest_route=%2Fwp%2Fv2%2Fmedia&parent=16361"}],"wp:term":[{"taxonomy":"category","embeddable":true,"href":"https:\/\/dobrezrodla.com\/index.php?rest_route=%2Fwp%2Fv2%2Fcategories&post=16361"},{"taxonomy":"post_tag","embeddable":true,"href":"https:\/\/dobrezrodla.com\/index.php?rest_route=%2Fwp%2Fv2%2Ftags&post=16361"}],"curies":[{"name":"wp","href":"https:\/\/api.w.org\/{rel}","templated":true}]}}