{"id":16368,"date":"2026-02-07T22:38:56","date_gmt":"2026-02-07T22:38:56","guid":{"rendered":"https:\/\/dobrezrodla.com\/?p=16368"},"modified":"2026-02-07T22:38:57","modified_gmt":"2026-02-07T22:38:57","slug":"zaprosilam-swoich-rodzicow-aby-zamieszkali-u-mnie-a-oni-zmienili-zamki-kiedy-nie-bylo-mnie-w-domu","status":"publish","type":"post","link":"https:\/\/dobrezrodla.com\/?p=16368","title":{"rendered":"Zaprosi\u0142am swoich rodzic\u00f3w, aby zamieszkali u mnie, a oni zmienili zamki, kiedy nie by\u0142o mnie w domu."},"content":{"rendered":"\n<p><\/p>\n\n\n\n<p><strong>Kiedy po raz pierwszy podj\u0119\u0142am decyzj\u0119 o zaproszeniu rodzic\u00f3w do zamieszkania ze mn\u0105, wydawa\u0142o mi si\u0119, \u017ce to w\u0142a\u015bciwy krok.<\/strong><\/p>\n\n\n\n<p>Starzej\u0105 si\u0119, a ja wiedzia\u0142am, \u017ce zawsze byli przy mnie i mnie wspierali.<\/p>\n\n\n\n<p>Wychowali mnie, opiekowali si\u0119 mn\u0105, kiedy by\u0142am chora, wspierali w trudnych momentach \u017cycia.<\/p>\n\n\n\n<p>Teraz moja kolej, aby im si\u0119 odwdzi\u0119czy\u0107.<\/p>\n\n\n\n<p>Poza tym kilka miesi\u0119cy temu kupi\u0142am dom i dzi\u0119ki dodatkowej przestrzeni wydawa\u0142o mi si\u0119, \u017ce b\u0119dzie to idealne miejsce dla nich, aby si\u0119 osiedli\u0107.<\/p>\n\n\n\n<figure class=\"wp-block-image\"><img decoding=\"async\" src=\"https:\/\/uznavator.com\/wp-content\/uploads\/2025\/07\/c6f9e7ff2daa323ac87a181658bcff8e-vosstanovleno-1-vosstanovleno-vosstanovleno-78-1024x538-1.jpg\" alt=\"Zaprosi\u0142am swoich rodzic\u00f3w, aby zamieszkali u mnie, a oni zmienili zamki, kiedy nie by\u0142o mnie w domu.\"\/><\/figure>\n\n\n\n<p>Rozmowa rozpocz\u0119\u0142a si\u0119 do\u015b\u0107 niewinnie.<\/p>\n\n\n\n<p>\u201eMia\u201d \u2013 powiedzia\u0142a mama pewnego wieczoru, jej g\u0142os by\u0142 \u0142agodny, ale z nutk\u0105 niepokoju.<\/p>\n\n\n\n<p>\u201eTw\u00f3j tata i ja zastanawiali\u015bmy si\u0119, co dalej robi\u0107. Nie chcemy by\u0107 ci\u0119\u017carem, ale\u2026\u201d. Urwa\u0142a, najwyra\u017aniej nie wiedz\u0105c, jak zada\u0107 pytanie.<\/p>\n\n\n\n<p>\u201eOczywi\u015bcie, mamo\u201d \u2013 odpowiedzia\u0142am, przerywaj\u0105c jej, zanim zd\u0105\u017cy\u0142a doko\u0144czy\u0107.<\/p>\n\n\n\n<p>\u201eNigdy nie jeste\u015bcie ci\u0119\u017carem. Mo\u017cecie si\u0119 do mnie wprowadzi\u0107, kiedy tylko chcecie. Dom jest wystarczaj\u0105co du\u017cy i ciesz\u0119 si\u0119, \u017ce oboje tu b\u0119dziecie\u201d.<\/p>\n\n\n\n<p>I tak oto plany zosta\u0142y przyj\u0119te.<\/p>\n\n\n\n<p>Moi rodzice zacz\u0119li pakowa\u0107 swoje rzeczy, a kilka tygodni p\u00f3\u017aniej mieszkali ju\u017c pod moim dachem.<\/p>\n\n\n\n<p>Na pocz\u0105tku wszystko sz\u0142o g\u0142adko.<\/p>\n\n\n\n<p>By\u0142y oczywi\u015bcie niewielkie zmiany \u2013 ich codzienna obecno\u015b\u0107 by\u0142a czym\u015b niezwyk\u0142ym.<\/p>\n\n\n\n<p>M\u00f3j tata, kt\u00f3ry zawsze wstawa\u0142 wcze\u015bnie, ka\u017cdego ranka parzy\u0142 kaw\u0119, wype\u0142niaj\u0105c dom bogatym aromatem \u015bwie\u017co mielonej kawy.<\/p>\n\n\n\n<p>Mama, zawsze zorganizowana, pomaga\u0142a mi sprz\u0105ta\u0107 lub przestawia\u0107 rzeczy, zawsze z u\u015bmiechem.<\/p>\n\n\n\n<p>Ale z czasem zacz\u0119\u0142y zachodzi\u0107 niewielkie zmiany.<\/p>\n\n\n\n<p>Wszystko zacz\u0119\u0142o si\u0119 od tego, \u017ce mama zacz\u0119\u0142a nieco zmienia\u0107 rozmieszczenie rzeczy w kuchni.<\/p>\n\n\n\n<p>Przesuwa\u0142a przedmioty \u201enieznacznie\u201d, jak sama m\u00f3wi\u0142a, aby by\u0142o wygodniej.<\/p>\n\n\n\n<p>Na pocz\u0105tku nie przeszkadza\u0142o mi to.<\/p>\n\n\n\n<p>To by\u0142 jej spos\u00f3b na poczucie si\u0119 jak w domu.<\/p>\n\n\n\n<p>Ale potem, pewnego dnia, wr\u00f3ci\u0142am do domu i odkry\u0142am, \u017ce meble w salonie zosta\u0142y ponownie przestawione.<\/p>\n\n\n\n<p>M\u00f3j tata zacz\u0105\u0142 sp\u0119dza\u0107 wi\u0119cej czasu w swoim ulubionym fotelu, godzinami ogl\u0105daj\u0105c wiadomo\u015bci.<\/p>\n\n\n\n<figure class=\"wp-block-image\"><img decoding=\"async\" src=\"https:\/\/uznavator.com\/wp-content\/uploads\/2025\/07\/2-26.jpg\" alt=\"Zaprosi\u0142am swoich rodzic\u00f3w, aby zamieszkali u mnie, a oni zmienili zamki, kiedy nie by\u0142o mnie w domu.\"\/><\/figure>\n\n\n\n<p>Na pocz\u0105tku wydawa\u0142o mi si\u0119 to urocze.<\/p>\n\n\n\n<p>W ko\u0144cu si\u0119 zadomowili, uczynili m\u00f3j dom swoim.<\/p>\n\n\n\n<p>Ale im d\u0142u\u017cej tam byli, tym bardziej zauwa\u017ca\u0142am, \u017ce zaczynaj\u0105 rz\u0105dzi\u0107 w domu w spos\u00f3b, kt\u00f3rego si\u0119 nie spodziewa\u0142am.<\/p>\n\n\n\n<p>Wtedy to si\u0119 sta\u0142o.<\/p>\n\n\n\n<p>Pewnego ranka, kiedy wsta\u0142am wcze\u015bnie do pracy, zauwa\u017cy\u0142am co\u015b dziwnego.<\/p>\n\n\n\n<p>Klucz, kt\u00f3rego u\u017cywa\u0142am do otwierania drzwi wej\u015bciowych, nie pasowa\u0142.<\/p>\n\n\n\n<p>Spr\u00f3bowa\u0142am ponownie, obracaj\u0105c go mocniej, ale nie da\u0142o si\u0119 go przekr\u0119ci\u0107.<\/p>\n\n\n\n<p>Ponownie sprawdzi\u0142am zamek, przekonana, \u017ce robi\u0119 co\u015b nie tak.<\/p>\n\n\n\n<p>Ale kiedy spojrza\u0142am na drzwi, zobaczy\u0142am nowy, b\u0142yszcz\u0105cy zamek.<\/p>\n\n\n\n<p>Zdezorientowana zapuka\u0142am do drzwi, wo\u0142aj\u0105c rodzic\u00f3w.<\/p>\n\n\n\n<p>\u201eMamo? Tato? Jeste\u015bcie w domu?\u201d<\/p>\n\n\n\n<p>Nie by\u0142o odpowiedzi.<\/p>\n\n\n\n<p>Wyj\u0119\u0142am telefon i spr\u00f3bowa\u0142am zadzwoni\u0107 do obojga.<\/p>\n\n\n\n<p>Nie by\u0142o odpowiedzi.<\/p>\n\n\n\n<p>W \u017co\u0142\u0105dku zrobi\u0142o mi si\u0119 ci\u0119\u017cko i zacz\u0119\u0142am panikowa\u0107.<\/p>\n\n\n\n<figure class=\"wp-block-image\"><img decoding=\"async\" src=\"https:\/\/uznavator.com\/wp-content\/uploads\/2025\/07\/11-14-1170x630-1.jpg\" alt=\"Zaprosi\u0142am swoich rodzic\u00f3w, aby zamieszkali u mnie, a oni zmienili zamki, kiedy nie by\u0142o mnie w domu.\"\/><\/figure>\n\n\n\n<p>Pr\u00f3bowa\u0142am wys\u0142a\u0107 im wiadomo\u015b\u0107, ale nadal bez rezultatu.<\/p>\n\n\n\n<p>Sta\u0142am tam przez kilka minut, zastanawiaj\u0105c si\u0119, czy to tylko dziwne nieporozumienie wczesnym rankiem.<\/p>\n\n\n\n<p>Ale wiedzia\u0142am, \u017ce co\u015b jest nie tak.<\/p>\n\n\n\n<p>Moi rodzice zawsze byli autorytarni, ale to nie by\u0142o to samo.<\/p>\n\n\n\n<p>To by\u0142o jak o\u015bwiadczenie.<\/p>\n\n\n\n<p>Jak granica, kt\u00f3rej nie by\u0142am gotowa zaakceptowa\u0107.<\/p>\n\n\n\n<p>W ko\u0144cu podda\u0142am si\u0119 i postanowi\u0142am i\u015b\u0107 do pracy, aby zaj\u0105\u0107 si\u0119 tym p\u00f3\u017aniej.<\/p>\n\n\n\n<p>Jednak uczucie niepokoju towarzyszy\u0142o mi przez ca\u0142y dzie\u0144.<\/p>\n\n\n\n<p>Nie mog\u0142am si\u0119 na niczym skupi\u0107, ci\u0105gle my\u015bl\u0105c o tym, co dzieje si\u0119 w domu.<\/p>\n\n\n\n<p>Czy celowo mnie zamkn\u0119li na zewn\u0105trz?<\/p>\n\n\n\n<p>Czy by\u0142a to jaka\u015b forma pasywnej agresji?<\/p>\n\n\n\n<p>Pr\u00f3bowa\u0142am si\u0119 uspokoi\u0107, przypominaj\u0105c sobie, \u017ce dzieci dorastaj\u0105 i czasami robi\u0105 rzeczy bez zastanowienia.<\/p>\n\n\n\n<p>Ale w g\u0142\u0119bi duszy wiedzia\u0142am, \u017ce co\u015b jest nie tak.<\/p>\n\n\n\n<p>Kiedy wr\u00f3ci\u0142am do domu tego wieczoru, by\u0142am wyczerpana \u2013 nie tylko prac\u0105, ale tak\u017ce emocjonaln\u0105 hu\u015btawk\u0105, na kt\u00f3rej znajdowa\u0142am si\u0119 przez ca\u0142y dzie\u0144.<\/p>\n\n\n\n<p>Podesz\u0142am do drzwi, maj\u0105c nadziej\u0119, \u017ce wbrew wszelkim oczekiwaniom zamek b\u0119dzie w porz\u0105dku.<\/p>\n\n\n\n<p>Ale nie.<\/p>\n\n\n\n<figure class=\"wp-block-image\"><img decoding=\"async\" src=\"https:\/\/uznavator.com\/wp-content\/uploads\/2025\/07\/26-3-2.jpg\" alt=\"Zaprosi\u0142am swoich rodzic\u00f3w, aby zamieszkali u mnie, a oni zmienili zamki, kiedy nie by\u0142o mnie w domu.\"\/><\/figure>\n\n\n\n<p>Nowy zamek nadal by\u0142 na swoim miejscu, jakby drwi\u0105c ze mnie.<\/p>\n\n\n\n<p>Wzi\u0119\u0142am g\u0142\u0119boki oddech i zadzwoni\u0142am do drzwi, maj\u0105c nadziej\u0119, \u017ce mnie wpuszcz\u0105.<\/p>\n\n\n\n<p>Po kilku minutach moja mama pojawi\u0142a si\u0119 w drzwiach.<\/p>\n\n\n\n<p>Spojrza\u0142a na mnie z dziwnym wyrazem twarzy \u2014 gdzie\u015b pomi\u0119dzy poczuciem winy a wyzwaniem.<\/p>\n\n\n\n<p>\u201eMia\u201d, zacz\u0119\u0142a, a jej g\u0142os by\u0142 zaskakuj\u0105co spokojny.<\/p>\n\n\n\n<p>\u201eWymienili\u015bmy zamki\u201d.<\/p>\n\n\n\n<p>Mrugn\u0119\u0142am, nie wiedz\u0105c, jak odpowiedzie\u0107.<\/p>\n\n\n\n<p>\u201eDlaczego? Dlaczego to zrobili\u015bcie?\u201d.<\/p>\n\n\n\n<p>Moja mama cofn\u0119\u0142a si\u0119, wpuszczaj\u0105c mnie do \u015brodka.<\/p>\n\n\n\n<p>\u201ePo prostu poczuli\u015bmy, \u017ce musimy ustali\u0107 pewne granice.<\/p>\n\n\n\n<p>Tak du\u017co pracujesz, a my mieszkamy tu ju\u017c od jakiego\u015b czasu. Czas, \u017ceby co\u015b si\u0119 zmieni\u0142o\u201d.<\/p>\n\n\n\n<p>Sta\u0142am tam w milczeniu.<\/p>\n\n\n\n<p>M\u00f3j umys\u0142 by\u0142 w chaosie, pr\u00f3bowa\u0142am zrozumie\u0107 jej s\u0142owa.<\/p>\n\n\n\n<p>\u201eJeste\u015b tu dopiero od kilku tygodni, mamo. Dlaczego akurat teraz?\u201d<\/p>\n\n\n\n<p>Westchn\u0119\u0142a, odwracaj\u0105c si\u0119, jakby trudno jej by\u0142o znale\u017a\u0107 odpowiednie s\u0142owa.<\/p>\n\n\n\n<p>\u201eNie jeste\u015b ju\u017c ma\u0142\u0105 dziewczynk\u0105, Mia. Nie potrzebujesz naszej opieki.<\/p>\n\n\n\n<figure class=\"wp-block-image\"><img decoding=\"async\" src=\"https:\/\/uznavator.com\/wp-content\/uploads\/2025\/07\/10-21-1.jpg\" alt=\"Zaprosi\u0142am swoich rodzic\u00f3w, aby zamieszkali u mnie, a oni zmienili zamki, kiedy nie by\u0142o mnie w domu.\"\/><\/figure>\n\n\n\n<p>Ale mieszkamy tu wystarczaj\u0105co d\u0142ugo, aby zas\u0142u\u017cy\u0107 na szacunek i przestrze\u0144.<\/p>\n\n\n\n<p>To nasz dom, tak samo jak tw\u00f3j\u201d.<\/p>\n\n\n\n<p>Te s\u0142owa uderzy\u0142y mnie jak grom z jasnego nieba.<\/p>\n\n\n\n<p>Jakby wszystko, co dla nich zrobi\u0142am, wszystko, co po\u015bwi\u0119ci\u0142am, aby pom\u00f3c im przystosowa\u0107 si\u0119 do \u017cycia ze mn\u0105, zosta\u0142o przyj\u0119te jako co\u015b oczywistego.<\/p>\n\n\n\n<p>Poczu\u0142am uk\u0142ucie zdrady i zamieszanie, ale tak\u017ce poczucie winy \u2013 czy nie by\u0142am egoistyczna, nie zdaj\u0105c sobie wcze\u015bniej sprawy z ich potrzeby autonomii?<\/p>\n\n\n\n<p>Przez nast\u0119pne kilka godzin chodzi\u0142am po domu, pr\u00f3buj\u0105c zrozumie\u0107 zmiany.<\/p>\n\n\n\n<p>Zrozumia\u0142am, \u017ce zamek by\u0142 tylko pocz\u0105tkiem.<\/p>\n\n\n\n<p>Moi rodzice zadeklarowali si\u0119 w spos\u00f3b, kt\u00f3rego nie oczekiwa\u0142am, i musia\u0142am spr\u00f3bowa\u0107 znale\u017a\u0107 r\u00f3wnowag\u0119 mi\u0119dzy szacunkiem dla ich potrzeb a moim w\u0142asnym poczuciem w\u0142asno\u015bci i kontroli nad domem.<\/p>\n\n\n\n<p>Wiedzia\u0142am, \u017ce b\u0119dziemy musieli o tym porozmawia\u0107.<\/p>\n\n\n\n<p>Ale tej nocy by\u0142am zbyt zm\u0119czona, aby zrobi\u0107 cokolwiek poza siedzeniem w ciszy i pr\u00f3b\u0105 zrozumienia nowej dynamiki w naszych relacjach.<\/p>\n\n\n\n<p>Nie chodzi\u0142o tylko o zamki \u2014 chodzi\u0142o o zmieniaj\u0105ce si\u0119 granice i zwi\u0105zane z nimi niedogodno\u015bci.<\/p>\n\n\n\n<p>Nie by\u0142a to tylko lekcja dotycz\u0105ca przestrzeni, by\u0142a to lekcja zrozumienia z\u0142o\u017cono\u015bci dynamiki rodzinnej i tego, jak nawet najlepsze intencje mog\u0105 prowadzi\u0107 do nieoczekiwanych konsekwencji.<\/p>\n\n\n\n<p>Nast\u0119pnego dnia naprawd\u0119 porozmawiali\u015bmy.<\/p>\n\n\n\n<p>Odbyli\u015bmy d\u0142ug\u0105, emocjonaln\u0105 rozmow\u0119 i doszli\u015bmy do porozumienia.<\/p>\n\n\n\n<figure class=\"wp-block-image\"><img decoding=\"async\" src=\"https:\/\/uznavator.com\/wp-content\/uploads\/2025\/07\/31-4.jpg\" alt=\"Zaprosi\u0142am swoich rodzic\u00f3w, aby zamieszkali u mnie, a oni zmienili zamki, kiedy nie by\u0142o mnie w domu.\"\/><\/figure>\n\n\n\n<p>Oni chcieli niezale\u017cno\u015bci, a ja chcia\u0142am mie\u0107 swoj\u0105 przestrze\u0144.<\/p>\n\n\n\n<p>Nie by\u0142o to \u0142atwe, ale zgodzili\u015bmy si\u0119 pracowa\u0107 nad znalezieniem r\u00f3wnowagi.<\/p>\n\n\n\n<p>Przeprowadzka moich rodzic\u00f3w by\u0142a aktem mi\u0142o\u015bci.<\/p>\n","protected":false},"excerpt":{"rendered":"<p>Kiedy po raz pierwszy podj\u0119\u0142am decyzj\u0119 o zaproszeniu rodzic\u00f3w do zamieszkania ze mn\u0105, wydawa\u0142o mi si\u0119, \u017ce to w\u0142a\u015bciwy krok. Starzej\u0105 si\u0119, a ja wiedzia\u0142am, \u017ce zawsze byli przy mnie i mnie wspierali. Wychowali mnie, opiekowali si\u0119 mn\u0105, kiedy by\u0142am chora, wspierali w trudnych momentach \u017cycia. Teraz moja kolej, aby im si\u0119 odwdzi\u0119czy\u0107. Poza tym &#8230; <a title=\"Zaprosi\u0142am swoich rodzic\u00f3w, aby zamieszkali u mnie, a oni zmienili zamki, kiedy nie by\u0142o mnie w domu.\" class=\"read-more\" href=\"https:\/\/dobrezrodla.com\/?p=16368\" aria-label=\"Read more about Zaprosi\u0142am swoich rodzic\u00f3w, aby zamieszkali u mnie, a oni zmienili zamki, kiedy nie by\u0142o mnie w domu.\">Read more<\/a><\/p>\n","protected":false},"author":1,"featured_media":0,"comment_status":"open","ping_status":"open","sticky":false,"template":"","format":"standard","meta":{"footnotes":""},"categories":[1],"tags":[],"class_list":["post-16368","post","type-post","status-publish","format-standard","hentry","category-uncategorized"],"_links":{"self":[{"href":"https:\/\/dobrezrodla.com\/index.php?rest_route=\/wp\/v2\/posts\/16368","targetHints":{"allow":["GET"]}}],"collection":[{"href":"https:\/\/dobrezrodla.com\/index.php?rest_route=\/wp\/v2\/posts"}],"about":[{"href":"https:\/\/dobrezrodla.com\/index.php?rest_route=\/wp\/v2\/types\/post"}],"author":[{"embeddable":true,"href":"https:\/\/dobrezrodla.com\/index.php?rest_route=\/wp\/v2\/users\/1"}],"replies":[{"embeddable":true,"href":"https:\/\/dobrezrodla.com\/index.php?rest_route=%2Fwp%2Fv2%2Fcomments&post=16368"}],"version-history":[{"count":1,"href":"https:\/\/dobrezrodla.com\/index.php?rest_route=\/wp\/v2\/posts\/16368\/revisions"}],"predecessor-version":[{"id":16369,"href":"https:\/\/dobrezrodla.com\/index.php?rest_route=\/wp\/v2\/posts\/16368\/revisions\/16369"}],"wp:attachment":[{"href":"https:\/\/dobrezrodla.com\/index.php?rest_route=%2Fwp%2Fv2%2Fmedia&parent=16368"}],"wp:term":[{"taxonomy":"category","embeddable":true,"href":"https:\/\/dobrezrodla.com\/index.php?rest_route=%2Fwp%2Fv2%2Fcategories&post=16368"},{"taxonomy":"post_tag","embeddable":true,"href":"https:\/\/dobrezrodla.com\/index.php?rest_route=%2Fwp%2Fv2%2Ftags&post=16368"}],"curies":[{"name":"wp","href":"https:\/\/api.w.org\/{rel}","templated":true}]}}