{"id":16378,"date":"2026-02-07T22:41:41","date_gmt":"2026-02-07T22:41:41","guid":{"rendered":"https:\/\/dobrezrodla.com\/?p=16378"},"modified":"2026-02-07T22:41:41","modified_gmt":"2026-02-07T22:41:41","slug":"polska-zwroci-sie-do-usa-ws-skandalu-poprosi-o-tajne-akta-360news","status":"publish","type":"post","link":"https:\/\/dobrezrodla.com\/?p=16378","title":{"rendered":"Polska zwr\u00f3ci si\u0119 do\u00a0USA ws. skandalu. Poprosi o\u00a0tajne akta \u2013 360News"},"content":{"rendered":"\n<p><\/p>\n\n\n\n<p>Prokurator generalny i minister sprawiedliwo\u015bci Waldemar \u017burek poinformowa\u0142, \u017ce koordynowany przez niego zesp\u00f3\u0142 ds. tzw. afery Epsteina b\u0119dzie musia\u0142 zwr\u00f3ci\u0107 si\u0119 do Stan\u00f3w Zjednoczonych o udost\u0119pnienie pe\u0142nej, r\u00f3wnie\u017c nieujawnionej dot\u0105d, dokumentacji dotycz\u0105cej sprawy.<\/p>\n\n\n\n<figure class=\"wp-block-image\"><img decoding=\"async\" src=\"https:\/\/v.wpimg.pl\/YzQ1MTRjdhswUztnfRF7DnMLbz07SHVYJBN3dn1TakwpBH9jfQwwFjRDKCQ9RD4IJEEsIyJEKRZ-UD09fRxoVTVYPiQ-CyBVNFwvMTZFbEJpUC9mNlx0HGEFKHlmWD8YfFB6N2tHPR8zBy5gZ1ttGWIHbyk\" alt=\"Zesp\u00f3\u0142 \u017burka zwr\u00f3ci si\u0119 o akta do USA\"\/><\/figure>\n\n\n\n<h2 class=\"wp-block-heading\" id=\"title-605428607837683922\">Najwa\u017cniejsze informacje:<\/h2>\n\n\n\n<ul class=\"wp-block-list\">\n<li><strong>Zesp\u00f3\u0142 koordynowany przez Waldemara \u017burka wyst\u0105pi do USA o\u00a0nieujawnione dot\u0105d akta w\u00a0sprawie Jeffreya Epsteina.<\/strong><\/li>\n\n\n\n<li><strong>W sk\u0142adzie znajd\u0105 si\u0119 prokuratorzy oraz funkcjonariusze s\u0142u\u017cb i\u00a0policji; pe\u0142na lista ma by\u0107 og\u0142oszona w\u00a0przysz\u0142ym tygodniu.<\/strong><\/li>\n\n\n\n<li><strong>Analizie poddane b\u0119d\u0105 polskie w\u0105tki, w\u00a0tym mo\u017cliwy werbunek kobiet w\u00a0Polsce oraz w\u0105tki os\u00f3b wsp\u00f3\u0142pracuj\u0105cych z\u00a0Epsteinem.<\/strong><\/li>\n<\/ul>\n\n\n\n<p>\u2013 Na pewno b\u0119dziemy musieli wyst\u0105pi\u0107 do Stan\u00f3w Zjednoczonych o&nbsp;udost\u0119pnienie dokumentacji, kt\u00f3ra nie zosta\u0142a ujawniona \u2013&nbsp;zapowiedzia\u0142 \u017burek, pytany podczas pi\u0105tkowej konferencji o&nbsp;przysz\u0142\u0105 prac\u0119 zespo\u0142u. Najpierw jednak \u2013&nbsp;doda\u0142 \u2013&nbsp;zesp\u00f3\u0142 analizowa\u0107 b\u0119dzie dost\u0119pny ju\u017c materia\u0142.<\/p>\n\n\n\n<p>\u2013 Wiemy, \u017ce \u2013&nbsp;jak wskazuj\u0105 dzisiaj media \u2013&nbsp;<strong>osoby numer 2&nbsp;i&nbsp;3&nbsp;w&nbsp;samym sztabie Epsteina, to byli Polacy&nbsp;<\/strong>\u2013 zauwa\u017cy\u0142 \u017burek, odnosz\u0105c si\u0119 do informacji, \u017ce dwoje Polak\u00f3w przez lata pracowa\u0142o u&nbsp;boku finansisty. \u2013&nbsp;Mamy wreszcie \u015blady, \u017ce ten werbunek kobiet, by\u0107 mo\u017ce tak\u017ce nieletnich, odbywa\u0142 si\u0119 w&nbsp;Polsce \u2013&nbsp;doda\u0142.<\/p>\n\n\n\n<p>Podkre\u015bli\u0142, \u017ce zesp\u00f3\u0142 b\u0119dzie mia\u0142a zadania analityczne i&nbsp;\u015bledcze, kt\u00f3re najprawdopodobniej b\u0119d\u0105 musia\u0142y zosta\u0107 rozdzielone.<\/p>\n\n\n\n<p>Dlaczego Tusk wszed\u0142 w temat akt Epsteina? Znamy kulisy decyzji szefa rz\u0105du<\/p>\n\n\n\n<p>Szef MS pe\u0142en sk\u0142ad zespo\u0142u zamierza og\u0142osi\u0107 w&nbsp;przysz\u0142ym tygodniu. W&nbsp;jego sk\u0142ad wejd\u0105 prokuratorzy oraz funkcjonariusze s\u0142u\u017cb i&nbsp;policji.<\/p>\n\n\n\n<p>Zapytany, czy zesp\u00f3\u0142 zamierza podj\u0105\u0107 wsp\u00f3\u0142prac\u0119 z&nbsp;powo\u0142anymi ju\u017c przez inne kraje komisjami ds. afery Epsteina, odpar\u0142, \u017ce my\u015bli, i\u017c \u201cna pewno polska komisja(\u2026) b\u0119dzie tak\u0105 wsp\u00f3\u0142prac\u0119 podejmowa\u0107\u201d. \u2013&nbsp;Ale my mamy do wykonania bardzo du\u017co pracy tutaj \u2013&nbsp;zaznaczy\u0142.<\/p>\n\n\n\n<h2 class=\"wp-block-heading\" id=\"title-605428607838142674\">Zesp\u00f3\u0142 ds. Epsteina<\/h2>\n\n\n\n<p>Pod koniec stycznia ameryka\u0144skie ministerstwo sprawiedliwo\u015bci opublikowa\u0142o oko\u0142o 3&nbsp;mln stron dokument\u00f3w z&nbsp;akt spraw dotycz\u0105cych ameryka\u0144skiego finansisty i&nbsp;przest\u0119pcy seksualnego Jeffreya Epsteina. Zawieraj\u0105 one m.in. korespondencj\u0119 Epsteina z&nbsp;prominentnymi osobami z&nbsp;r\u00f3\u017cnych pa\u0144stw, w&nbsp;tym z&nbsp;politykami, albo wzmianki o&nbsp;nich. Epstein zosta\u0142 w&nbsp;2008 r. skazany przez s\u0105d stanowy na Florydzie za wykorzystywanie seksualne nieletnich. W&nbsp;2019 r. prokuratura federalna postawi\u0142a mu zarzuty handlu nieletnimi w&nbsp;celu wykorzystywania seksualnego. W&nbsp;tym samym roku zmar\u0142 w&nbsp;areszcie.<\/p>\n\n\n\n<p>Decyzj\u0119 o&nbsp;utworzeniu zespo\u0142u, kt\u00f3ry ma zaj\u0105\u0107 si\u0119 polskimi w\u0105tkami afery Epsteina og\u0142osi\u0142 we wtorek premier Donald Tusk. Szef rz\u0105du powiedzia\u0142 wtedy, \u017ce&nbsp;<strong>zesp\u00f3\u0142 zbada m.in. ewentualne przypadki wykorzystania dzieci, a&nbsp;tak\u017ce podnoszon\u0105 przez ekspert\u00f3w kwesti\u0119 zaanga\u017cowania rosyjskich s\u0142u\u017cb.<\/strong><\/p>\n\n\n\n<p>4 nazwiska Polak\u00f3w w aktach Epsteina. Co wiemy?<\/p>\n\n\n\n<p>Minister \u017burek zapowiedzia\u0142 wtedy, \u017ce zesp\u00f3\u0142 analityczny b\u0119dzie chcia\u0142 dowiedzie\u0107 si\u0119 m.in., jakie osoby mog\u0142y potencjalnie bra\u0107 udzia\u0142 w&nbsp;procederze, czy by\u0142y do niego werbowane r\u00f3wnie\u017c Polki i&nbsp;czy by\u0142y to osoby pe\u0142noletnie. Szef MS zaznaczy\u0142, \u017ce rozmawia\u0142 ju\u017c z&nbsp;ministrem, koordynatorem s\u0142u\u017cb specjalnych Tomaszem Siemoniakiem i&nbsp;ministrem spraw wewn\u0119trznych i&nbsp;administracji Marcinem Kierwi\u0144skim, z&nbsp;kt\u00f3rymi wsp\u00f3\u0142pracuje przy koordynacji zespo\u0142u.<\/p>\n\n\n\n<p>W korespondencji Epsteina kilkakrotnie pojawiaj\u0105 si\u0119 kobiety z&nbsp;Polski. Ujawnione dokumenty sugeruj\u0105, \u017ce&nbsp;<strong>szczeg\u00f3lnie intensywne zwi\u0105zki mia\u0142 z&nbsp;jedn\u0105 z&nbsp;polskich modelek, kt\u00f3rej wielokrotnie oferowa\u0142 rady dotycz\u0105ce rozwijania kariery, i&nbsp;z&nbsp;kt\u00f3r\u0105 dyskutowa\u0142 o&nbsp;polityce.<\/strong>&nbsp;W\u015br\u00f3d udost\u0119pnionych dokument\u00f3w pojawia si\u0119 r\u00f3wnie\u017c wzmianka o&nbsp;spotkaniu z&nbsp;by\u0142ym tenisist\u0105 Wojciechem Fibakiem.<\/p>\n","protected":false},"excerpt":{"rendered":"<p>Prokurator generalny i minister sprawiedliwo\u015bci Waldemar \u017burek poinformowa\u0142, \u017ce koordynowany przez niego zesp\u00f3\u0142 ds. tzw. afery Epsteina b\u0119dzie musia\u0142 zwr\u00f3ci\u0107 si\u0119 do Stan\u00f3w Zjednoczonych o udost\u0119pnienie pe\u0142nej, r\u00f3wnie\u017c nieujawnionej dot\u0105d, dokumentacji dotycz\u0105cej sprawy. Najwa\u017cniejsze informacje: \u2013 Na pewno b\u0119dziemy musieli wyst\u0105pi\u0107 do Stan\u00f3w Zjednoczonych o&nbsp;udost\u0119pnienie dokumentacji, kt\u00f3ra nie zosta\u0142a ujawniona \u2013&nbsp;zapowiedzia\u0142 \u017burek, pytany podczas pi\u0105tkowej &#8230; <a title=\"Polska zwr\u00f3ci si\u0119 do\u00a0USA ws. skandalu. Poprosi o\u00a0tajne akta \u2013 360News\" class=\"read-more\" href=\"https:\/\/dobrezrodla.com\/?p=16378\" aria-label=\"Read more about Polska zwr\u00f3ci si\u0119 do\u00a0USA ws. skandalu. Poprosi o\u00a0tajne akta \u2013 360News\">Read more<\/a><\/p>\n","protected":false},"author":1,"featured_media":0,"comment_status":"open","ping_status":"open","sticky":false,"template":"","format":"standard","meta":{"footnotes":""},"categories":[1],"tags":[],"class_list":["post-16378","post","type-post","status-publish","format-standard","hentry","category-uncategorized"],"_links":{"self":[{"href":"https:\/\/dobrezrodla.com\/index.php?rest_route=\/wp\/v2\/posts\/16378","targetHints":{"allow":["GET"]}}],"collection":[{"href":"https:\/\/dobrezrodla.com\/index.php?rest_route=\/wp\/v2\/posts"}],"about":[{"href":"https:\/\/dobrezrodla.com\/index.php?rest_route=\/wp\/v2\/types\/post"}],"author":[{"embeddable":true,"href":"https:\/\/dobrezrodla.com\/index.php?rest_route=\/wp\/v2\/users\/1"}],"replies":[{"embeddable":true,"href":"https:\/\/dobrezrodla.com\/index.php?rest_route=%2Fwp%2Fv2%2Fcomments&post=16378"}],"version-history":[{"count":1,"href":"https:\/\/dobrezrodla.com\/index.php?rest_route=\/wp\/v2\/posts\/16378\/revisions"}],"predecessor-version":[{"id":16379,"href":"https:\/\/dobrezrodla.com\/index.php?rest_route=\/wp\/v2\/posts\/16378\/revisions\/16379"}],"wp:attachment":[{"href":"https:\/\/dobrezrodla.com\/index.php?rest_route=%2Fwp%2Fv2%2Fmedia&parent=16378"}],"wp:term":[{"taxonomy":"category","embeddable":true,"href":"https:\/\/dobrezrodla.com\/index.php?rest_route=%2Fwp%2Fv2%2Fcategories&post=16378"},{"taxonomy":"post_tag","embeddable":true,"href":"https:\/\/dobrezrodla.com\/index.php?rest_route=%2Fwp%2Fv2%2Ftags&post=16378"}],"curies":[{"name":"wp","href":"https:\/\/api.w.org\/{rel}","templated":true}]}}