{"id":16383,"date":"2026-02-08T09:03:55","date_gmt":"2026-02-08T09:03:55","guid":{"rendered":"https:\/\/dobrezrodla.com\/?p=16383"},"modified":"2026-02-08T09:03:56","modified_gmt":"2026-02-08T09:03:56","slug":"tak-zareagowal-nawrocki-gdy-zobaczyl-polakow-na-otwarcie-io-nagranie-obieglo-swiat","status":"publish","type":"post","link":"https:\/\/dobrezrodla.com\/?p=16383","title":{"rendered":"Tak zareagowa\u0142 Nawrocki, gdy zobaczy\u0142 Polak\u00f3w na otwarcie IO. Nagranie obieg\u0142o \u015bwiat"},"content":{"rendered":"\n<p><\/p>\n\n\n\n<p>Ceremonia otwarcia zimowych igrzysk olimpijskich w Mediolanie przynios\u0142a wiele emocji i moment\u00f3w, o kt\u00f3rych m\u00f3wi dzi\u015b ca\u0142a Europa.<\/p>\n\n\n\n<p>W centrum uwagi znale\u017ali si\u0119 nie tylko sportowcy, ale tak\u017ce wa\u017cni go\u015bcie z ca\u0142ego \u015bwiata. W\u015br\u00f3d nich by\u0142 prezydent Polski, kt\u00f3rego aktywno\u015b\u0107 szybko odbi\u0142a si\u0119 szerokim echem w mediach.<\/p>\n\n\n\n<p>Niebywa\u0142e, co zrobi\u0142 Karol Nawrocki, gdy zobaczy\u0142 polskich olimpijczyk\u00f3w.<\/p>\n\n\n\n<p>Polscy olimpijczycy zachwycili \u015bwiat podczas ceremonii otwarcia<br>Wizyta prezydenta Nawrockiego w Mediolanie. Sport i dyplomacja<br>Nagranie prezydenta z trybun. Wyra\u017any sygna\u0142 wsparcia dla kadry<br>Polscy olimpijczycy zachwycili \u015bwiat podczas ceremonii otwarcia<\/p>\n\n\n\n<p><br>Uroczysta inauguracja XXV Zimowych Igrzysk Olimpijskich w Mediolanie i Cortinie d\u2019Ampezzo by\u0142a widowiskiem na ogromn\u0105 skal\u0119, transmitowanym do setek milion\u00f3w widz\u00f3w na ca\u0142ym \u015bwiecie. W\u015br\u00f3d barwnego pochodu reprezentacji narodowych szczeg\u00f3lne zainteresowanie wzbudzi\u0142a polska dru\u017cyna. Jej pojawienie si\u0119 na murawie stadionu San Siro wywo\u0142a\u0142o entuzjastyczne reakcje zar\u00f3wno w\u015br\u00f3d kibic\u00f3w zgromadzonych na trybunach, jak i w mediach spo\u0142eczno\u015bciowych.<\/p>\n\n\n\n<p>Polscy sportowcy postawili na oryginalno\u015b\u0107, energi\u0119 i widoczn\u0105 rado\u015b\u0107 z udzia\u0142u w igrzyskach. Cho\u0107 nie ujawniono szczeg\u00f3\u0142\u00f3w dotycz\u0105cych przygotowa\u0144 do ich wyst\u0119pu, internauci i komentatorzy zgodnie podkre\u015blali, \u017ce reprezentacja Polski wyr\u00f3\u017cnia\u0142a si\u0119 na tle innych ekip. Kr\u00f3tkie nagrania z ich wej\u015bcia b\u0142yskawicznie zacz\u0119\u0142y kr\u0105\u017cy\u0107 w sieci, zdobywaj\u0105c setki tysi\u0119cy ods\u0142on i komentarzy.<\/p>\n\n\n\n<p>Eksperci zauwa\u017caj\u0105, \u017ce takie momenty maj\u0105 ogromne znaczenie wizerunkowe. Ceremonia otwarcia to nie tylko symboliczny pocz\u0105tek sportowej rywalizacji, ale tak\u017ce okazja do pokazania narodowej to\u017csamo\u015bci, kreatywno\u015bci i jedno\u015bci zespo\u0142u. W tym kontek\u015bcie wyst\u0119p Polak\u00f3w zosta\u0142 odebrany jako bardzo udany i pozytywnie wp\u0142ywaj\u0105cy na odbi\u00f3r ca\u0142ej reprezentacji.<\/p>\n\n\n\n<p>https:\/\/platform.twitter.com\/embed\/Tweet.html?dnt=false&#038;embedId=twitter-widget-0&#038;features=eyJ0ZndfdGltZWxpbmVfbGlzdCI6eyJidWNrZXQiOltdLCJ2ZXJzaW9uIjpudWxsfSwidGZ3X2ZvbGxvd2VyX2NvdW50X3N1bnNldCI6eyJidWNrZXQiOnRydWUsInZlcnNpb24iOm51bGx9LCJ0ZndfdHdlZXRfZWRpdF9iYWNrZW5kIjp7ImJ1Y2tldCI6Im9uIiwidmVyc2lvbiI6bnVsbH0sInRmd19yZWZzcmNfc2Vzc2lvbiI6eyJidWNrZXQiOiJvbiIsInZlcnNpb24iOm51bGx9LCJ0ZndfZm9zbnJfc29mdF9pbnRlcnZlbnRpb25zX2VuYWJsZWQiOnsiYnVja2V0Ijoib24iLCJ2ZXJzaW9uIjpudWxsfSwidGZ3X21peGVkX21lZGlhXzE1ODk3Ijp7ImJ1Y2tldCI6InRyZWF0bWVudCIsInZlcnNpb24iOm51bGx9LCJ0ZndfZXhwZXJpbWVudHNfY29va2llX2V4cGlyYXRpb24iOnsiYnVja2V0IjoxMjA5NjAwLCJ2ZXJzaW9uIjpudWxsfSwidGZ3X3Nob3dfYmlyZHdhdGNoX3Bpdm90c19lbmFibGVkIjp7ImJ1Y2tldCI6Im9uIiwidmVyc2lvbiI6bnVsbH0sInRmd19kdXBsaWNhdGVfc2NyaWJlc190b19zZXR0aW5ncyI6eyJidWNrZXQiOiJvbiIsInZlcnNpb24iOm51bGx9LCJ0ZndfdXNlX3Byb2ZpbGVfaW1hZ2Vfc2hhcGVfZW5hYmxlZCI6eyJidWNrZXQiOiJvbiIsInZlcnNpb24iOm51bGx9LCJ0ZndfdmlkZW9faGxzX2R5bmFtaWNfbWFuaWZlc3RzXzE1MDgyIjp7ImJ1Y2tldCI6InRydWVfYml0cmF0ZSIsInZlcnNpb24iOm51bGx9LCJ0ZndfbGVnYWN5X3RpbWVsaW5lX3N1bnNldCI6eyJidWNrZXQiOnRydWUsInZlcnNpb24iOm51bGx9LCJ0ZndfdHdlZXRfZWRpdF9mcm9udGVuZCI6eyJidWNrZXQiOiJvbiIsInZlcnNpb24iOm51bGx9fQ%3D%3D&#038;frame=false&#038;hideCard=false&#038;hideThread=false&#038;id=2019911361107734668&#038;lang=ru&#038;maxWidth=560px&#038;origin=https%3A%2F%2Fcentral.biz.ua%2F%3Fp%3D8901&#038;sessionId=86b54cad9a6f19ecc670852090ff66de98728227&#038;theme=light&#038;widgetsVersion=2615f7e52b7e0%3A1702314776716&#038;width=550px<\/p>\n\n\n\n<p>Wizyta prezydenta Nawrockiego w Mediolanie. Sport i dyplomacja<br>Prezydent Karol Nawrocki przyby\u0142 do Mediolanu w pi\u0105tek, jeszcze przed rozpocz\u0119ciem ceremonii otwarcia igrzysk. Jego wizyta mia\u0142a charakter nie tylko sportowy, ale r\u00f3wnie\u017c oficjalny i dyplomatyczny. Jednym z kluczowych punkt\u00f3w programu by\u0142o spotkanie z premier W\u0142och Giorgi\u0105 Meloni, do kt\u00f3rego dosz\u0142o w siedzibie mediola\u0144skiej prefektury.<\/p>\n\n\n\n<p>Rozmowy dotyczy\u0142y m.in. relacji dwustronnych, wsp\u00f3\u0142pracy w ramach Unii Europejskiej oraz aktualnych wyzwa\u0144 politycznych i gospodarczych. Obecno\u015b\u0107 prezydenta Polski na igrzyskach zosta\u0142a odebrana jako wyra\u017any sygna\u0142 zaanga\u017cowania kraju w mi\u0119dzynarodowe wydarzenia o globalnym znaczeniu.<\/p>\n\n\n\n<p>Po cz\u0119\u015bci oficjalnej Karol Nawrocki uda\u0142 si\u0119 na stadion San Siro, gdzie z trybun obserwowa\u0142 ceremoni\u0119 otwarcia w towarzystwie kilkunastu innych przyw\u00f3dc\u00f3w pa\u0144stw i szef\u00f3w rz\u0105d\u00f3w. Takie wydarzenia, cho\u0107 osadzone w sportowym kontek\u015bcie, cz\u0119sto staj\u0105 si\u0119 przestrzeni\u0105 do nieformalnych rozm\u00f3w i budowania relacji mi\u0119dzynarodowych. Wed\u0142ug \u017ar\u00f3de\u0142 dyplomatycznych prezydent mia\u0142 okazj\u0119 do kr\u00f3tkich, kuluarowych rozm\u00f3w z innymi liderami, co dodatkowo podkre\u015bla rang\u0119 jego obecno\u015bci w Mediolanie.<\/p>\n\n\n\n<p>Nagranie prezydenta z trybun. Wyra\u017any sygna\u0142 wsparcia dla kadry<br>W trakcie ceremonii otwarcia prezydent Nawrocki by\u0142 aktywny r\u00f3wnie\u017c w mediach spo\u0142eczno\u015bciowych. Na swoim oficjalnym profilu na platformie X opublikowa\u0142 kr\u00f3tkie nagranie, w kt\u00f3rym zwr\u00f3ci\u0142 si\u0119 bezpo\u015brednio do polskich sportowc\u00f3w. Film zosta\u0142 zarejestrowany na trybunach stadionu i szybko zyska\u0142 popularno\u015b\u0107 w\u015br\u00f3d internaut\u00f3w.<\/p>\n\n\n\n<p>W swoim wpisie prezydent za\u0142\u0105czy\u0142 jedynie nagranie i bia\u0142o-czerwon\u0105 flag\u0119, daj\u0105c jasno do zrozumienia, \u017ce ca\u0142y kraj trzyma kciuki za Bia\u0142o-Czerwonych. Tego typu gesty, cho\u0107 symboliczne, maj\u0105 du\u017ce znaczenie dla zawodnik\u00f3w rozpoczynaj\u0105cych olimpijsk\u0105 rywalizacj\u0119. Obecno\u015b\u0107 g\u0142owy pa\u0144stwa na trybunach oraz publiczne okazanie wsparcia cz\u0119sto s\u0105 postrzegane jako dodatkowy impuls motywacyjny.<\/p>\n\n\n\n<p>Zimowe Igrzyska Olimpijskie w Mediolanie i Cortinie d\u2019Ampezzo potrwaj\u0105 do 22 lutego. Przez ponad dwa tygodnie polscy sportowcy b\u0119d\u0105 rywalizowa\u0107 w wielu dyscyplinach, walcz\u0105c o jak najlepsze wyniki i medale. Zainteresowanie ceremoni\u0105 otwarcia oraz reakcje na aktywno\u015b\u0107 prezydenta pokazuj\u0105, \u017ce emocje wok\u00f3\u0142 wyst\u0119pu polskiej reprezentacji s\u0105 wyj\u0105tkowo du\u017ce jeszcze przed rozpocz\u0119ciem w\u0142a\u015bciwej rywalizacji sportowej.<\/p>\n","protected":false},"excerpt":{"rendered":"<p>Ceremonia otwarcia zimowych igrzysk olimpijskich w Mediolanie przynios\u0142a wiele emocji i moment\u00f3w, o kt\u00f3rych m\u00f3wi dzi\u015b ca\u0142a Europa. W centrum uwagi znale\u017ali si\u0119 nie tylko sportowcy, ale tak\u017ce wa\u017cni go\u015bcie z ca\u0142ego \u015bwiata. W\u015br\u00f3d nich by\u0142 prezydent Polski, kt\u00f3rego aktywno\u015b\u0107 szybko odbi\u0142a si\u0119 szerokim echem w mediach. Niebywa\u0142e, co zrobi\u0142 Karol Nawrocki, gdy zobaczy\u0142 polskich &#8230; <a title=\"Tak zareagowa\u0142 Nawrocki, gdy zobaczy\u0142 Polak\u00f3w na otwarcie IO. Nagranie obieg\u0142o \u015bwiat\" class=\"read-more\" href=\"https:\/\/dobrezrodla.com\/?p=16383\" aria-label=\"Read more about Tak zareagowa\u0142 Nawrocki, gdy zobaczy\u0142 Polak\u00f3w na otwarcie IO. Nagranie obieg\u0142o \u015bwiat\">Read more<\/a><\/p>\n","protected":false},"author":1,"featured_media":0,"comment_status":"open","ping_status":"open","sticky":false,"template":"","format":"standard","meta":{"footnotes":""},"categories":[1],"tags":[],"class_list":["post-16383","post","type-post","status-publish","format-standard","hentry","category-uncategorized"],"_links":{"self":[{"href":"https:\/\/dobrezrodla.com\/index.php?rest_route=\/wp\/v2\/posts\/16383","targetHints":{"allow":["GET"]}}],"collection":[{"href":"https:\/\/dobrezrodla.com\/index.php?rest_route=\/wp\/v2\/posts"}],"about":[{"href":"https:\/\/dobrezrodla.com\/index.php?rest_route=\/wp\/v2\/types\/post"}],"author":[{"embeddable":true,"href":"https:\/\/dobrezrodla.com\/index.php?rest_route=\/wp\/v2\/users\/1"}],"replies":[{"embeddable":true,"href":"https:\/\/dobrezrodla.com\/index.php?rest_route=%2Fwp%2Fv2%2Fcomments&post=16383"}],"version-history":[{"count":1,"href":"https:\/\/dobrezrodla.com\/index.php?rest_route=\/wp\/v2\/posts\/16383\/revisions"}],"predecessor-version":[{"id":16384,"href":"https:\/\/dobrezrodla.com\/index.php?rest_route=\/wp\/v2\/posts\/16383\/revisions\/16384"}],"wp:attachment":[{"href":"https:\/\/dobrezrodla.com\/index.php?rest_route=%2Fwp%2Fv2%2Fmedia&parent=16383"}],"wp:term":[{"taxonomy":"category","embeddable":true,"href":"https:\/\/dobrezrodla.com\/index.php?rest_route=%2Fwp%2Fv2%2Fcategories&post=16383"},{"taxonomy":"post_tag","embeddable":true,"href":"https:\/\/dobrezrodla.com\/index.php?rest_route=%2Fwp%2Fv2%2Ftags&post=16383"}],"curies":[{"name":"wp","href":"https:\/\/api.w.org\/{rel}","templated":true}]}}