{"id":16391,"date":"2026-02-08T09:06:51","date_gmt":"2026-02-08T09:06:51","guid":{"rendered":"https:\/\/dobrezrodla.com\/?p=16391"},"modified":"2026-02-08T09:06:52","modified_gmt":"2026-02-08T09:06:52","slug":"gen-polko-krytykuje-nawrockiego-zrozumialby-czym-jest-honor","status":"publish","type":"post","link":"https:\/\/dobrezrodla.com\/?p=16391","title":{"rendered":"Gen. Polko krytykuje Nawrockiego. \u201cZrozumia\u0142by, czym jest honor\u201d"},"content":{"rendered":"\n<p><\/p>\n\n\n\n<p>By\u0142y dow\u00f3dca GROM gen. Roman Polko oceni\u0142 w Radiu ZET, \u017ce prezydent Karol Nawrocki powinien domaga\u0107 si\u0119 przeprosin dla polskich \u017co\u0142nierzy po s\u0142owach Donalda Trumpa i aktywnie stan\u0105\u0107 w ich obronie.<\/p>\n\n\n\n<h2 class=\"wp-block-heading\" id=\"title-605234403207483238\">Najwa\u017cniejsze informacje:<\/h2>\n\n\n\n<ul class=\"wp-block-list\">\n<li>Gen. Roman Polko skrytykowa\u0142 prezydenta Karola Nawrockiego za brak reakcji na\u00a0<strong>s\u0142owa Donalda Trumpa o\u00a0\u017co\u0142nierzach NATO w\u00a0Afganistanie<\/strong>.<\/li>\n\n\n\n<li>Polko stwierdzi\u0142, \u017ce g\u0142owa pa\u0144stwa ma wi\u0119cej czasu dla kibic\u00f3w, a\u00a0powinien si\u0119 spotka\u0107 z\u00a0weteranami. Zdaniem genera\u0142a, Nawrocki powinien wyst\u0119powa\u0107 w\u00a0obronie \u017co\u0142nierzy i\u00a0domaga\u0107 si\u0119 przeprosin od Trumpa.<\/li>\n\n\n\n<li>Prezydent USA stwierdzi\u0142, \u017ce \u017co\u0142nierze kraj\u00f3w NATO, czyli r\u00f3wnie\u017c Polski, co prawda walczyli w\u00a0Afganistanie czy gdzie indziej na Bliskim Wschodzie, ale \u201ctrzymali si\u0119 z\u00a0ty\u0142u, z\u00a0dala od linii frontu\u201d.<\/li>\n<\/ul>\n\n\n\n<p>W programie \u201cGo\u015b\u0107 Radia ZET\u201d&nbsp;<strong>gen. Roman Polko skomentowa\u0142<\/strong>&nbsp;reakcj\u0119 w\u0142adz na skandaliczne s\u0142owa Donalda Trumpa o&nbsp;wk\u0142adzie \u017co\u0142nierzy NATO w&nbsp;wojn\u0119 w&nbsp;Afganistanie. By\u0142y dow\u00f3dca GROM podkre\u015bli\u0142, \u017ce \u201cnie szanuje Trumpa, kt\u00f3ry obra\u017ca polskich weteran\u00f3w\u201d i&nbsp;jednocze\u015bnie partner\u00f3w NATO oraz nie wierzy, \u017ce dojdzie do przeprosin wobec polskich \u017co\u0142nierzy. Podkre\u015bli\u0142, \u017ce oczekuje zdecydowanej postawy g\u0142owy pa\u0144stwa w&nbsp;tej sprawie.<\/p>\n\n\n\n<h2 class=\"wp-block-heading\" id=\"title-7251040887788097\">Na myjni bez samochodu. M\u0119\u017cczyzna przy\u0142apany. Pokazali nagranie<\/h2>\n\n\n\n<h2 class=\"wp-block-heading\" id=\"title-605237537224593254\">Polko bije w Nawrockiego<\/h2>\n\n\n\n<p>Zapytany, czy wci\u0105\u017c liczy, \u017ce prezydent Karol Nawrocki postara si\u0119 wymusi\u0107 na Trumpie przeprosiny polskich \u017co\u0142nierzy, by\u0142y dow\u00f3dca GROM powiedzia\u0142:<\/p>\n\n\n\n<p>\u2013 No to ju\u017c te\u017c nie licz\u0119, bo widz\u0119, \u017ce&nbsp;<strong>prezydent Nawrocki znajduje du\u017co czasu dla kibic\u00f3w, a&nbsp;nawet z&nbsp;weteranami si\u0119 nie spotka\u0142<\/strong>. By\u0107 mo\u017ce, gdyby si\u0119 spotka\u0142 z&nbsp;nimi, porozmawia\u0142, to zrozumia\u0142by, czym jest honor, poczucie godno\u015bci i&nbsp;troska o&nbsp;rodziny tych, kt\u00f3rzy polegli w&nbsp;tych misjach. \u017be to s\u0142owo \u201cprzepraszam\u201d od prezydenta Trumpa si\u0119 nale\u017cy \u2013&nbsp;powiedzia\u0142 gen. Polko w&nbsp;rozmowie z&nbsp;Radiem ZET.<\/p>\n\n\n\n<p>Gen. Polko zwr\u00f3ci\u0142 uwag\u0119 na rol\u0119 prezydenta jako zwierzchnika si\u0142 zbrojnych: \u2013&nbsp;Ma obowi\u0105zek zabiega\u0107, pilnowa\u0107 i&nbsp;\u201cby\u0107 murem za mundurem\u201d, a&nbsp;nie tylko u\u017cywa\u0107 tego jako bezwarto\u015bciowy frazes \u2013&nbsp;m\u00f3wi\u0142.<\/p>\n\n\n\n<p>Polko wskaza\u0142, \u017ce od Nawrockiego oczekiwa\u0142by takiego wyst\u0105pienia, jak&nbsp;<strong>premier W\u0142och Giorgii Meloni<\/strong>, kt\u00f3ra \u201cmia\u0142a odwag\u0119 powiedzie\u0107 swojemu przyjacielowi Trumpowi: mylisz si\u0119\u201d.<\/p>\n","protected":false},"excerpt":{"rendered":"<p>By\u0142y dow\u00f3dca GROM gen. Roman Polko oceni\u0142 w Radiu ZET, \u017ce prezydent Karol Nawrocki powinien domaga\u0107 si\u0119 przeprosin dla polskich \u017co\u0142nierzy po s\u0142owach Donalda Trumpa i aktywnie stan\u0105\u0107 w ich obronie. Najwa\u017cniejsze informacje: W programie \u201cGo\u015b\u0107 Radia ZET\u201d&nbsp;gen. Roman Polko skomentowa\u0142&nbsp;reakcj\u0119 w\u0142adz na skandaliczne s\u0142owa Donalda Trumpa o&nbsp;wk\u0142adzie \u017co\u0142nierzy NATO w&nbsp;wojn\u0119 w&nbsp;Afganistanie. By\u0142y dow\u00f3dca GROM &#8230; <a title=\"Gen. Polko krytykuje Nawrockiego. \u201cZrozumia\u0142by, czym jest honor\u201d\" class=\"read-more\" href=\"https:\/\/dobrezrodla.com\/?p=16391\" aria-label=\"Read more about Gen. Polko krytykuje Nawrockiego. \u201cZrozumia\u0142by, czym jest honor\u201d\">Read more<\/a><\/p>\n","protected":false},"author":1,"featured_media":0,"comment_status":"open","ping_status":"open","sticky":false,"template":"","format":"standard","meta":{"footnotes":""},"categories":[1],"tags":[],"class_list":["post-16391","post","type-post","status-publish","format-standard","hentry","category-uncategorized"],"_links":{"self":[{"href":"https:\/\/dobrezrodla.com\/index.php?rest_route=\/wp\/v2\/posts\/16391","targetHints":{"allow":["GET"]}}],"collection":[{"href":"https:\/\/dobrezrodla.com\/index.php?rest_route=\/wp\/v2\/posts"}],"about":[{"href":"https:\/\/dobrezrodla.com\/index.php?rest_route=\/wp\/v2\/types\/post"}],"author":[{"embeddable":true,"href":"https:\/\/dobrezrodla.com\/index.php?rest_route=\/wp\/v2\/users\/1"}],"replies":[{"embeddable":true,"href":"https:\/\/dobrezrodla.com\/index.php?rest_route=%2Fwp%2Fv2%2Fcomments&post=16391"}],"version-history":[{"count":1,"href":"https:\/\/dobrezrodla.com\/index.php?rest_route=\/wp\/v2\/posts\/16391\/revisions"}],"predecessor-version":[{"id":16392,"href":"https:\/\/dobrezrodla.com\/index.php?rest_route=\/wp\/v2\/posts\/16391\/revisions\/16392"}],"wp:attachment":[{"href":"https:\/\/dobrezrodla.com\/index.php?rest_route=%2Fwp%2Fv2%2Fmedia&parent=16391"}],"wp:term":[{"taxonomy":"category","embeddable":true,"href":"https:\/\/dobrezrodla.com\/index.php?rest_route=%2Fwp%2Fv2%2Fcategories&post=16391"},{"taxonomy":"post_tag","embeddable":true,"href":"https:\/\/dobrezrodla.com\/index.php?rest_route=%2Fwp%2Fv2%2Ftags&post=16391"}],"curies":[{"name":"wp","href":"https:\/\/api.w.org\/{rel}","templated":true}]}}