{"id":16397,"date":"2026-02-08T09:09:18","date_gmt":"2026-02-08T09:09:18","guid":{"rendered":"https:\/\/dobrezrodla.com\/?p=16397"},"modified":"2026-02-08T09:09:19","modified_gmt":"2026-02-08T09:09:19","slug":"polska-gwiazda-na-liscie-epsteina-w-kraju-zna-ja-kazdy-fani-nie-moga-w-to-uwierzyc","status":"publish","type":"post","link":"https:\/\/dobrezrodla.com\/?p=16397","title":{"rendered":"Polska gwiazda na li\u015bcie Epsteina! W kraju zna j\u0105 ka\u017cdy, fani nie mog\u0105 w to uwierzy\u0107"},"content":{"rendered":"\n<p><\/p>\n\n\n\n<p>Polska celebrytka, znana z wyst\u0119p\u00f3w w show-biznesie i modelingowej kariery w USA, trafi\u0142a do niedawno ujawnionych akt Jeffreya Epsteina. Jej nazwisko pojawi\u0142o si\u0119 w korespondencji miliardera, co wywo\u0142a\u0142o burz\u0119 spekulacji, cho\u0107 nie ma dowod\u00f3w na jakiekolwiek powi\u0105zania z jego przest\u0119pcz\u0105 dzia\u0142alno\u015bci\u0105.<\/p>\n\n\n\n<h2 class=\"wp-block-heading\">Czym s\u0105 akta Epsteina i dlaczego wywo\u0142uj\u0105 \u015bwiatowy rezonans?<\/h2>\n\n\n\n<p>Gigantyczny zbi\u00f3r dokument\u00f3w dotycz\u0105cych Jeffreya Epsteina zosta\u0142 niedawno upubliczniony przez ameryka\u0144ski Departament Sprawiedliwo\u015bci. Materia\u0142y obejmuj\u0105 e-maile, listy, notatki oraz inne dowody zebrane przez lata w ramach \u015bledztw przeciwko finansi\u015bcie, oskar\u017conemu o powa\u017cne przest\u0119pstwa seksualne, handel lud\u017ami i wykorzystywanie nieletnich, kt\u00f3ry zmar\u0142 w 2019 roku. Dokumenty powsta\u0142y podczas licznych post\u0119powa\u0144 s\u0105dowych w USA i zawieraj\u0105 zar\u00f3wno elementy oficjalnych dochodze\u0144, jak i prywatn\u0105 korespondencj\u0119 z jego skrzynki mailowej. Ich ujawnienie to rezultat wieloletnich nacisk\u00f3w medi\u00f3w i opinii publicznej domagaj\u0105cej si\u0119 przejrzysto\u015bci w sprawie wp\u0142ywowych os\u00f3b ze \u015bwiata polityki, biznesu i rozrywki.<\/p>\n\n\n\n<p>Dzi\u0119ki ogromnej obj\u0119to\u015bci tych danych \u2013 si\u0119gaj\u0105cej milion\u00f3w stron, w tym nagra\u0144 wideo i zdj\u0119\u0107 \u2013 akta Epsteina sta\u0142y si\u0119 jednym z najgor\u0119tszych temat\u00f3w medialnych na \u015bwiecie. Ukazuj\u0105 one powi\u0105zania miliardera z celebrytami, politykami i biznesmenami, a tak\u017ce szczeg\u00f3\u0142y kontakt\u00f3w z jego sieci\u0105. Samo pojawienie si\u0119 nazwiska w dokumentach budzi kontrowersje i spekulacje, nawet je\u015bli jest to tylko jednorazowa wzmianka.<\/p>\n\n\n\n<figure class=\"wp-block-image\"><img decoding=\"async\" src=\"https:\/\/bystragrazyna.pl\/wp-content\/uploads\/2026\/02\/76.jpg\" alt=\"obrazek\"\/><\/figure>\n\n\n\n<p>Eksperci prawni podkre\u015blaj\u0105 jednak, \u017ce obecno\u015b\u0107 czyjego\u015b nazwiska w aktach nie oznacza winy ani podstawy do zarzut\u00f3w. Dokumenty zawieraj\u0105 r\u00f3\u017cnorodne zapisy \u2013 od relacji osobistych i zawodowych po listy wydarze\u0144 czy notatki \u2013 gdzie nazwisko mog\u0142o pojawi\u0107 si\u0119 przypadkowo.<\/p>\n\n\n\n<h2 class=\"wp-block-heading\">Pojawienie si\u0119 polskiej gwiazdy w aktach \u2013 kto znalaz\u0142 si\u0119 na li\u015bcie?<\/h2>\n\n\n\n<p>W\u015br\u00f3d ujawnionych materia\u0142\u00f3w znalaz\u0142a si\u0119 Joanna Krupa, ikona polskiego modelingu, znana z kariery w USA i programu \u201eTop Model\u201d. Jej nazwisko pojawia si\u0119 w e-mailu Epsteina w kontek\u015bcie chwalenia si\u0119 znajomo\u015bciami z pi\u0119knymi modelkami lub rozwa\u017ca\u0144 o zaproszeniu jej na wysp\u0119 Little St. James. Wzmianka jest kr\u00f3tka i nie wskazuje na osobiste kontakty ani udzia\u0142 w prywatnych wydarzeniach miliardera.<\/p>\n\n\n\n<p>Ta notka spowodowa\u0142a pojawienie si\u0119 nazwiska Krupy w publicznych dokumentach, co wywo\u0142a\u0142o fal\u0119 dyskusji w Polsce. W aktach wymienia si\u0119 te\u017c inne polskie nazwiska, jak Anna Jagodzi\u0144ska, Alex Przetakiewicz czy Karolina Szymczak, g\u0142\u00f3wnie w kontek\u015bcie bran\u017cy mody i event\u00f3w. \u017badne z nich nie wi\u0105\u017ce si\u0119 z dowodami na g\u0142\u0119bsze powi\u0105zania z Epsteinem czy jego przest\u0119pstwami.<\/p>\n\n\n\n<h2 class=\"wp-block-heading\">Reakcja gwiazdy \u2013 oficjalne stanowisko Joanny Krupy<\/h2>\n\n\n\n<p>Joanna Krupa szybko odnios\u0142a si\u0119 do doniesie\u0144 w rozmowie z Plejad\u0105, zaprzeczaj\u0105c jakimkolwiek relacjom z Epsteinem. Podkre\u015bli\u0142a, \u017ce informacja o jej nazwisku jest dla niej szokuj\u0105ca i depresyjna, a czyny finansisty uwa\u017ca za ohydne.<\/p>\n\n\n\n<p>Modelka wyja\u015bni\u0142a, \u017ce mog\u0142a ewentualnie spotka\u0107 Epsteina przelotnie na eventach w USA, co jest typowe w bran\u017cy, ale nigdy nie utrzymywa\u0142a z nim kontakt\u00f3w. Nazwisko pojawi\u0142o si\u0119 jedynie jako wzmianka w gigantycznych aktach, w\u015br\u00f3d wielkich gwiazd.<\/p>\n\n\n\n<blockquote class=\"wp-block-quote is-layout-flow wp-block-quote-is-layout-flow\">\n<p>Widocznie jestem bardzo znan\u0105 osob\u0105, skoro moje imi\u0119 tam by\u0142o. Na tej li\u015bcie s\u0105 wielkie gwiazdy. \u017benada. Przyznam si\u0119, dla mnie to jest depresyjne, \u017ce takie rzeczy si\u0119 dzia\u0142y i ci\u0119\u017cko mi jest si\u0119 wypowiedzie\u0107, bo dla mnie to jest co\u015b ohydnego. Wszyscy, kt\u00f3rzy mieli z t\u0105 spraw\u0105 do czynienia, mam nadziej\u0119, \u017ce spotka ich naprawd\u0119 ogromna kara.<\/p>\n<\/blockquote>\n\n\n\n<p>Krupa stanowczo dystansuje si\u0119 od sprawy, pot\u0119piaj\u0105c dzia\u0142ania Epsteina i jego kr\u0119gu. Jej o\u015bwiadczenie ma na celu rozwianie spekulacji \u2013 obecno\u015b\u0107 w dokumentach nie \u015bwiadczy o winie ani udziale w skandalu.<\/p>\n","protected":false},"excerpt":{"rendered":"<p>Polska celebrytka, znana z wyst\u0119p\u00f3w w show-biznesie i modelingowej kariery w USA, trafi\u0142a do niedawno ujawnionych akt Jeffreya Epsteina. Jej nazwisko pojawi\u0142o si\u0119 w korespondencji miliardera, co wywo\u0142a\u0142o burz\u0119 spekulacji, cho\u0107 nie ma dowod\u00f3w na jakiekolwiek powi\u0105zania z jego przest\u0119pcz\u0105 dzia\u0142alno\u015bci\u0105. Czym s\u0105 akta Epsteina i dlaczego wywo\u0142uj\u0105 \u015bwiatowy rezonans? Gigantyczny zbi\u00f3r dokument\u00f3w dotycz\u0105cych Jeffreya &#8230; <a title=\"Polska gwiazda na li\u015bcie Epsteina! W kraju zna j\u0105 ka\u017cdy, fani nie mog\u0105 w to uwierzy\u0107\" class=\"read-more\" href=\"https:\/\/dobrezrodla.com\/?p=16397\" aria-label=\"Read more about Polska gwiazda na li\u015bcie Epsteina! W kraju zna j\u0105 ka\u017cdy, fani nie mog\u0105 w to uwierzy\u0107\">Read more<\/a><\/p>\n","protected":false},"author":1,"featured_media":0,"comment_status":"open","ping_status":"open","sticky":false,"template":"","format":"standard","meta":{"footnotes":""},"categories":[1],"tags":[],"class_list":["post-16397","post","type-post","status-publish","format-standard","hentry","category-uncategorized"],"_links":{"self":[{"href":"https:\/\/dobrezrodla.com\/index.php?rest_route=\/wp\/v2\/posts\/16397","targetHints":{"allow":["GET"]}}],"collection":[{"href":"https:\/\/dobrezrodla.com\/index.php?rest_route=\/wp\/v2\/posts"}],"about":[{"href":"https:\/\/dobrezrodla.com\/index.php?rest_route=\/wp\/v2\/types\/post"}],"author":[{"embeddable":true,"href":"https:\/\/dobrezrodla.com\/index.php?rest_route=\/wp\/v2\/users\/1"}],"replies":[{"embeddable":true,"href":"https:\/\/dobrezrodla.com\/index.php?rest_route=%2Fwp%2Fv2%2Fcomments&post=16397"}],"version-history":[{"count":1,"href":"https:\/\/dobrezrodla.com\/index.php?rest_route=\/wp\/v2\/posts\/16397\/revisions"}],"predecessor-version":[{"id":16398,"href":"https:\/\/dobrezrodla.com\/index.php?rest_route=\/wp\/v2\/posts\/16397\/revisions\/16398"}],"wp:attachment":[{"href":"https:\/\/dobrezrodla.com\/index.php?rest_route=%2Fwp%2Fv2%2Fmedia&parent=16397"}],"wp:term":[{"taxonomy":"category","embeddable":true,"href":"https:\/\/dobrezrodla.com\/index.php?rest_route=%2Fwp%2Fv2%2Fcategories&post=16397"},{"taxonomy":"post_tag","embeddable":true,"href":"https:\/\/dobrezrodla.com\/index.php?rest_route=%2Fwp%2Fv2%2Ftags&post=16397"}],"curies":[{"name":"wp","href":"https:\/\/api.w.org\/{rel}","templated":true}]}}