{"id":16408,"date":"2026-02-08T13:11:35","date_gmt":"2026-02-08T13:11:35","guid":{"rendered":"https:\/\/dobrezrodla.com\/?p=16408"},"modified":"2026-02-08T13:11:36","modified_gmt":"2026-02-08T13:11:36","slug":"krzysztof-galos-skatowany-w-rosji-na-smierc-bili-go-bo-byl-polakiem","status":"publish","type":"post","link":"https:\/\/dobrezrodla.com\/?p=16408","title":{"rendered":"Krzysztof Galos skatowany w Rosji na \u015bmier\u0107. &#8220;Bili go, bo by\u0142 Polakiem&#8221;"},"content":{"rendered":"\n<p>O tym, \u017ce prawdopodobnie dosz\u0142o do \u015bmierci Polaka w areszcie \u015bledczym numer 2 w Taganrogu w obwodzie rostowskim, poinformowa\u0142a w grudniu &#8220;Gazeta Wyborcza&#8221;. Ani polskie MSZ, ani rodzina nie otrzyma\u0142y \u017cadnych informacji na ten temat od strony rosyjskiej.<\/p>\n\n\n\n<p>Ukrai\u0144scy dziennikarze z portalu Slidstvo. Info dotarli do czterech by\u0142ych je\u0144c\u00f3w z armii Ukrainy, kt\u00f3rzy byli przetrzymywani w tym samym wi\u0119zieniu w Taganrogu. Dotarli te\u017c do tre\u015bci odpowiedzi Interpolu, udzielonej ukrai\u0144skiej policji &#8211; ten potwierdza \u017ce &#8220;akt zgonu zosta\u0142 wystawiony przez Urz\u0105d Stanu Cywilnego w obwodzie rostowskim&#8221;.<\/p>\n\n\n\n<p>Wedle ustale\u0144 ukrai\u0144skich dziennikarzy Polak przyjecha\u0142 do obwodu zaporoskiego w celach turystycznych wiosn\u0105 2023 roku. Nast\u0119pnie pojecha\u0142 dalej, cho\u0107 zakazano mu tego, ze wzgl\u0119du na niebezpiecze\u0144stwo. W ko\u0144cu dosta\u0142 si\u0119 do niewoli Rosjan.<\/p>\n\n\n\n<p>Zakatowali go na \u015bmier\u0107, bo by\u0142 Polakiem<br>W areszcie \u015bledczym nr 2 w Taganrogu Rosjanie katuj\u0105cy Polaka bardzo si\u0119 cieszyli, \u017ce dorwali go w swoje r\u0119c\u0119. &#8220;Lach! K\u2026a!&#8221; &#8211; s\u0142yszeli je\u0144cy. S\u0142ycha\u0107 by\u0142o odg\u0142osy nieludzkiego bicia. Bili go silniej ni\u017c innych, i z powod\u00f3w etnicznych, tak m\u00f3wi jeden z je\u0144c\u00f3w.<\/p>\n\n\n\n<p>&#8220;Wy nast\u0119pni&#8221; &#8211; m\u00f3wili Polakowi Rosjanie, pilnuj\u0105cy wi\u0119\u017ani\u00f3w w wi\u0119zieniu w Taganrogu. &#8220;Wy\u015bcie tam oszaleli w swojej Europie&#8221; &#8211; wo\u0142ali. I jak wspomina by\u0142y jeniec Andrij, gro\u017aby pada\u0142y, gdy bito pojmanego. Do tego m\u0119\u017cczyzna nie rozumia\u0142 rosyjskiego, kazano mu si\u0119 uczy\u0107 hymnu Federacji Rosyjskiej. I nie wierzono, \u017ce nie zna tego j\u0119zyka, cho\u0107 najwyra\u017aniej naprawd\u0119 go nie zna\u0142 &#8211; m\u00f3wi jeden ze \u015bwiadk\u00f3w.<\/p>\n\n\n\n<p>Jeden z by\u0142ych je\u0144c\u00f3w opisuje te\u017c tortury, kt\u00f3re stosowano wobec wi\u0119\u017ani\u00f3w, to na przyk\u0142ad rozci\u0105ganie n\u00f3g do szpagatu, gdy cz\u0142owiek wisi na roz\u0142o\u017conych r\u0119kach. Wiadomo te\u017c, \u017ce gdy pan Krzysztof w \u0142a\u017ani przewr\u00f3ci\u0142 si\u0119 i rozbi\u0142 g\u0142ow\u0119, wezwano pomoc medyczn\u0105. Gdy lekarz obwi\u0105zywa\u0142 g\u0142ow\u0119, grupa Rosjan pracuj\u0105cych w wi\u0119zieniu dodatkowo zn\u0119ca\u0142a si\u0119 nad pojmanym i \u015bmia\u0142a si\u0119 z niego.<\/p>\n\n\n\n<p>Co dzia\u0142o si\u0119 dalej? To opowiedzieli innym je\u0144com koledzy pana Krzysztofa z celi. Pewnego dnia, gdy specnaz Rosji bi\u0142 osadzonych z jego celi, Polak zosta\u0142 bardzo mocno skatowany, uderzany po nogach. Jak opowiadaj\u0105 Ukrai\u0144cy, to cz\u0119sta praktyka Rosjan, bo wtedy krew odp\u0142ywa do miejsca, gdzie s\u0105 urazy. M\u0119\u017cczy\u017anie zrobi\u0142o si\u0119 s\u0142abo. A kilka dni potem przy \u015bniadaniu nie m\u00f3g\u0142 siedzie\u0107, chodzi\u0107. Powiedzieli mu: &#8220;Chocia\u017c troch\u0119 zjedz&#8221;. Wzi\u0105\u0142 \u0142y\u017ck\u0119, w\u0142o\u017cy\u0142 j\u0105 do ust i kasza si\u0119 wyla\u0142a. Zacz\u0119\u0142a mu ciekn\u0105\u0107 \u015blina. Straci\u0142 przytomno\u015b\u0107. Zacz\u0119li wo\u0142a\u0107 o pomoc. M\u00f3wili, \u017ce kiedy go wynie\u015bli z celi, jego cia\u0142o ju\u017c zaczyna\u0142o sztywnie\u0107&#8221; &#8211; opowiada jeden z je\u0144c\u00f3w. Ostatni raz widzieli go w lipcu 2023 roku.<\/p>\n\n\n\n<ul class=\"wp-block-list\">\n<li>Po tym zdarzeniu Krzysztof nie wr\u00f3ci\u0142 ju\u017c do celi. Wieczorem stra\u017cnicy wi\u0119zienni przyszli do jego wsp\u00f3\u0142wi\u0119\u017ani\u00f3w i zmusili ich do podpisania dokumentu stwierdzaj\u0105cego, \u017ce \u015bmier\u0107 Krzysztofa by\u0142a naturalna &#8211; czytamy.<\/li>\n<\/ul>\n\n\n\n<p>Jak Krzysztof Galos trafi\u0142 do rosyjskiego wi\u0119zienia?<br>M\u0119\u017cczyzna mia\u0142 przyjecha\u0107 na Ukrain\u0119 czarnym fordem w kwietniu 2023 roku przez przej\u015bcie Krakowiec. 20 kwietnia zosta\u0142 zatrzymany przez ukrai\u0144skich \u017co\u0142nierzy na posterunku kontrolnym we wsi Hryhoriwka w obwodzie zaporoskim. Wyja\u015bnili mu, \u017ce dalsza jazda jest niebezpieczna, ale mia\u0142 t\u0142umaczy\u0107, \u017ce chce odwiedzi\u0107 dziewczyn\u0119 w Enerhodarze. Zosta\u0142 zawr\u00f3cony, ale wida\u0107 znalaz\u0142 inny spos\u00f3b, by dotrze\u0107 na okupowane terytoria.<\/p>\n\n\n\n<p>Slidstvo Info zauwa\u017ca, \u017ce w sierpniu 2023 r. tzw. gubernator okupowanej cz\u0119\u015bci obwodu zaporoskiego Jewhenij Ba\u0142ycki wspomnia\u0142 w rosyjskiej telewizji o przypadku, w kt\u00f3rym okupanci pojmali Polaka. M\u00f3wi\u0142, \u017ce jest turyst\u0105. &#8211; Wytrzyma\u0142 dzie\u0144, potem zacz\u0119li\u015bmy go naciska\u0107, a on powiedzia\u0142, \u017ce wcale nie jest turyst\u0105 i wszystko dok\u0142adnie nam opowiedzia\u0142 &#8211; oznajmi\u0142.<\/p>\n\n\n\n<p>Jak czytamy, Krzysztof Galos by\u0142 pracownikiem poczty w Krakowie. Wbrew niekt\u00f3rym wcze\u015bniejszym spekulacjom, nie mia\u0142 prorosyjskich pogl\u0105d\u00f3w. Przeciwnie, fotografowa\u0142 si\u0119 z ukrai\u0144skimi wojskowymi. Cz\u0119\u015bci os\u00f3b m\u00f3wi\u0142, \u017ce zamierza przekona\u0107 si\u0119 na w\u0142asne oczy, co dzieje si\u0119 w Ukrainie. Nied\u0142ugo przed wyjazdem zamie\u015bci\u0142 na portalu spo\u0142eczno\u015bciowym film, relacj\u0119 z wizyty prezydenta Ukrainy Wo\u0142odymyra Ze\u0142enskiego w Polsce.<\/p>\n\n\n\n<p>Odpowied\u017a Interpolu<br>Co ciekawe, Slidstvo Info dotar\u0142o do odpowiedzi przys\u0142anej na pro\u015bb\u0119 ukrai\u0144skiej policji ws. \u015bmierci Krztysztofa Galosa przez polskie biuro Interpolu. &#8220;Strona polska zwr\u00f3ci\u0142a si\u0119 z zapytaniem do w\u0142a\u015bciwych organ\u00f3w Federacji Rosyjskiej. W odpowiedzi stwierdzono, \u017ce akt zgonu zosta\u0142 wystawiony przez Urz\u0105d Stanu Cywilnego w obwodzie rostowskim, ale obecnie nie ma \u017cadnych kopii aktu ani informacji o miejscu znajdowania si\u0119 zw\u0142ok&#8221;.<\/p>\n\n\n\n<p>Wi\u0119zienie w Taganrogu ze z\u0142\u0105 s\u0142aw\u0105<br>Areszt nr 2 w Taganrgou to wi\u0119zienie, w kt\u00f3rym zam\u0119czono m.in. dziennikark\u0119 ukrai\u0144sk\u0105 Wiktori\u0119 Roszczyn\u0119. Pojmano j\u0105 na terenach okupowanych, gdzie przebywa\u0142a, by opisywa\u0107 losy tamtejszej ludno\u015bci. Jej cia\u0142o oddano podczas jednej z wymian bez ga\u0142ek ocznych, tchawicy i m\u00f3zgu, w worku z fa\u0142szywym opisem.<\/p>\n\n\n\n<p>Jak czytamy, od 2022 roku aresztem \u015bledczym w Taganrogu kieruje Aleksandr Sztoda. W 2023 roku Aleksander mia\u0142 czterech zast\u0119pc\u00f3w: Andrieja Sapickiego, Andrieja Michajliczenk\u0119, Aleksieja Szarapaniuka i Aleksandra Kliujkowa.<\/p>\n","protected":false},"excerpt":{"rendered":"<p>O tym, \u017ce prawdopodobnie dosz\u0142o do \u015bmierci Polaka w areszcie \u015bledczym numer 2 w Taganrogu w obwodzie rostowskim, poinformowa\u0142a w grudniu &#8220;Gazeta Wyborcza&#8221;. Ani polskie MSZ, ani rodzina nie otrzyma\u0142y \u017cadnych informacji na ten temat od strony rosyjskiej. Ukrai\u0144scy dziennikarze z portalu Slidstvo. Info dotarli do czterech by\u0142ych je\u0144c\u00f3w z armii Ukrainy, kt\u00f3rzy byli przetrzymywani &#8230; <a title=\"Krzysztof Galos skatowany w Rosji na \u015bmier\u0107. &#8220;Bili go, bo by\u0142 Polakiem&#8221;\" class=\"read-more\" href=\"https:\/\/dobrezrodla.com\/?p=16408\" aria-label=\"Read more about Krzysztof Galos skatowany w Rosji na \u015bmier\u0107. &#8220;Bili go, bo by\u0142 Polakiem&#8221;\">Read more<\/a><\/p>\n","protected":false},"author":1,"featured_media":0,"comment_status":"open","ping_status":"open","sticky":false,"template":"","format":"standard","meta":{"footnotes":""},"categories":[1],"tags":[],"class_list":["post-16408","post","type-post","status-publish","format-standard","hentry","category-uncategorized"],"_links":{"self":[{"href":"https:\/\/dobrezrodla.com\/index.php?rest_route=\/wp\/v2\/posts\/16408","targetHints":{"allow":["GET"]}}],"collection":[{"href":"https:\/\/dobrezrodla.com\/index.php?rest_route=\/wp\/v2\/posts"}],"about":[{"href":"https:\/\/dobrezrodla.com\/index.php?rest_route=\/wp\/v2\/types\/post"}],"author":[{"embeddable":true,"href":"https:\/\/dobrezrodla.com\/index.php?rest_route=\/wp\/v2\/users\/1"}],"replies":[{"embeddable":true,"href":"https:\/\/dobrezrodla.com\/index.php?rest_route=%2Fwp%2Fv2%2Fcomments&post=16408"}],"version-history":[{"count":1,"href":"https:\/\/dobrezrodla.com\/index.php?rest_route=\/wp\/v2\/posts\/16408\/revisions"}],"predecessor-version":[{"id":16409,"href":"https:\/\/dobrezrodla.com\/index.php?rest_route=\/wp\/v2\/posts\/16408\/revisions\/16409"}],"wp:attachment":[{"href":"https:\/\/dobrezrodla.com\/index.php?rest_route=%2Fwp%2Fv2%2Fmedia&parent=16408"}],"wp:term":[{"taxonomy":"category","embeddable":true,"href":"https:\/\/dobrezrodla.com\/index.php?rest_route=%2Fwp%2Fv2%2Fcategories&post=16408"},{"taxonomy":"post_tag","embeddable":true,"href":"https:\/\/dobrezrodla.com\/index.php?rest_route=%2Fwp%2Fv2%2Ftags&post=16408"}],"curies":[{"name":"wp","href":"https:\/\/api.w.org\/{rel}","templated":true}]}}