{"id":16429,"date":"2026-02-08T19:45:39","date_gmt":"2026-02-08T19:45:39","guid":{"rendered":"https:\/\/dobrezrodla.com\/?p=16429"},"modified":"2026-02-08T19:45:40","modified_gmt":"2026-02-08T19:45:40","slug":"jan-pawel-ii-w-aktach-epsteina-zdjecie-z-papiezem-to-nie-wszystko-polacy-przecieraja-oczy-ze-zdumienia","status":"publish","type":"post","link":"https:\/\/dobrezrodla.com\/?p=16429","title":{"rendered":"Jan Pawe\u0142 II w aktach Epsteina. Zdj\u0119cie z papie\u017cem to nie wszystko. Polacy przecieraj\u0105 oczy ze zdumienia"},"content":{"rendered":"\n<p>Ujawniona korespondencja Jeffreya Epsteina przynosi nowe szczeg\u00f3\u0142y na temat jego kontakt\u00f3w z osobisto\u015bciami z ca\u0142ego \u015bwiata. Jeden z jego wsp\u00f3\u0142pracownik\u00f3w twierdzi, \u017ce bogacz \u201emieszka\u0142\u201d w Watykanie, cho\u0107 nie istniej\u0105 na to \u017cadne dowody. Jak dosz\u0142o do tego, \u017ce cz\u0142owiek oskar\u017cony o tak potworne zbrodnie m\u00f3g\u0142 uczestniczy\u0107 w publicznych audiencjach u papie\u017ca?<\/p>\n\n\n\n<h2 class=\"wp-block-heading\">Kim by\u0142 Jeffrey Epstein?<\/h2>\n\n\n\n<p>Historia Jeffreya Epsteina to gotowy scenariusz do mrocznego thrillera, kt\u00f3ry niestety sta\u0142 si\u0119 rzeczywisto\u015bci\u0105. Przez lata uchodzi\u0142 za finansowego geniusza, cho\u0107 do dzi\u015b nie wiadomo, sk\u0105d pochodzi\u0142y jego olbrzymie maj\u0105tki. Zamiast ukrywa\u0107 si\u0119, wola\u0142 porusza\u0107 si\u0119 w kr\u0119gach najpot\u0119\u017cniejszych os\u00f3b na \u015bwiecie. W jego notatkach mo\u017cna by\u0142o znale\u017a\u0107 nazwiska prezydent\u00f3w, naukowc\u00f3w i gwiazd Hollywood. Swobodnie przemieszcza\u0142 si\u0119 mi\u0119dzy luksusowymi apartamentami na Manhattanie a prywatn\u0105 wysp\u0105 na Karaibach.<\/p>\n\n\n\n<p>Ten rajski krajobraz mia\u0142 jednak drugie, przera\u017caj\u0105ce oblicze. Pod pozorem wielkiego biznesu i fundowania stypendi\u00f3w Epstein stworzy\u0142 bezwzgl\u0119dn\u0105 maszyn\u0119 do wykorzystywania nieletnich. Obietnice kariery w modelingu czy dost\u0119pu do edukacji by\u0142y znakomitym wabikiem. Przez wiele lat czu\u0142 si\u0119 bezkarny, poniewa\u017c jego sie\u0107 wp\u0142yw\u00f3w by\u0142a zbyt silna. Gdy w 2019 roku trafi\u0142 do aresztu pod zarzutem handlu lud\u017ami, \u015bwiat wstrzyma\u0142 oddech. Jego \u015bmier\u0107 w wi\u0119zieniu tylko zag\u0119\u015bci\u0142a atmosfer\u0119 w\u0105tpliwo\u015bci i teorii spiskowych.<\/p>\n\n\n\n<figure class=\"wp-block-image\"><img decoding=\"async\" src=\"https:\/\/bystragrazyna.pl\/wp-content\/uploads\/2026\/02\/78.jpg\" alt=\"obrazek\"\/><\/figure>\n\n\n\n<p>Ka\u017cde nowe ujawnienie dotycz\u0105ce powi\u0105za\u0144 Epsteina wzbudza nerwowe reakcje w elitach. To nie tylko historia przest\u0119pcy, ale tak\u017ce portret patologii na najwy\u017cszych szczeblach w\u0142adzy. Okaza\u0142o si\u0119, \u017ce ogromne pieni\u0105dze i prywatne odrzutowce mog\u0105 skutecznie zag\u0142uszy\u0107 sumienia wp\u0142ywowych ludzi, kt\u00f3rzy przez lata przymykali oczy na to, co dzia\u0142o si\u0119 w jego rezydencjach.<\/p>\n\n\n\n<h2 class=\"wp-block-heading\">Ogromna sie\u0107 powi\u0105za\u0144 Jeffreya Epsteina<\/h2>\n\n\n\n<p>Lista os\u00f3b powi\u0105zanych z Epsteinem od lat jest jednym z najbardziej gor\u0105cych temat\u00f3w na \u015bwiatowych nag\u0142\u00f3wkach. Wok\u00f3\u0142 siebie stworzy\u0142 skomplikowan\u0105 sie\u0107 kontakt\u00f3w \u2013 nie tylko z bankierami, ale tak\u017ce z najwi\u0119kszymi gwiazdami pierwszych stron gazet. To by\u0142y nie zwyk\u0142e spotkania biznesowe, lecz \u015bwiat prywatnych wysp, luksusowych odrzutowc\u00f3w i zamkni\u0119tych przyj\u0119\u0107.<\/p>\n\n\n\n<p>Szczeg\u00f3lnie uderza fakt, jak \u0142atwo Epstein funkcjonowa\u0142 w\u015br\u00f3d hollywoodzkich aktor\u00f3w, muzyk\u00f3w i sportowc\u00f3w. Wielu z nich twierdzi dzi\u015b, \u017ce ich znajomo\u015bci by\u0142y jedynie towarzyskie lub przypadkowe. Jednak fotografie i dokumenty nie pozostawiaj\u0105 w\u0105tpliwo\u015bci \u2013 relacje opiera\u0142y si\u0119 na wzajemnych korzy\u015bciach. Epstein nie by\u0142 tylko bogaczem, ale cz\u0142owiekiem, kt\u00f3ry otwiera\u0142 drzwi i oferowa\u0142 \u201emo\u017cliwo\u015bci\u201d.<\/p>\n\n\n\n<p>Ta historia si\u0119ga najwy\u017cszych szczebli spo\u0142ecznych, w tym rodzin kr\u00f3lewskich. To w\u0142a\u015bnie te powi\u0105zania budz\u0105 najwi\u0119kszy niesmak. Osoby uchodz\u0105ce za symbole klasy by\u0142y go\u015b\u0107mi w rezydencjach cz\u0142owieka oskar\u017canego o najci\u0119\u017csze przest\u0119pstwa. Historia Epsteina pokazuje, \u017ce pod eleganck\u0105 fasad\u0105 \u015bwiata bogaczy i celebryt\u00f3w kry\u0142a si\u0119 mroczna rzeczywisto\u015b\u0107.<\/p>\n\n\n\n<h2 class=\"wp-block-heading\">Czy Epstein mia\u0142 powi\u0105zania z Janem Paw\u0142em II?<\/h2>\n\n\n\n<p>W\u015br\u00f3d ujawnionych maili pojawi\u0142y si\u0119 rozmowy z kwietnia 2014 roku mi\u0119dzy Epsteinem a polsk\u0105 modelk\u0105 dotycz\u0105ce wyjazdu do Rzymu i terminu rozmowy na Skype.<\/p>\n\n\n\n<blockquote class=\"wp-block-quote is-layout-flow wp-block-quote-is-layout-flow\">\n<p>Nie pojecha\u0142am tam. Mo\u017ce powinnam. Ogl\u0105da\u0142e\u015b kanonizacj\u0119 Jana Paw\u0142a II?<\/p>\n<\/blockquote>\n\n\n\n<p>Te rozmowy mia\u0142y miejsce 27 kwietnia, czyli w dniu kanonizacji Jana Paw\u0142a II. Podczas gdy \u015bwiat zwraca\u0142 oczy ku Watykanowi, w skrzynce Epsteina toczy\u0142y si\u0119 rozmowy o planach podr\u00f3\u017cy.<\/p>\n\n\n\n<blockquote class=\"wp-block-quote is-layout-flow wp-block-quote-is-layout-flow\">\n<p>Tak, my\u015bl\u0119, \u017ce powinna\u015b wyj\u015b\u0107 z domu. Oczywi\u015bcie mo\u017cemy si\u0119 spotka\u0107 w Pary\u017cu, je\u015bli tego wolisz. Ale nie lubi\u0119 tego, \u017ce wydajesz si\u0119 niespokojna. My\u015bl\u0119, \u017ce powinna\u015b przylecie\u0107 do Nowego Jorku 8, p\u00f3j\u015b\u0107 do lekarza 9, 10, przyby\u0107 na wysp\u0119 11 i pozosta\u0107 do 31<\/p>\n<\/blockquote>\n\n\n\n<p>Nazwisko Jana Paw\u0142a II pojawia si\u0119 w aktach Departamentu Sprawiedliwo\u015bci jeszcze raz, jednak w absurdalnym kontek\u015bcie. W 2015 roku wsp\u00f3\u0142pracownik Epsteina dyskutowa\u0142 o remoncie posiad\u0142o\u015bci, a konkretnie o wyko\u0144czeniu kolumn nawi\u0105zuj\u0105cych do watyka\u0144skiej estetyki.<\/p>\n\n\n\n<blockquote class=\"wp-block-quote is-layout-flow wp-block-quote-is-layout-flow\">\n<p>Pokrycie powierzchni wapnem to pierwszy krok do ich wyko\u0144czenia. Epstein chce, abym ka\u017cd\u0105 kolumn\u0119 uko\u0144czy\u0142 inaczej, poniewa\u017c kiedy mieszka\u0142 z papie\u017cem Janem Paw\u0142em II w Watykanie, ogl\u0105da\u0142 r\u00f3\u017cnorodne kolumny zdobyte podczas wojen. Powiedzia\u0142, \u017ce ka\u017cdy papie\u017c domaga\u0142 si\u0119 kolumny z ka\u017cdego podbytego kraju. W Watykanie istnieje ca\u0142a kolekcja.<\/p>\n<\/blockquote>\n\n\n\n<p>Chocia\u017c ta historia kr\u0105\u017cy w\u015br\u00f3d spekulacji, nie ma \u017cadnych dowod\u00f3w na to, \u017ce Epstein kiedykolwiek mieszka\u0142 w Watykanie. Potwierdzona jest natomiast jego wizyta w 2003 roku, gdy uczestniczy\u0142 w publicznej audiencji u Jana Paw\u0142a II wraz z Ghislaine Maxwell. Z tamtego spotkania zachowa\u0142o si\u0119 zdj\u0119cie, kt\u00f3re dzi\u015b wydaje si\u0119 upiorne \u2013 gorzkie przypomnienie, \u017ce osoby podejrzane o najci\u0119\u017csze przest\u0119pstwa potrafi\u0105 bez trudu wmiesza\u0107 si\u0119 w t\u0142um i porusza\u0107 na poziomach, o kt\u00f3rych zwykli ludzie mog\u0105 tylko pomarzy\u0107.<\/p>\n","protected":false},"excerpt":{"rendered":"<p>Ujawniona korespondencja Jeffreya Epsteina przynosi nowe szczeg\u00f3\u0142y na temat jego kontakt\u00f3w z osobisto\u015bciami z ca\u0142ego \u015bwiata. Jeden z jego wsp\u00f3\u0142pracownik\u00f3w twierdzi, \u017ce bogacz \u201emieszka\u0142\u201d w Watykanie, cho\u0107 nie istniej\u0105 na to \u017cadne dowody. Jak dosz\u0142o do tego, \u017ce cz\u0142owiek oskar\u017cony o tak potworne zbrodnie m\u00f3g\u0142 uczestniczy\u0107 w publicznych audiencjach u papie\u017ca? Kim by\u0142 Jeffrey Epstein? &#8230; <a title=\"Jan Pawe\u0142 II w aktach Epsteina. Zdj\u0119cie z papie\u017cem to nie wszystko. Polacy przecieraj\u0105 oczy ze zdumienia\" class=\"read-more\" href=\"https:\/\/dobrezrodla.com\/?p=16429\" aria-label=\"Read more about Jan Pawe\u0142 II w aktach Epsteina. Zdj\u0119cie z papie\u017cem to nie wszystko. Polacy przecieraj\u0105 oczy ze zdumienia\">Read more<\/a><\/p>\n","protected":false},"author":1,"featured_media":0,"comment_status":"open","ping_status":"open","sticky":false,"template":"","format":"standard","meta":{"footnotes":""},"categories":[1],"tags":[],"class_list":["post-16429","post","type-post","status-publish","format-standard","hentry","category-uncategorized"],"_links":{"self":[{"href":"https:\/\/dobrezrodla.com\/index.php?rest_route=\/wp\/v2\/posts\/16429","targetHints":{"allow":["GET"]}}],"collection":[{"href":"https:\/\/dobrezrodla.com\/index.php?rest_route=\/wp\/v2\/posts"}],"about":[{"href":"https:\/\/dobrezrodla.com\/index.php?rest_route=\/wp\/v2\/types\/post"}],"author":[{"embeddable":true,"href":"https:\/\/dobrezrodla.com\/index.php?rest_route=\/wp\/v2\/users\/1"}],"replies":[{"embeddable":true,"href":"https:\/\/dobrezrodla.com\/index.php?rest_route=%2Fwp%2Fv2%2Fcomments&post=16429"}],"version-history":[{"count":1,"href":"https:\/\/dobrezrodla.com\/index.php?rest_route=\/wp\/v2\/posts\/16429\/revisions"}],"predecessor-version":[{"id":16430,"href":"https:\/\/dobrezrodla.com\/index.php?rest_route=\/wp\/v2\/posts\/16429\/revisions\/16430"}],"wp:attachment":[{"href":"https:\/\/dobrezrodla.com\/index.php?rest_route=%2Fwp%2Fv2%2Fmedia&parent=16429"}],"wp:term":[{"taxonomy":"category","embeddable":true,"href":"https:\/\/dobrezrodla.com\/index.php?rest_route=%2Fwp%2Fv2%2Fcategories&post=16429"},{"taxonomy":"post_tag","embeddable":true,"href":"https:\/\/dobrezrodla.com\/index.php?rest_route=%2Fwp%2Fv2%2Ftags&post=16429"}],"curies":[{"name":"wp","href":"https:\/\/api.w.org\/{rel}","templated":true}]}}