{"id":16455,"date":"2026-02-09T15:52:19","date_gmt":"2026-02-09T15:52:19","guid":{"rendered":"https:\/\/dobrezrodla.com\/?p=16455"},"modified":"2026-02-09T15:52:20","modified_gmt":"2026-02-09T15:52:20","slug":"bakiewicz-uslyszal-zarzuty-chodzi-o-trzy-przestepstwa","status":"publish","type":"post","link":"https:\/\/dobrezrodla.com\/?p=16455","title":{"rendered":"B\u0105kiewicz us\u0142ysza\u0142 zarzuty. Chodzi o trzy przest\u0119pstwa"},"content":{"rendered":"\n<p>Robert B\u0105kiewicz us\u0142ysza\u0142 zarzuty pope\u0142nienia trzech przest\u0119pstw &#8211; poinformowa\u0142a Prokuratura Regionalna w Warszawie. Chodzi m.in. o gro\u017aby w stron\u0119 premiera Donalda Tuska, kt\u00f3re Robert B\u0105kiewicz wyg\u0142asza\u0142 podczas wyst\u0105pienia na Placu Zamkowym w Warszawie.<\/p>\n\n\n\n<p><br>Robert B\u0105kiewicz jest oskar\u017cony o pope\u0142nienie trzech przest\u0119pstw . Foto: Sebastian Nowik\/REPORTER<br>Jest ruch prokuratury. Trzy zarzuty wobec B\u0105kiewicza<br>Robert B\u0105kiewicz us\u0142ysza\u0142 zarzuty pope\u0142nienia trzech przest\u0119pstw &#8211; poinformowa\u0142a Prokuratura Regionalna w Warszawie.<\/p>\n\n\n\n<p> Zarzuty dotycz\u0105 wydarze\u0144 z 11 pa\u017adziernika 2025 roku, gdy podczas transmitowanego w mediach przem\u00f3wienia na Placu Zamkowym nawo\u0142ywa\u0142 do przemocy, w tym do zab\u00f3jstwa lub ci\u0119\u017ckiego uszczerbku na zdrowiu premiera Donalda Tuska oraz os\u00f3b z jego otoczenia.<\/p>\n\n\n\n<p>Zarzuty zniewa\u017cenia i pom\u00f3wienia premiera<br>Z komunikatu prokuratury wynika, \u017ce Robert B\u0105kiewicz us\u0142ysza\u0142 zarzut publicznego zniewa\u017cenia oraz pom\u00f3wienia Prezesa Rady Ministr\u00f3w. <\/p>\n\n\n\n<p>Wed\u0142ug \u015bledczych mia\u0142 on u\u017cywa\u0107 wobec premiera obra\u017aliwych i deprecjonuj\u0105cych okre\u015ble\u0144, takich jak m.in. &#8220;zdrajca&#8221;, &#8220;niemiecki podn\u00f3\u017cek&#8221;, &#8220;niemiecki pacho\u0142ek&#8221;, &#8220;tch\u00f3rz&#8221; czy &#8220;chwast&#8221;. Prokuratura uznaje, \u017ce wypowiedzi te mog\u0142y poni\u017cy\u0107 premiera w oczach opinii publicznej oraz narazi\u0107 go na utrat\u0119 zaufania niezb\u0119dnego do pe\u0142nienia funkcji szefa rz\u0105du.<\/p>\n\n\n\n<p>Nawo\u0142ywanie do nienawi\u015bci na tle rasowym i narodowo\u015bciowym<br>Ponadto podejrzany ma odpowiada\u0107 za nawo\u0142ywanie do nienawi\u015bci na tle narodowo\u015bciowym, etnicznym i rasowym, skierowane m.in. przeciwko Niemcom oraz imigrantom. Robert B\u0105kiewicz nie przyzna\u0142 si\u0119 do stawianych mu zarzut\u00f3w. Grozi mu kara do trzech lat pozbawienia wolno\u015bci.<\/p>\n","protected":false},"excerpt":{"rendered":"<p>Robert B\u0105kiewicz us\u0142ysza\u0142 zarzuty pope\u0142nienia trzech przest\u0119pstw &#8211; poinformowa\u0142a Prokuratura Regionalna w Warszawie. Chodzi m.in. o gro\u017aby w stron\u0119 premiera Donalda Tuska, kt\u00f3re Robert B\u0105kiewicz wyg\u0142asza\u0142 podczas wyst\u0105pienia na Placu Zamkowym w Warszawie. Robert B\u0105kiewicz jest oskar\u017cony o pope\u0142nienie trzech przest\u0119pstw . Foto: Sebastian Nowik\/REPORTERJest ruch prokuratury. Trzy zarzuty wobec B\u0105kiewiczaRobert B\u0105kiewicz us\u0142ysza\u0142 zarzuty pope\u0142nienia &#8230; <a title=\"B\u0105kiewicz us\u0142ysza\u0142 zarzuty. Chodzi o trzy przest\u0119pstwa\" class=\"read-more\" href=\"https:\/\/dobrezrodla.com\/?p=16455\" aria-label=\"Read more about B\u0105kiewicz us\u0142ysza\u0142 zarzuty. Chodzi o trzy przest\u0119pstwa\">Read more<\/a><\/p>\n","protected":false},"author":1,"featured_media":0,"comment_status":"open","ping_status":"open","sticky":false,"template":"","format":"standard","meta":{"footnotes":""},"categories":[1],"tags":[],"class_list":["post-16455","post","type-post","status-publish","format-standard","hentry","category-uncategorized"],"_links":{"self":[{"href":"https:\/\/dobrezrodla.com\/index.php?rest_route=\/wp\/v2\/posts\/16455","targetHints":{"allow":["GET"]}}],"collection":[{"href":"https:\/\/dobrezrodla.com\/index.php?rest_route=\/wp\/v2\/posts"}],"about":[{"href":"https:\/\/dobrezrodla.com\/index.php?rest_route=\/wp\/v2\/types\/post"}],"author":[{"embeddable":true,"href":"https:\/\/dobrezrodla.com\/index.php?rest_route=\/wp\/v2\/users\/1"}],"replies":[{"embeddable":true,"href":"https:\/\/dobrezrodla.com\/index.php?rest_route=%2Fwp%2Fv2%2Fcomments&post=16455"}],"version-history":[{"count":1,"href":"https:\/\/dobrezrodla.com\/index.php?rest_route=\/wp\/v2\/posts\/16455\/revisions"}],"predecessor-version":[{"id":16456,"href":"https:\/\/dobrezrodla.com\/index.php?rest_route=\/wp\/v2\/posts\/16455\/revisions\/16456"}],"wp:attachment":[{"href":"https:\/\/dobrezrodla.com\/index.php?rest_route=%2Fwp%2Fv2%2Fmedia&parent=16455"}],"wp:term":[{"taxonomy":"category","embeddable":true,"href":"https:\/\/dobrezrodla.com\/index.php?rest_route=%2Fwp%2Fv2%2Fcategories&post=16455"},{"taxonomy":"post_tag","embeddable":true,"href":"https:\/\/dobrezrodla.com\/index.php?rest_route=%2Fwp%2Fv2%2Ftags&post=16455"}],"curies":[{"name":"wp","href":"https:\/\/api.w.org\/{rel}","templated":true}]}}