{"id":16461,"date":"2026-02-09T15:56:23","date_gmt":"2026-02-09T15:56:23","guid":{"rendered":"https:\/\/dobrezrodla.com\/?p=16461"},"modified":"2026-02-09T15:56:23","modified_gmt":"2026-02-09T15:56:23","slug":"jaroslaw-kaczynski-w-zalobie-przekazal-lamiace-wiesci","status":"publish","type":"post","link":"https:\/\/dobrezrodla.com\/?p=16461","title":{"rendered":"Jaros\u0142aw Kaczy\u0144ski w \u017ca\u0142obie. Przekaza\u0142 \u0142ami\u0105ce wie\u015bci"},"content":{"rendered":"\n<p>Takie publiczne po\u017cegnania w wykonaniu Jaros\u0142awa Kaczy\u0144skiego nie zdarzaj\u0105 si\u0119 cz\u0119sto, dlatego jeden z ostatnich wpis\u00f3w prezesa PiS natychmiast przyci\u0105gn\u0105\u0142 uwag\u0119. Polityk odni\u00f3s\u0142 si\u0119 do \u015bmierci znanego artysty, podkre\u015blaj\u0105c jego znaczenie dla polskiej kultury i historii najnowszej. Cho\u0107 intencja by\u0142a jednoznaczna, reakcje odbiorc\u00f3w okaza\u0142y si\u0119 bardzo podzielone.<\/p>\n\n\n\n<p>Wpis Jaros\u0142awa Kaczy\u0144skiego po \u015bmierci artysty. Dlaczego wywo\u0142a\u0142 dyskusj\u0119?<br>\u015amier\u0107 Zbigniewa Macieja Dowgia\u0142\u0142y. Galeria Miejska we Wroc\u0142awiu \u017cegna malarza<br>Reakcje internaut\u00f3w na s\u0142owa prezesa PiS o Zbigniewie Macieju Dowgia\u0142le<br>Wpis Jaros\u0142awa Kaczy\u0144skiego po \u015bmierci artysty. Dlaczego wywo\u0142a\u0142 dyskusj\u0119?<\/p>\n\n\n\n<p><br>Jaros\u0142aw Kaczy\u0144ski rzadko publikuje osobiste wpisy po\u015bwi\u0119cone postaciom ze \u015bwiata kultury, co sprawi\u0142o, \u017ce jego aktywno\u015b\u0107 na platformie X szybko zosta\u0142a zauwa\u017cona. Tym razem prezes Prawa i Sprawiedliwo\u015bci postanowi\u0142 publicznie po\u017cegna\u0107 artyst\u0119, kt\u00f3rego tw\u00f3rczo\u015b\u0107 i \u017cyciorys by\u0142y silnie zwi\u0105zane z opozycyjnym ruchem antykomunistycznym. Sam fakt, \u017ce wpis pojawi\u0142 si\u0119 kilka dni po \u015bmierci artysty, wywo\u0142a\u0142 o\u017cywion\u0105 dyskusj\u0119 w\u015br\u00f3d internaut\u00f3w.<\/p>\n\n\n\n<p>Pod postem szybko zacz\u0119\u0142y pojawia\u0107 si\u0119 setki komentarzy. Cz\u0119\u015b\u0107 u\u017cytkownik\u00f3w wyra\u017ca\u0142a uznanie dla gestu i podkre\u015bla\u0142a wag\u0119 dorobku zmar\u0142ego tw\u00f3rcy. Inni jednak zwracali uwag\u0119 na czas publikacji wpisu. Dyskusja przerodzi\u0142a si\u0119 w typow\u0105 dla medi\u00f3w spo\u0142eczno\u015bciowych mieszank\u0119 wsp\u00f3\u0142czucia, ironii i ostrych ocen, kt\u00f3re nie zawsze dotyczy\u0142y samego artysty, lecz raczej autora wpisu.<\/p>\n\n\n\n<p>Jaros\u0142aw Kaczy\u0144ski w \u017ca\u0142obie. Przekaza\u0142 \u0142ami\u0105ce wie\u015bci<br>Jaros\u0142aw Kaczy\u0144ski, fot. Anita Walczewska\/East News<br>\u015amier\u0107 Zbigniewa Macieja Dowgia\u0142\u0142y. Galeria Miejska we Wroc\u0142awiu \u017cegna malarza<br>Informacja o \u015bmierci Zbigniewa Macieja Dowgia\u0142\u0142y pojawi\u0142a si\u0119 publicznie w pi\u0105tek 6 lutego, kiedy Galeria Miejska we Wroc\u0142awiu zamie\u015bci\u0142a w mediach spo\u0142eczno\u015bciowych obszerny, emocjonalny wpis. Plac\u00f3wka przypomnia\u0142a w nim nie tylko dorobek artystyczny malarza, ale tak\u017ce jego bezkompromisow\u0105 postaw\u0119 i charakterystyczny styl tw\u00f3rczy.<\/p>\n\n\n\n<p>\u2013 Niczym objawiona b\u0142yskawica, Zbigniew Maciej Dowgia\u0142\u0142o razi\u0142 jasno i bezwzgl\u0119dnie, bawi\u0105c, bulwersuj\u0105c, prowokuj\u0105c, punktuj\u0105c i konfrontuj\u0105c. Bezkompromisowy od pocz\u0105tku swoich artystycznych dzia\u0142a\u0144, zar\u00f3wno w ramach Nowej Ekspresji, jak i w\u0142asnego realizmu sublimacyjnego, Dowgia\u0142\u0142o by\u0142 barwnym artyst\u0105 pod wieloma wzgl\u0119dami. Pisa\u0142, parafrazuj\u0105c Zanussiego, &#8220;arty\u015bci nie l\u0119kajcie si\u0119\u2026 uczy\u0144cie ze swojego \u017cycia arcydzie\u0142o&#8221; i wed\u0142ug tego motta te\u017c \u017cy\u0142, naucza\u0142 i tworzy\u0142. Cho\u0107 fizycznie odszed\u0142 od nas 3 lutego 2026 roku, to jednak jego jowialny u\u015bmiech i b\u0142ysk w oku nadal z nami pozostaje w obrazach, obok kt\u00f3rych nie da si\u0119 przej\u015b\u0107 oboj\u0119tnie \u2013 czytamy w mediach spo\u0142eczno\u015bciowych plac\u00f3wki.<\/p>\n\n\n\n<p>Galeria poinformowa\u0142a, \u017ce artysta zmar\u0142 3 lutego 2026 roku, a jego \u015bmier\u0107 by\u0142a dla \u015brodowiska artystycznego du\u017cym ciosem. Zaznaczono przy tym, \u017ce mimo fizycznego odej\u015bcia, jego charakterystyczna obecno\u015b\u0107 wci\u0105\u017c pozostaje widoczna w obrazach, obok kt\u00f3rych trudno przej\u015b\u0107 oboj\u0119tnie.<\/p>\n\n\n\n<p>Reakcje internaut\u00f3w na s\u0142owa prezesa PiS o Zbigniewie Macieju Dowgia\u0142le<br>Kilka dni po tych informacjach g\u0142os zabra\u0142 Jaros\u0142aw Kaczy\u0144ski.<\/p>\n\n\n\n<p>\u2013 Nie \u017cyje Zbigniew Maciej Dowgia\u0142\u0142o. Odszed\u0142 przedwcze\u015bnie, mia\u0142 65 lat. Polska kultura straci\u0142a wybitnego malarza, artyst\u0119 i cz\u0142owieka zaanga\u017cowanego w spo\u0142eczny zryw antykomunistyczny. Niezwykle warto\u015bciowy i inspiruj\u0105cy dla kolejnych pokole\u0144. Szczere kondolencje i wyrazy wsp\u00f3\u0142czucia dla rodziny oraz najbli\u017cszych \u2013 napisa\u0142 prezes PiS na platformie X.<\/p>\n\n\n\n<p>W swoim wpisie polityk jednoznacznie podkre\u015bli\u0142 zar\u00f3wno artystyczny dorobek Dowgia\u0142\u0142y, jak i jego dzia\u0142alno\u015b\u0107 spo\u0142eczn\u0105 w okresie PRL.<\/p>\n\n\n\n<p>To w\u0142a\u015bnie moment publikacji sta\u0142 si\u0119 dla cz\u0119\u015bci internaut\u00f3w punktem zapalnym. Pod wpisem zacz\u0119\u0142y pojawia\u0107 si\u0119 komentarze kwestionuj\u0105ce szybko\u015b\u0107 reakcji prezesa PiS. Jeden z u\u017cytkownik\u00f3w napisa\u0142:<\/p>\n\n\n\n<p>\u2013 Pan Zbigniew zmar\u0142 dwa dni temu. Refleks szachisty, Fogiel. Albo ju\u017c nie masz pomys\u0142u jak rozbucha\u0107 konto swego pana.<\/p>\n\n\n\n<p>Pojawi\u0142y si\u0119 te\u017c ironiczne uwagi, w kt\u00f3rych krytycy skupiali si\u0119 nie na samym arty\u015bcie, lecz na sposobie komunikacji polityka.<\/p>\n\n\n\n<p>\u2013 Ale niewa\u017cne, kiedy zmar\u0142, wa\u017cne, kiedy Jarek uwa\u017ca, \u017ce zmar\u0142. Prawo to Jarek, Jarek to prawo \u2013 czytamy pod wpisem Kaczy\u0144skiego.<\/p>\n\n\n\n<p>Obok tych g\u0142os\u00f3w nie zabrak\u0142o jednak wpis\u00f3w wyra\u017caj\u0105cych autentyczny smutek i wdzi\u0119czno\u015b\u0107 za przypomnienie postaci Dowgia\u0142\u0142y. Dla cz\u0119\u015bci odbiorc\u00f3w najwa\u017cniejsze by\u0142o samo uhonorowanie artysty i zwr\u00f3cenie uwagi na jego znaczenie dla polskiej kultury, niezale\u017cnie od tego, kiedy dok\u0142adnie pojawi\u0142o si\u0119 publiczne po\u017cegnanie.<\/p>\n","protected":false},"excerpt":{"rendered":"<p>Takie publiczne po\u017cegnania w wykonaniu Jaros\u0142awa Kaczy\u0144skiego nie zdarzaj\u0105 si\u0119 cz\u0119sto, dlatego jeden z ostatnich wpis\u00f3w prezesa PiS natychmiast przyci\u0105gn\u0105\u0142 uwag\u0119. Polityk odni\u00f3s\u0142 si\u0119 do \u015bmierci znanego artysty, podkre\u015blaj\u0105c jego znaczenie dla polskiej kultury i historii najnowszej. Cho\u0107 intencja by\u0142a jednoznaczna, reakcje odbiorc\u00f3w okaza\u0142y si\u0119 bardzo podzielone. Wpis Jaros\u0142awa Kaczy\u0144skiego po \u015bmierci artysty. Dlaczego wywo\u0142a\u0142 &#8230; <a title=\"Jaros\u0142aw Kaczy\u0144ski w \u017ca\u0142obie. Przekaza\u0142 \u0142ami\u0105ce wie\u015bci\" class=\"read-more\" href=\"https:\/\/dobrezrodla.com\/?p=16461\" aria-label=\"Read more about Jaros\u0142aw Kaczy\u0144ski w \u017ca\u0142obie. Przekaza\u0142 \u0142ami\u0105ce wie\u015bci\">Read more<\/a><\/p>\n","protected":false},"author":1,"featured_media":0,"comment_status":"open","ping_status":"open","sticky":false,"template":"","format":"standard","meta":{"footnotes":""},"categories":[1],"tags":[],"class_list":["post-16461","post","type-post","status-publish","format-standard","hentry","category-uncategorized"],"_links":{"self":[{"href":"https:\/\/dobrezrodla.com\/index.php?rest_route=\/wp\/v2\/posts\/16461","targetHints":{"allow":["GET"]}}],"collection":[{"href":"https:\/\/dobrezrodla.com\/index.php?rest_route=\/wp\/v2\/posts"}],"about":[{"href":"https:\/\/dobrezrodla.com\/index.php?rest_route=\/wp\/v2\/types\/post"}],"author":[{"embeddable":true,"href":"https:\/\/dobrezrodla.com\/index.php?rest_route=\/wp\/v2\/users\/1"}],"replies":[{"embeddable":true,"href":"https:\/\/dobrezrodla.com\/index.php?rest_route=%2Fwp%2Fv2%2Fcomments&post=16461"}],"version-history":[{"count":1,"href":"https:\/\/dobrezrodla.com\/index.php?rest_route=\/wp\/v2\/posts\/16461\/revisions"}],"predecessor-version":[{"id":16462,"href":"https:\/\/dobrezrodla.com\/index.php?rest_route=\/wp\/v2\/posts\/16461\/revisions\/16462"}],"wp:attachment":[{"href":"https:\/\/dobrezrodla.com\/index.php?rest_route=%2Fwp%2Fv2%2Fmedia&parent=16461"}],"wp:term":[{"taxonomy":"category","embeddable":true,"href":"https:\/\/dobrezrodla.com\/index.php?rest_route=%2Fwp%2Fv2%2Fcategories&post=16461"},{"taxonomy":"post_tag","embeddable":true,"href":"https:\/\/dobrezrodla.com\/index.php?rest_route=%2Fwp%2Fv2%2Ftags&post=16461"}],"curies":[{"name":"wp","href":"https:\/\/api.w.org\/{rel}","templated":true}]}}