{"id":16463,"date":"2026-02-09T15:57:21","date_gmt":"2026-02-09T15:57:21","guid":{"rendered":"https:\/\/dobrezrodla.com\/?p=16463"},"modified":"2026-02-09T15:57:22","modified_gmt":"2026-02-09T15:57:22","slug":"syn-nawrockich-nagle-zabral-glos-potwierdzily-sie-doniesienia-ws-pierwszej-damy","status":"publish","type":"post","link":"https:\/\/dobrezrodla.com\/?p=16463","title":{"rendered":"Syn Nawrockich nagle zabra\u0142 g\u0142os. Potwierdzi\u0142y si\u0119 doniesienia ws. pierwszej damy"},"content":{"rendered":"\n<p>Zapowied\u017a pad\u0142a kilka miesi\u0119cy temu, teraz przesz\u0142a w faz\u0119 realizacji. W sieci pojawi\u0142a si\u0119 strona internetowa nowej inicjatywy zwi\u0105zanej z pierwsz\u0105 dam\u0105, a informacje o starcie projektu zacz\u0119\u0142y kr\u0105\u017cy\u0107 tak\u017ce w mediach spo\u0142eczno\u015bciowych. To kolejny element aktywno\u015bci, kt\u00f3r\u0105 Marta Nawrocka rozwija od momentu obj\u0119cia swojej nowej roli.<\/p>\n\n\n\n<p>P\u00f3\u0142 roku prezydentury Karola Nawrockiego i zapowied\u017a fundacji pierwszej damy<br>Fundacja Marty Nawrockiej oficjalnie rozpocz\u0119\u0142a dzia\u0142alno\u015b\u0107 w sieci<br>Cele i pierwsze projekty Fundacji Pierwszej Damy \u201eBlisko Ludzkich Spraw\u201d<br>P\u00f3\u0142 roku prezydentury Karola Nawrockiego i zapowied\u017a fundacji pierwszej damy<\/p>\n\n\n\n<p><br>W pi\u0105tek, 6 lutego, min\u0119\u0142o dok\u0142adnie sze\u015b\u0107 miesi\u0119cy od zaprzysi\u0119\u017cenia Karola Nawrockiego na urz\u0105d prezydenta RP. Wraz z tym wydarzeniem Marta Nawrocka oficjalnie przej\u0119\u0142a obowi\u0105zki pierwszej damy i od tego czasu regularnie uczestniczy\u0142a w spotkaniach o charakterze spo\u0142ecznym, kulturalnym i edukacyjnym. Jej obecno\u015b\u0107 by\u0142a widoczna zar\u00f3wno podczas oficjalnych wydarze\u0144, jak i inicjatyw skierowanych do konkretnych grup spo\u0142ecznych.<\/p>\n\n\n\n<p>Ju\u017c w listopadzie 2025 roku Marta Nawrocka publicznie zapowiedzia\u0142a, \u017ce planuje powo\u0142anie fundacji, kt\u00f3ra mia\u0142aby stanowi\u0107 trwa\u0142e zaplecze dla dzia\u0142a\u0144 spo\u0142ecznych realizowanych pod jej patronatem. W\u00f3wczas podkre\u015blano, \u017ce inicjatywa ma nie ogranicza\u0107 si\u0119 do symbolicznej dzia\u0142alno\u015bci, lecz realnie anga\u017cowa\u0107 si\u0119 w projekty skierowane do os\u00f3b potrzebuj\u0105cych wsparcia oraz \u015brodowisk nara\u017conych na wykluczenie.<\/p>\n\n\n\n<p>Syn Nawrockich nagle zabra\u0142 g\u0142os. Potwierdzi\u0142y si\u0119 doniesienia ws. pierwszej damy<br>Karol Nawrocki, Marta Nawrocka, fot. JACEK DOMINSKI\/REPORTER<br>Fundacja Marty Nawrockiej oficjalnie rozpocz\u0119\u0142a dzia\u0142alno\u015b\u0107 w sieci<br>Teraz zapowiedzi znalaz\u0142y swoje odzwierciedlenie w konkretnych dzia\u0142aniach. Fundacja Pierwszej Damy oficjalnie uruchomi\u0142a stron\u0119 internetow\u0105 oraz profile w mediach spo\u0142eczno\u015bciowych, na kt\u00f3rych przedstawiono zakres planowanej aktywno\u015bci. Informacja o rozpocz\u0119ciu dzia\u0142alno\u015bci zosta\u0142a r\u00f3wnie\u017c udost\u0119pniona przez Daniela Nawrockiego, syna Marty Nawrockiej, kt\u00f3ry przekaza\u0142 j\u0105 w swoich kana\u0142ach komunikacji.<\/p>\n\n\n\n<p>Wcze\u015bniej przedstawiciele fundacji w przes\u0142anym o\u015bwiadczeniu dla Plejady precyzowali, jaki charakter ma mie\u0107 nowa organizacja.<\/p>\n\n\n\n<p>\u2013 Fundacja Pierwszej Damy \u2014 Blisko Ludzkich Spraw b\u0119dzie wspiera\u0107 inicjatywy spo\u0142eczne, edukacyjne, kulturalne i dobroczynne, s\u0142u\u017c\u0105ce budowie wsp\u00f3lnoty opartej na solidarno\u015bci, szacunku oraz trosce o osoby najbardziej potrzebuj\u0105ce \u2013 m\u00f3wili przedstawiciele fundacji w o\u015bwiadczeniu dla Plejady.<\/p>\n\n\n\n<p>Z opublikowanych informacji wynika, \u017ce fundacja stawia na dzia\u0142ania d\u0142ugofalowe, a nie jednorazowe akcje. W\u015br\u00f3d deklarowanych cel\u00f3w znalaz\u0142y si\u0119 m.in. organizowanie wydarze\u0144 spo\u0142ecznych, wspieranie rozwoju edukacji i kultury, a tak\u017ce inicjatywy nastawione na bezpo\u015bredni\u0105 pomoc osobom znajduj\u0105cym si\u0119 w trudnej sytuacji \u017cyciowej.<\/p>\n\n\n\n<p>Cele i pierwsze projekty Fundacji Pierwszej Damy \u201eBlisko Ludzkich Spraw\u201d<br>Na stronie internetowej fundacji szczeg\u00f3\u0142owo opisano jej misj\u0119 oraz obszary aktywno\u015bci. W jednym z opublikowanych tam komunikat\u00f3w czytamy:<\/p>\n\n\n\n<p>\u2013 Misj\u0105 Fundacji Pierwszej Damy jest wspieranie inicjatyw spo\u0142ecznych, edukacyjnych, kulturalnych i dobroczynnych, s\u0142u\u017c\u0105cych budowie wsp\u00f3lnoty opartej na solidarno\u015bci, szacunku i trosce o osoby najbardziej potrzebuj\u0105ce.<\/p>\n\n\n\n<p>Dalsza cz\u0119\u015b\u0107 opisu rozwija t\u0119 deklaracj\u0119 i wskazuje, na czym w praktyce maj\u0105 koncentrowa\u0107 si\u0119 dzia\u0142ania organizacji.<\/p>\n\n\n\n<p>\u2013 Nasze dzia\u0142ania, inspirowane spo\u0142eczn\u0105 misj\u0105 Pierwszej Damy RP Marty Nawrockiej, koncentruj\u0105 si\u0119 na przeciwdzia\u0142aniu wykluczeniu, wzmacnianiu postaw obywatelskich, promocji zdrowego stylu \u017cycia, rozwoju edukacji, kultury, wolontariatu oraz integracji spo\u0142ecznej, z my\u015bl\u0105 o trwa\u0142ej s\u0142u\u017cbie obecnym i przysz\u0142ym pokoleniom \u2013 czytamy na oficjalnej stronie.<\/p>\n\n\n\n<p>Fundacja zapowiedzia\u0142a ju\u017c pierwsze konkretne projekty. Jednym z nich jest inicjatywa \u201eHejt OFF \u2013 S\u0142owa maj\u0105 moc!\u201d, kt\u00f3ra ma charakter edukacyjny i skupia si\u0119 na u\u015bwiadamianiu dzieci i m\u0142odzie\u017cy, jaki wp\u0142yw mo\u017ce mie\u0107 hejt na ich zdrowie psychiczne i relacje spo\u0142eczne.<\/p>\n\n\n\n<p>Drugim og\u0142oszonym programem jest \u201eOddech dla bohaterek\u201d, skierowany do matek dzieci z niepe\u0142nosprawno\u015bciami. W ramach tego projektu planowane s\u0105 m.in. zaj\u0119cia terapeutyczne oraz tworzenie lokalnych grup wsparcia, kt\u00f3re maj\u0105 zapewni\u0107 kobietom przestrze\u0144 do wymiany do\u015bwiadcze\u0144 i realnej pomocy.<\/p>\n\n\n\n<p>Uruchomienie strony internetowej i og\u0142oszenie pierwszych program\u00f3w pokazuje, \u017ce fundacja Marty Nawrockiej przechodzi z etapu zapowiedzi do praktycznego dzia\u0142ania, jasno komunikuj\u0105c, na jakich obszarach chce skoncentrowa\u0107 swoj\u0105 aktywno\u015b\u0107.<\/p>\n","protected":false},"excerpt":{"rendered":"<p>Zapowied\u017a pad\u0142a kilka miesi\u0119cy temu, teraz przesz\u0142a w faz\u0119 realizacji. W sieci pojawi\u0142a si\u0119 strona internetowa nowej inicjatywy zwi\u0105zanej z pierwsz\u0105 dam\u0105, a informacje o starcie projektu zacz\u0119\u0142y kr\u0105\u017cy\u0107 tak\u017ce w mediach spo\u0142eczno\u015bciowych. To kolejny element aktywno\u015bci, kt\u00f3r\u0105 Marta Nawrocka rozwija od momentu obj\u0119cia swojej nowej roli. P\u00f3\u0142 roku prezydentury Karola Nawrockiego i zapowied\u017a fundacji &#8230; <a title=\"Syn Nawrockich nagle zabra\u0142 g\u0142os. Potwierdzi\u0142y si\u0119 doniesienia ws. pierwszej damy\" class=\"read-more\" href=\"https:\/\/dobrezrodla.com\/?p=16463\" aria-label=\"Read more about Syn Nawrockich nagle zabra\u0142 g\u0142os. Potwierdzi\u0142y si\u0119 doniesienia ws. pierwszej damy\">Read more<\/a><\/p>\n","protected":false},"author":1,"featured_media":0,"comment_status":"open","ping_status":"open","sticky":false,"template":"","format":"standard","meta":{"footnotes":""},"categories":[1],"tags":[],"class_list":["post-16463","post","type-post","status-publish","format-standard","hentry","category-uncategorized"],"_links":{"self":[{"href":"https:\/\/dobrezrodla.com\/index.php?rest_route=\/wp\/v2\/posts\/16463","targetHints":{"allow":["GET"]}}],"collection":[{"href":"https:\/\/dobrezrodla.com\/index.php?rest_route=\/wp\/v2\/posts"}],"about":[{"href":"https:\/\/dobrezrodla.com\/index.php?rest_route=\/wp\/v2\/types\/post"}],"author":[{"embeddable":true,"href":"https:\/\/dobrezrodla.com\/index.php?rest_route=\/wp\/v2\/users\/1"}],"replies":[{"embeddable":true,"href":"https:\/\/dobrezrodla.com\/index.php?rest_route=%2Fwp%2Fv2%2Fcomments&post=16463"}],"version-history":[{"count":1,"href":"https:\/\/dobrezrodla.com\/index.php?rest_route=\/wp\/v2\/posts\/16463\/revisions"}],"predecessor-version":[{"id":16464,"href":"https:\/\/dobrezrodla.com\/index.php?rest_route=\/wp\/v2\/posts\/16463\/revisions\/16464"}],"wp:attachment":[{"href":"https:\/\/dobrezrodla.com\/index.php?rest_route=%2Fwp%2Fv2%2Fmedia&parent=16463"}],"wp:term":[{"taxonomy":"category","embeddable":true,"href":"https:\/\/dobrezrodla.com\/index.php?rest_route=%2Fwp%2Fv2%2Fcategories&post=16463"},{"taxonomy":"post_tag","embeddable":true,"href":"https:\/\/dobrezrodla.com\/index.php?rest_route=%2Fwp%2Fv2%2Ftags&post=16463"}],"curies":[{"name":"wp","href":"https:\/\/api.w.org\/{rel}","templated":true}]}}