{"id":1654,"date":"2025-07-18T16:49:16","date_gmt":"2025-07-18T16:49:16","guid":{"rendered":"https:\/\/dobrezrodla.com\/?p=1654"},"modified":"2025-07-18T16:49:17","modified_gmt":"2025-07-18T16:49:17","slug":"in-ziua-in-care-l-am-ajutat","status":"publish","type":"post","link":"https:\/\/dobrezrodla.com\/?p=1654","title":{"rendered":"\u00cen ziua \u00een care l-am ajutat"},"content":{"rendered":"\n<p>\u00cen ziua \u00een care l-am ajutat, nu mi-am imaginat nici pentru o clip\u0103 c\u0103 gestul meu avea s\u0103 declan\u0219eze o serie de evenimente nea\u0219teptate \u0219i tulbur\u0103toare. Dup\u0103 ce i-am oferit cea\u0219ca de sup\u0103, mi-am spus c\u0103 m\u0103car am f\u0103cut ceva bine, c\u0103 am adus pu\u021bin\u0103 c\u0103ldur\u0103 \u00een via\u021ba lui. Dar s-a dovedit c\u0103 nu era at\u00e2t de simplu\u2026<\/p>\n\n\n\n<h3 class=\"wp-block-heading\"> O decizie nea\u0219teptat\u0103<\/h3>\n\n\n\n<p>Zilele care au urmat au fost marcate de un sentiment ambivalent: pe de o parte, satisfac\u021bia c\u0103 am ajutat, iar pe de alt\u0103 parte, griji \u0219i \u00eentreb\u0103ri care nu-mi d\u0103deau pace. La bar, prietenele mele m\u0103 \u00eentrebau dac\u0103 nu e\u0219ti dispus\u0103 s\u0103 mai faci o dat\u0103 asta \u2014 iar eu, la r\u00e2ndul meu, m\u0103 g\u00e2ndeam mereu la chipul lui, la ochii lui goi \u0219i la mirosul greu care m-a f\u0103cut s\u0103 m\u0103 retrag instinctiv atunci, pentru o clip\u0103.<\/p>\n\n\n\n<p>\u00centr-o sear\u0103, pe c\u00e2nd m\u0103 \u00eentorceam acas\u0103, l-am z\u0103rit din nou \u2014 tot \u00een acela\u0219i loc, la col\u021b, l\u00e2ng\u0103 intrarea \u00een barul meu, dar \u0219i sub un st\u00e2lp de iluminat care p\u0103rea singurul lui spa\u021biu de refugiu: un fel de \u201eacas\u0103\u201d improvizat. Am ezitat: s\u0103 m\u0103 apropii? s\u0103-l ignor? \u00een final, am f\u0103cut un pas \u00een fa\u021b\u0103. A\u0219teptam \u0219i m\u0103 \u00eentrebam ce voi auzi.<\/p>\n\n\n\n<p>\u2014 Bun\u0103 seara\u2026 din nou \u2014 i-am spus, cu voce tremur\u00e2nd\u0103. \u2014 Te-am mai v\u0103zut\u2026 am adus alt\u0103 sup\u0103, \u021bi-e foame?<\/p>\n\n\n\n<p>A ridicat ochii spre mine, de data asta cu o expresie ciudat\u0103: recuno\u0219tin\u021b\u0103, jen\u0103, dar \u0219i suspiciune. Mi-a mul\u021bumit, f\u0103r\u0103 s\u0103 scoat\u0103 vreun cuv\u00e2nt despre ceea ce s-a petrecut \u00eenainte. A luat supa \u0219i a plecat spre banca lui de pe strad\u0103.<\/p>\n\n\n\n<h3 class=\"wp-block-heading\"> Urm\u0103ri devastatoare<\/h3>\n\n\n\n<p>\u00cen urm\u0103toarele zile, am observat c\u0103 prezen\u021ba lui \u00eencepea s\u0103 atrag\u0103 aten\u021bia celor din jur. Unii colegi de la bar m\u0103 \u00eentrebau dac\u0103 nu-l cunosc, al\u021bii \u00eemi sugerau s\u0103 chem ajutoare profesioniste, ONG-uri sau autorit\u0103\u021bi. Dar \u021bin minte c\u0103 am ezitat, de parc\u0103 sim\u021beam c\u0103 ar fi fost \u0219i mai r\u0103u dac\u0103 intervenea o organiza\u021bie sau statul. \u00cel priveam de la distan\u021b\u0103 \u0219i m\u0103 \u00eentrebam: o fi chiar transparent \u00een ochii altora? Va avea cineva grij\u0103 cu adev\u0103rat de el?<\/p>\n\n\n\n<p>Apoi, \u00eentr-o diminea\u021b\u0103 rece, am intrat \u00een bar \u0219i am avut un \u0219oc. Discu\u021bii \u0219optite, cu priviri gravitate, erau \u00een toi. Un angajat mi-a \u0219optit la ureche:<\/p>\n\n\n\n<p>\u2014 L-au adus poli\u021bia\u2026 au trecut \u0219i lichidat hainele vechi de pe el\u2026 era \u00een stare de ebrietate sever\u0103, iar unii localnici au zis c\u0103 devine agresiv dac\u0103 \u00eel apropii de tine.<\/p>\n\n\n\n<p>Nu-mi puteam crede urechilor. M\u0103 surprinsese vorba \u201edac\u0103 \u00eel apropii de tine\u201d. Am b\u00e2lb\u00e2it:<br>\u2014 Ce vrei s\u0103 spui? Cum s-a \u00eent\u00e2mplat?<\/p>\n\n\n\n<p>\u2014 L-au reclamat\u2026 era s\u0103 agreseze un grup de studen\u021bi\u2026 am auzit c\u0103 a \u021bipat la ei, i-a urmat\u2026 l-au prins.<br>\u2014 \u0218i\u2026 tu ce ai?<\/p>\n\n\n\n<p>\u2014 N-a spus nimic\u2026 nimeni nu \u0219tie cine e.<\/p>\n\n\n\n<h3 class=\"wp-block-heading\"><\/h3>\n\n\n\n<h3 class=\"wp-block-heading\">Regrete ad\u00e2nci<\/h3>\n\n\n\n<p>C\u00e2nd am aflat asta, mi-a \u00eencol\u021bit o fric\u0103 rece: dac\u0103 s-ar fi \u00eentors la acel bar sau la acel col\u021b, putea ajunge iar \u00eentr-un impas. Dac\u0103 am oferit supa ca gest de omenie, nu am prev\u0103zut consecin\u021bele. Ce se \u00eent\u00e2mpl\u0103 c\u00e2nd gestul generos al unei persoane se ciocne\u0219te cu stigmatul ad\u0103postirii publice?<\/p>\n\n\n\n<p>Mi-am rev\u0103zut propria-mi team\u0103: mirosul at\u00e2t de intens, reac\u021bia mea instinctiv\u0103 care puseser\u0103 o barier\u0103 \u00eentre noi. Parc\u0103 viitorul nostru comun, o rela\u021bie ne\u0219tiut\u0103, o leg\u0103tur\u0103 nea\u0219teptat\u0103, s-ar fi fr\u00e2nt acolo. Acea barier\u0103 mi-a r\u0103scolit regrete profunde \u2014 pentru c\u0103, \u00een ad\u00e2ncul meu, am sim\u021bit c\u0103 m\u0103 ghidam dup\u0103 un instinct nedrept: mi-era mil\u0103 \u0219i ru\u0219ine \u00een acela\u0219i timp.<\/p>\n\n\n\n<h3 class=\"wp-block-heading\"> Efectul \u00een lan\u021b<\/h3>\n\n\n\n<p>\u00cen s\u0103pt\u0103m\u00e2nile care au urmat, am aflat c\u0103 poli\u021bia l-a externat dup\u0103 c\u00e2teva zile, dar f\u0103r\u0103 ad\u0103post \u00een care s\u0103-l duc\u0103. L-au l\u0103sat \u00eenapoi pe strad\u0103, aproape de cantonul \u00een care a fost g\u0103sit. De acolo, a disp\u0103rut. Cineva l-a v\u0103zut pe la marginea ora\u0219ului, spirale de dezorientare \u00een ochi. Apoi\u2026 nimic.<\/p>\n\n\n\n<p>Am \u00eenceput s\u0103 m\u0103 \u00eentreb: ce este mai responsabil? S\u0103-l ajut pe moment, dar f\u0103r\u0103 solu\u021bie pe termen lung? S\u0103 alertez autorit\u0103\u021bile, dar s-ar fi degradat rapid \u00een sistem? S\u0103-l invit la bar \u0219i s\u0103-i ofer hran\u0103, risc\u00e2nd ca el s\u0103 devin\u0103 agresiv, spun colegii, din cauza st\u0103rii lui psihice?<\/p>\n\n\n\n<p>Simt c\u0103 bun\u0103tatea mea nu a fost suficient\u0103. Sentimentul c\u0103 am l\u0103sat \u00eenceputul unei povesti neterminate\u2026 singur\u0103tate neagr\u0103, r\u0103ni nevindecate, o vulnerabilitate care se putea agrava.<\/p>\n\n\n\n<h3 class=\"wp-block-heading\"> Discu\u021bii cu speciali\u0219ti<\/h3>\n\n\n\n<p>Am decis s\u0103 m\u0103 implic activ. De fiecare dat\u0103 c\u00e2nd trec pe l\u00e2ng\u0103 locul unde \u00eel-am cunoscut, o parte din mine sper\u0103 c\u0103-l voi \u00eent\u00e2lni. Am \u00eenceput s\u0103 \u00eentreb ONG-uri locale din Bucure\u0219ti \u2014 pentru c\u0103 povestea, de\u0219i s-a \u00eent\u00e2mplat \u00een alt ora\u0219, genericul e acela\u0219i: oameni vulnerabili, f\u0103r\u0103 ad\u0103post, f\u0103r\u0103 centrul sprijinului.<\/p>\n\n\n\n<p>Am citit, m-am documentat: au centre de zi, consiliere, posibilitatea reintegr\u0103rii. Am ajuns s\u0103 fiu voluntar\u0103 pentru c\u00e2teva ore pe s\u0103pt\u0103m\u00e2n\u0103. Organiz\u0103m mese calde, consulta\u021bii medicale, psihologice, consiliere.<\/p>\n\n\n\n<h3 class=\"wp-block-heading\"> Lec\u021bii \u00eenv\u0103\u021bate<\/h3>\n\n\n\n<ol class=\"wp-block-list\">\n<li><strong>Bun\u0103tatea trebuie s\u0103 vin\u0103 cu responsabilitate<\/strong>\u00a0\u2014 nu e suficient doar s\u0103 oferi duios. Trebuie s\u0103 te asiguri c\u0103 gestul e acompaniat de solu\u021bii reale.<\/li>\n\n\n\n<li><strong>Costul emo\u021bional este ridicat<\/strong>\u00a0\u2014 spontan, m-am sim\u021bit bine; apoi, frica, regretul, obsesia c\u0103 n-am f\u0103cut destul.<\/li>\n\n\n\n<li><strong>Structurile specializate exist\u0103<\/strong>\u00a0\u2014 dar trebuie date voie, atrase \u00een zona de criz\u0103, implicate.<\/li>\n\n\n\n<li><strong>Colaborarea aduce rezultate<\/strong>\u00a0\u2014 eu, ONG, autorit\u0103\u021bi, comunitate \u2014 \u00eempreun\u0103 putem construi pun\u021bi de siguran\u021b\u0103.<\/li>\n<\/ol>\n\n\n\n<h3 class=\"wp-block-heading\"> Unde sunt acum<\/h3>\n\n\n\n<p>Nu \u0219tiu ce s-a \u00eent\u00e2mplat cu omul meu din col\u021b. Nici numele lui. Dar \u0219tiu c\u0103 gestul meu nu a fost \u00eent\u00e2mpl\u0103tor: m-a schimbat, m-a responsabilizat. Am trecut, azi, pe l\u00e2ng\u0103 banca lui: era liber\u0103, ca la prima zi. \u00cemi trag sufletul \u0219i-mi promit: data viitoare, dac\u0103 \u00eel \u00eent\u00e2lnesc, nu m\u0103 voi opri la sup\u0103.<\/p>\n\n\n\n<p>\u00cel voi \u00eentreba dac\u0103 vrea ajutor real, dac\u0103 vrea un loc sigur, o consiliere, o re\u00eentoarcere undeva. \u0218i dac\u0103 refuz\u0103 \u2014 voi r\u0103m\u00e2ne al\u0103turi, voi oferi informa\u021bie, voi fi o \u00eent\u00e2lnire calm\u0103, disponibil\u0103, f\u0103r\u0103 presiune. Nu numai acum, ci de fiecare dat\u0103 c\u00e2nd \u00eel voi reg\u0103si.<\/p>\n\n\n\n<p>\u0218tiu, va fi dureros. Dar regretul cel mai mare mi-ar fi fost dac\u0103 a\u0219 fi \u00eenchis ochii, a\u0219 fi dat vina pe al\u021bii, a\u0219 fi considerat c\u0103 eu nu pot face nimic. Fie \u0219i un sfat bun, un contact util, o posibilitate economic\u0103, un z\u00e2mbet \u2014 toate pot fi sc\u00e2ntei. F\u0103r\u0103 ele, totul se stingea \u00een \u00eenghe\u021bul acela costumat \u00een sup\u0103 cald\u0103.<\/p>\n","protected":false},"excerpt":{"rendered":"<p>\u00cen ziua \u00een care l-am ajutat, nu mi-am imaginat nici pentru o clip\u0103 c\u0103 gestul meu avea s\u0103 declan\u0219eze o serie de evenimente nea\u0219teptate \u0219i tulbur\u0103toare. Dup\u0103 ce i-am oferit cea\u0219ca de sup\u0103, mi-am spus c\u0103 m\u0103car am f\u0103cut ceva bine, c\u0103 am adus pu\u021bin\u0103 c\u0103ldur\u0103 \u00een via\u021ba lui. Dar s-a dovedit c\u0103 nu era &#8230; <a title=\"\u00cen ziua \u00een care l-am ajutat\" class=\"read-more\" href=\"https:\/\/dobrezrodla.com\/?p=1654\" aria-label=\"Read more about \u00cen ziua \u00een care l-am ajutat\">Read more<\/a><\/p>\n","protected":false},"author":1,"featured_media":0,"comment_status":"open","ping_status":"open","sticky":false,"template":"","format":"standard","meta":{"footnotes":""},"categories":[1],"tags":[],"class_list":["post-1654","post","type-post","status-publish","format-standard","hentry","category-uncategorized"],"_links":{"self":[{"href":"https:\/\/dobrezrodla.com\/index.php?rest_route=\/wp\/v2\/posts\/1654","targetHints":{"allow":["GET"]}}],"collection":[{"href":"https:\/\/dobrezrodla.com\/index.php?rest_route=\/wp\/v2\/posts"}],"about":[{"href":"https:\/\/dobrezrodla.com\/index.php?rest_route=\/wp\/v2\/types\/post"}],"author":[{"embeddable":true,"href":"https:\/\/dobrezrodla.com\/index.php?rest_route=\/wp\/v2\/users\/1"}],"replies":[{"embeddable":true,"href":"https:\/\/dobrezrodla.com\/index.php?rest_route=%2Fwp%2Fv2%2Fcomments&post=1654"}],"version-history":[{"count":1,"href":"https:\/\/dobrezrodla.com\/index.php?rest_route=\/wp\/v2\/posts\/1654\/revisions"}],"predecessor-version":[{"id":1655,"href":"https:\/\/dobrezrodla.com\/index.php?rest_route=\/wp\/v2\/posts\/1654\/revisions\/1655"}],"wp:attachment":[{"href":"https:\/\/dobrezrodla.com\/index.php?rest_route=%2Fwp%2Fv2%2Fmedia&parent=1654"}],"wp:term":[{"taxonomy":"category","embeddable":true,"href":"https:\/\/dobrezrodla.com\/index.php?rest_route=%2Fwp%2Fv2%2Fcategories&post=1654"},{"taxonomy":"post_tag","embeddable":true,"href":"https:\/\/dobrezrodla.com\/index.php?rest_route=%2Fwp%2Fv2%2Ftags&post=1654"}],"curies":[{"name":"wp","href":"https:\/\/api.w.org\/{rel}","templated":true}]}}