{"id":1668,"date":"2025-07-18T17:44:02","date_gmt":"2025-07-18T17:44:02","guid":{"rendered":"https:\/\/dobrezrodla.com\/?p=1668"},"modified":"2025-07-18T17:44:02","modified_gmt":"2025-07-18T17:44:02","slug":"elena-udrea-eliberata-din-detentie-vrea-sa-si-dedice-timpul-fiicei-si-exclude-revenirea-in-lumina-reflectoarelor","status":"publish","type":"post","link":"https:\/\/dobrezrodla.com\/?p=1668","title":{"rendered":"Elena Udrea eliberat\u0103 din deten\u021bie vrea s\u0103-\u0219i dedice timpul fiicei \u0219i exclude revenirea \u00een lumina reflectoarelor"},"content":{"rendered":"<p>Dup\u0103 mai bine de trei ani petrecu\u021bi \u00een deten\u021bie, o fost\u0103 figur\u0103 marcant\u0103 a politicii rom\u00e2ne\u0219ti a fost eliberat\u0103 condi\u021bionat. La ie\u0219irea din penitenciar, aceasta a declarat c\u0103 inten\u021bioneaz\u0103 s\u0103 \u00ee\u0219i petreac\u0103 timpul al\u0103turi de copilul s\u0103u, c\u0103ruia vrea s\u0103-i ofere o surpriz\u0103, ne\u0219tiind c\u0103 mama ei va reveni acas\u0103 \u00een aceast\u0103 zi.<\/p>\n<p>Fosta de\u021binut\u0103 a m\u0103rturisit c\u0103 perioada petrecut\u0103 \u00een \u00eenchisoare a fost extrem de dificil\u0103, mai ales din cauza condi\u021biilor, \u0219i c\u0103, de\u0219i a f\u0103cut fa\u021b\u0103 cu ajutor divin, nu ar dori nim\u0103nui o astfel de experien\u021b\u0103.<\/p>\n<p>\u201eA fost greu. Este mai greu \u00eentr-un astfel de loc pentru femei dec\u00e2t pentru b\u0103rba\u021bi. Vorbim de mame, femei care au gre\u0219it, e adev\u0103rat, dar cine este f\u0103r\u0103 gre\u0219eal\u0103?\u201d, a declarat ea.<\/p>\n<p>Planurile dup\u0103 eliberare<\/p>\n<p>\u00centrebat\u0103 despre viitor, fosta politician\u0103 a spus clar c\u0103 nu are inten\u021bia de a reveni \u00een spa\u021biul politic. \u00cen schimb, analizeaz\u0103 alte variante profesionale, dar, pentru moment, \u00ee\u0219i dore\u0219te s\u0103 se concentreze pe via\u021ba de familie.<\/p>\n<p>\u201eNu \u00eemi mai trece prin cap s\u0103 m\u0103 \u00eentorc \u00een acel domeniu. Acum, prioritatea este copilul meu. Vreau s\u0103 m\u0103 ocup de ea, s\u0103 fiu prezent\u0103 \u00een via\u021ba ei a\u0219a cum n-am putut \u00een ultimii ani\u201d, a spus ea \u00een fa\u021ba presei.<\/p>\n<p>Aceasta a mai ad\u0103ugat c\u0103 partenerul s\u0103u de via\u021b\u0103 a sprijinit-o constant \u0219i c\u0103 se va baza pe el o perioad\u0103, p\u00e2n\u0103 c\u00e2nd se va putea reorienta profesional.<\/p>\n<p>Detalii despre starea de s\u0103n\u0103tate<\/p>\n<p>Fosta de\u021binut\u0103 a vorbit \u0219i despre problemele medicale recente, preciz\u00e2nd c\u0103 a trecut printr-o interven\u021bie chirurgical\u0103 urgent\u0103. Potrivit declara\u021biilor, a fost o situa\u021bie limit\u0103, iar faptul c\u0103 nu a primit medica\u021bie \u00eenainte de interven\u021bie a fost, spune ea, \u201eo minune\u201d care a prevenit complica\u021bii.<\/p>\n<p>\u201eAm avut noroc c\u0103 nu era nimeni la cabinet. Dac\u0103 luam ceva pentru durere, a\u0219 fi riscat complica\u021bii grave. Diagnosticul a fost pus \u00een ultimul moment. A fost o interven\u021bie rapid\u0103, cu final fericit\u201d, a spus aceasta, mul\u021bumind medicilor care s-au ocupat de ea.<\/p>\n","protected":false},"excerpt":{"rendered":"<p>Dup\u0103 mai bine de trei ani petrecu\u021bi \u00een deten\u021bie, o fost\u0103 figur\u0103 marcant\u0103 a politicii rom\u00e2ne\u0219ti a fost eliberat\u0103 condi\u021bionat. La ie\u0219irea din penitenciar, aceasta a declarat c\u0103 inten\u021bioneaz\u0103 s\u0103 \u00ee\u0219i petreac\u0103 timpul al\u0103turi de copilul s\u0103u, c\u0103ruia vrea s\u0103-i ofere o surpriz\u0103, ne\u0219tiind c\u0103 mama ei va reveni acas\u0103 \u00een aceast\u0103 zi. Fosta de\u021binut\u0103 &#8230; <a title=\"Elena Udrea eliberat\u0103 din deten\u021bie vrea s\u0103-\u0219i dedice timpul fiicei \u0219i exclude revenirea \u00een lumina reflectoarelor\" class=\"read-more\" href=\"https:\/\/dobrezrodla.com\/?p=1668\" aria-label=\"Read more about Elena Udrea eliberat\u0103 din deten\u021bie vrea s\u0103-\u0219i dedice timpul fiicei \u0219i exclude revenirea \u00een lumina reflectoarelor\">Read more<\/a><\/p>\n","protected":false},"author":1,"featured_media":1667,"comment_status":"closed","ping_status":"open","sticky":false,"template":"","format":"standard","meta":{"footnotes":""},"categories":[1],"tags":[],"class_list":["post-1668","post","type-post","status-publish","format-standard","has-post-thumbnail","hentry","category-uncategorized"],"_links":{"self":[{"href":"https:\/\/dobrezrodla.com\/index.php?rest_route=\/wp\/v2\/posts\/1668","targetHints":{"allow":["GET"]}}],"collection":[{"href":"https:\/\/dobrezrodla.com\/index.php?rest_route=\/wp\/v2\/posts"}],"about":[{"href":"https:\/\/dobrezrodla.com\/index.php?rest_route=\/wp\/v2\/types\/post"}],"author":[{"embeddable":true,"href":"https:\/\/dobrezrodla.com\/index.php?rest_route=\/wp\/v2\/users\/1"}],"replies":[{"embeddable":true,"href":"https:\/\/dobrezrodla.com\/index.php?rest_route=%2Fwp%2Fv2%2Fcomments&post=1668"}],"version-history":[{"count":1,"href":"https:\/\/dobrezrodla.com\/index.php?rest_route=\/wp\/v2\/posts\/1668\/revisions"}],"predecessor-version":[{"id":1669,"href":"https:\/\/dobrezrodla.com\/index.php?rest_route=\/wp\/v2\/posts\/1668\/revisions\/1669"}],"wp:featuredmedia":[{"embeddable":true,"href":"https:\/\/dobrezrodla.com\/index.php?rest_route=\/wp\/v2\/media\/1667"}],"wp:attachment":[{"href":"https:\/\/dobrezrodla.com\/index.php?rest_route=%2Fwp%2Fv2%2Fmedia&parent=1668"}],"wp:term":[{"taxonomy":"category","embeddable":true,"href":"https:\/\/dobrezrodla.com\/index.php?rest_route=%2Fwp%2Fv2%2Fcategories&post=1668"},{"taxonomy":"post_tag","embeddable":true,"href":"https:\/\/dobrezrodla.com\/index.php?rest_route=%2Fwp%2Fv2%2Ftags&post=1668"}],"curies":[{"name":"wp","href":"https:\/\/api.w.org\/{rel}","templated":true}]}}