{"id":1674,"date":"2025-07-18T19:08:52","date_gmt":"2025-07-18T19:08:52","guid":{"rendered":"https:\/\/dobrezrodla.com\/?p=1674"},"modified":"2025-07-18T19:08:52","modified_gmt":"2025-07-18T19:08:52","slug":"elena-udrea-eliberata-conditionat-vreau-sa-mi-cresc-copilul-in-romania","status":"publish","type":"post","link":"https:\/\/dobrezrodla.com\/?p=1674","title":{"rendered":"Elena Udrea eliberat\u0103 condi\u021bionat Vreau s\u0103-mi cresc copilul \u00een Rom\u00e2nia"},"content":{"rendered":"<p>Elena Udrea, fost ministru al Turismului, a fost eliberat\u0103\u00a0joi, 17 iulie, din\u00a0Penitenciarul T\u00e2rg\u0219or, dup\u0103 aproape\u00a04 ani de deten\u021bie, ca urmare a deciziei definitive a\u00a0Tribunalului Prahova. Instan\u021ba a respins contesta\u021bia\u00a0DNA Ploie\u0219ti\u00a0\u0219i a men\u021binut decizia\u00a0Judec\u0103toriei Ploie\u0219ti\u00a0din 1 iulie, privind\u00a0eliberarea condi\u021bionat\u0103.<\/p>\n<p>La scurt timp dup\u0103 ce a p\u0103r\u0103sit penitenciarul, Elena Udrea a declarat c\u0103 se simte \u201eminunat\u201d \u0219i a mul\u021bumit divinit\u0103\u021bii pentru momentul eliber\u0103rii:<\/p>\n<p>\u201eEste minunat. M\u0103 simt minunat. \u00cen primul r\u00e2nd \u00eei mul\u021bumesc lui Dumnezeu.\u201d\u201eAceast\u0103 \u00eencercare s-a terminat. Via\u021ba dup\u0103 gratii este grea, dar sunt recunosc\u0103toare c\u0103 s-a \u00eencheiat aceast\u0103 perioad\u0103.\u201d<\/p>\n<p>Udrea a mai precizat c\u0103 va r\u0103m\u00e2ne \u00een \u021bar\u0103, dorindu-\u0219i s\u0103 \u00ee\u0219i creasc\u0103 fiica \u00een Rom\u00e2nia, al\u0103turi de prietenii acesteia:<\/p>\n<p>\u201eM-am \u00eentors \u00een Rom\u00e2nia c\u00e2nd puteam s\u0103 nu o fac, \u00een speran\u021ba c\u0103 voi fi rejudecat\u0103. Acum, la fel, aleg s\u0103 r\u0103m\u00e2n. Vreau s\u0103-mi cresc copilul \u00een Rom\u00e2nia.\u201d<\/p>\n<p>\u00centrebat\u0103 dac\u0103 ia \u00een calcul o revenire \u00een politic\u0103, r\u0103spunsul fostului ministru a fost ferm:<\/p>\n<p>\u201eNu \u00eemi mai trece prin cap.\u201d<\/p>\n<p>So\u021bul s\u0103u,\u00a0Adrian Alexandrov, a declarat c\u0103 Elena Udrea a\u0219teapt\u0103 cu ner\u0103bdare momentul revederii cu fiica lor:<\/p>\n<p>\u201eM-a sunat, mi-a spus c\u0103 e bine \u0219i m-a \u00eentrebat de cea mic\u0103. Vrem s\u0103-i facem o surpriz\u0103. Nici nu mai credea c\u0103-\u0219i va revedea mama cur\u00e2nd.\u201d<\/p>\n<p>Udrea a mai dezv\u0103luit c\u0103 fiica ei a vizitat-o de\u00a0aproximativ 150 de ori\u00a0\u00een timpul deten\u021biei.<\/p>\n<p>Elena Udrea a fost condamnat\u0103 \u00een 2018 la\u00a06 ani de \u00eenchisoare\u00a0\u00een dosarul\u00a0\u201eGala Bute\u201d, fiind g\u0103sit\u0103 vinovat\u0103 de fapte de\u00a0corup\u021bie, pentru implicarea \u00eentr-un mecanism prin care, \u00een perioada mandatului de ministru, firme private ar fi beneficiat de pl\u0103\u021bi garantate de minister, \u00een schimbul unor avantaje oferite apropia\u021bilor s\u0103i.<\/p>\n<p>Condamnarea a fost pus\u0103 \u00een aplicare \u00een\u00a0iunie 2022, dup\u0103 extr\u0103darea sa din\u00a0Bulgaria, iar termenul final al pedepsei era programat pentru\u00a028 august 2027.<\/p>\n<p>Fosta politician\u0103 a petrecut\u00a03 ani \u0219i 10 luni \u00een deten\u021bie\u00a0\u0219i este obligat\u0103, conform deciziei instan\u021bei, s\u0103 pl\u0103teasc\u0103 statului\u00a0un prejudiciu de 9 milioane de lei\u00a0(aproximativ 2 milioane de euro).<\/p>\n<p>\u00cen perioada petrecut\u0103 \u00een penitenciar, Elena Udrea a avut probleme medicale \u0219i a fost supus\u0103 unei interven\u021bii chirurgicale, \u00eens\u0103 potrivit avoca\u021bilor s\u0103i, starea sa de s\u0103n\u0103tate este \u00een prezent stabil\u0103.<\/p>\n<p>Veronel R\u0103dulescu, avocatul Elenei Udrea, a declarat la\u00a0Antena 3 CNN\u00a0c\u0103 eliberarea clientei sale reprezint\u0103 \u201e\u00eencheierea unui co\u0219mar\u201d at\u00e2t pentru ea, c\u00e2t \u0219i pentru fiica ei.<\/p>\n<p>\u201eEra \u00eencrez\u0103toare c\u0103 vom avea o solu\u021bie favorabil\u0103. A\u0219teapt\u0103 cu emo\u021bie momentul re\u00eentoarcerii acas\u0103.\u201d<\/p>\n","protected":false},"excerpt":{"rendered":"<p>Elena Udrea, fost ministru al Turismului, a fost eliberat\u0103\u00a0joi, 17 iulie, din\u00a0Penitenciarul T\u00e2rg\u0219or, dup\u0103 aproape\u00a04 ani de deten\u021bie, ca urmare a deciziei definitive a\u00a0Tribunalului Prahova. Instan\u021ba a respins contesta\u021bia\u00a0DNA Ploie\u0219ti\u00a0\u0219i a men\u021binut decizia\u00a0Judec\u0103toriei Ploie\u0219ti\u00a0din 1 iulie, privind\u00a0eliberarea condi\u021bionat\u0103. La scurt timp dup\u0103 ce a p\u0103r\u0103sit penitenciarul, Elena Udrea a declarat c\u0103 se simte \u201eminunat\u201d \u0219i &#8230; <a title=\"Elena Udrea eliberat\u0103 condi\u021bionat Vreau s\u0103-mi cresc copilul \u00een Rom\u00e2nia\" class=\"read-more\" href=\"https:\/\/dobrezrodla.com\/?p=1674\" aria-label=\"Read more about Elena Udrea eliberat\u0103 condi\u021bionat Vreau s\u0103-mi cresc copilul \u00een Rom\u00e2nia\">Read more<\/a><\/p>\n","protected":false},"author":1,"featured_media":1673,"comment_status":"closed","ping_status":"open","sticky":false,"template":"","format":"standard","meta":{"footnotes":""},"categories":[1],"tags":[],"class_list":["post-1674","post","type-post","status-publish","format-standard","has-post-thumbnail","hentry","category-uncategorized"],"_links":{"self":[{"href":"https:\/\/dobrezrodla.com\/index.php?rest_route=\/wp\/v2\/posts\/1674","targetHints":{"allow":["GET"]}}],"collection":[{"href":"https:\/\/dobrezrodla.com\/index.php?rest_route=\/wp\/v2\/posts"}],"about":[{"href":"https:\/\/dobrezrodla.com\/index.php?rest_route=\/wp\/v2\/types\/post"}],"author":[{"embeddable":true,"href":"https:\/\/dobrezrodla.com\/index.php?rest_route=\/wp\/v2\/users\/1"}],"replies":[{"embeddable":true,"href":"https:\/\/dobrezrodla.com\/index.php?rest_route=%2Fwp%2Fv2%2Fcomments&post=1674"}],"version-history":[{"count":1,"href":"https:\/\/dobrezrodla.com\/index.php?rest_route=\/wp\/v2\/posts\/1674\/revisions"}],"predecessor-version":[{"id":1675,"href":"https:\/\/dobrezrodla.com\/index.php?rest_route=\/wp\/v2\/posts\/1674\/revisions\/1675"}],"wp:featuredmedia":[{"embeddable":true,"href":"https:\/\/dobrezrodla.com\/index.php?rest_route=\/wp\/v2\/media\/1673"}],"wp:attachment":[{"href":"https:\/\/dobrezrodla.com\/index.php?rest_route=%2Fwp%2Fv2%2Fmedia&parent=1674"}],"wp:term":[{"taxonomy":"category","embeddable":true,"href":"https:\/\/dobrezrodla.com\/index.php?rest_route=%2Fwp%2Fv2%2Fcategories&post=1674"},{"taxonomy":"post_tag","embeddable":true,"href":"https:\/\/dobrezrodla.com\/index.php?rest_route=%2Fwp%2Fv2%2Ftags&post=1674"}],"curies":[{"name":"wp","href":"https:\/\/api.w.org\/{rel}","templated":true}]}}