{"id":16763,"date":"2026-02-14T11:14:19","date_gmt":"2026-02-14T11:14:19","guid":{"rendered":"https:\/\/dobrezrodla.com\/?p=16763"},"modified":"2026-02-14T11:14:20","modified_gmt":"2026-02-14T11:14:20","slug":"wiadomo-na-co-chorowala-bozena-dykiel-aktorka-zmagala-sie-z-powazna-choroba","status":"publish","type":"post","link":"https:\/\/dobrezrodla.com\/?p=16763","title":{"rendered":"Wiadomo, na co chorowa\u0142a Bo\u017cena Dykiel. Aktorka zmaga\u0142a si\u0119 z powa\u017cn\u0105 chorob\u0105"},"content":{"rendered":"\n<p>Bo\u017cena Dykiel, przez lata jedna z najpopularniejszych i najbardziej lubianych polskich aktorek, znana przede wszystkim z roli Marii Zi\u0119by w serialu \u201eNa Wsp\u00f3lnej\u201d, przez d\u0142ugi czas zmaga\u0142a si\u0119 z powa\u017cnymi problemami zdrowotnymi. Pomimo sympatii milion\u00f3w fan\u00f3w i blasku reflektor\u00f3w ukrywa\u0142a dramatyczn\u0105 walk\u0119 o zdrowie. Szczere wyznania aktorki oraz medialne doniesienia ods\u0142aniaj\u0105, jak ci\u0119\u017ck\u0105 chorob\u0119 skrywa\u0142a za kulisami kariery.<\/p>\n\n\n\n<h2 class=\"wp-block-heading\">Problemy zdrowotne, kt\u00f3re odmieni\u0142y \u017cycie Bo\u017ceny Dykiel<\/h2>\n\n\n\n<p>Pierwsze niepokoj\u0105ce objawy pojawi\u0142y si\u0119 ju\u017c w 2017 roku. Podczas pracy na planie \u201eNa Wsp\u00f3lnej\u201d aktorka straci\u0142a przytomno\u015b\u0107. Jak p\u00f3\u017aniej zdradzi\u0142a, przyczyn\u0105 by\u0142 problem z sercem, kt\u00f3ry wcze\u015bniej bagatelizowa\u0142a. Mikrouszkodzenia zdrowotne wynika\u0142y z intensywnego tempa \u017cycia i zaniedbywania sygna\u0142\u00f3w organizmu.<\/p>\n\n\n\n<blockquote class=\"wp-block-quote is-layout-flow wp-block-quote-is-layout-flow\">\n<p>\u201ePrzez lata bagatelizowa\u0142am zdrowie. Wiedzia\u0142am, \u017ce mam wad\u0119 serca, ale dalej \u017cy\u0142am jak wariatka\u201d \u2013 przyznawa\u0142a w wywiadzie dla \u201eTwojego Stylu\u201d.<\/p>\n<\/blockquote>\n\n\n\n<h2 class=\"wp-block-heading\">Zignorowane objawy i dramatyczny moment na planie<\/h2>\n\n\n\n<p>Omdlenie sta\u0142o si\u0119 sygna\u0142em alarmowym. Po badaniach w Instytucie Kardiologii w Aninie lekarze zdiagnozowali powa\u017cn\u0105 wad\u0119 zastawki serca, wymagaj\u0105c\u0105 natychmiastowej operacji. Zabieg przeprowadzono w Katowicach, gdzie wszczepiono aktorce now\u0105 zastawk\u0119. Jak sama podkre\u015bla\u0142a, podczas skomplikowanej procedury przez kilka godzin \u201e\u017cy\u0142a na sztucznym sercu\u201d.<\/p>\n\n\n\n<figure class=\"wp-block-image\"><img decoding=\"async\" src=\"https:\/\/bystragrazyna.pl\/wp-content\/uploads\/2026\/02\/156.jpg\" alt=\"obrazek\"\/><\/figure>\n\n\n\n<h2 class=\"wp-block-heading\">Operacja ratuj\u0105ca \u017cycie i zmiana podej\u015bcia do zdrowia<\/h2>\n\n\n\n<p>Po operacji Bo\u017cena Dykiel na sta\u0142e zwolni\u0142a tempo \u017cycia. Zacz\u0119\u0142a docenia\u0107 relaks, odpoczynek i konieczno\u015b\u0107 dbania o siebie. Wydarzenie to odmieni\u0142o jej podej\u015bcie do zdrowia, ko\u0144cz\u0105c okres intensywnej pracy bez przerw.<\/p>\n\n\n\n<h2 class=\"wp-block-heading\">Wp\u0142yw choroby na karier\u0119 i codzienne \u017cycie<\/h2>\n\n\n\n<p>Problemy z sercem wp\u0142yn\u0119\u0142y bezpo\u015brednio na karier\u0119 i \u017cycie prywatne aktorki. Jej aktywno\u015b\u0107 na planie serialu zosta\u0142a ograniczona, a wielogodzinny grafik zast\u0105pi\u0142o spokojniejsze tempo, umo\u017cliwiaj\u0105ce dbanie o kondycj\u0119 i unikanie zm\u0119czenia. Choroby uk\u0142adu kr\u0105\u017cenia to powa\u017cne zagro\u017cenie, zw\u0142aszcza u os\u00f3b starszych, wymagaj\u0105ce sta\u0142ej kontroli.<\/p>\n\n\n\n<h2 class=\"wp-block-heading\">Zaanga\u017cowanie spo\u0142eczne mimo choroby<\/h2>\n\n\n\n<p>Pomimo trudno\u015bci Bo\u017cena Dykiel anga\u017cowa\u0142a si\u0119 w dzia\u0142ania spo\u0142eczne. By\u0142a ambasadork\u0105 kampanii \u201eTwarze depresji. Nie oceniam. Akceptuj\u0119.\u201d, zwracaj\u0105c uwag\u0119 na problemy zdrowia psychicznego. Otwarcie m\u00f3wi\u0142a te\u017c o swojej walce z depresj\u0105, kt\u00f3r\u0105 \u0142\u0105czy\u0142a z zawodowymi wyzwaniami i niedotlenieniem m\u00f3zgu spowodowanym wad\u0105 serca. Choroba sta\u0142a si\u0119 dla niej motywacj\u0105 do rozmowy o potrzebie troski o zdrowie w dojrza\u0142ym wieku.<\/p>\n\n\n\n<h2 class=\"wp-block-heading\">Bo\u017cena Dykiel \u2013 legenda polskiej kultury i jej dziedzictwo<\/h2>\n\n\n\n<p>Bo\u017cena Dykiel pozostanie w pami\u0119ci jako aktorka o niepowtarzalnym charakterze i bogatym dorobku artystycznym. 13 lutego 2026 roku media poinformowa\u0142y o jej \u015bmierci w wieku 77 lat. O odej\u015bciu gwiazdy powiadomi\u0142 ksi\u0105dz Andrzej Luter, podkre\u015blaj\u0105c jej charyzm\u0119 i talent.<\/p>\n\n\n\n<p>Kariera Dykiel obfitowa\u0142a w sukcesy w teatrze, filmie i telewizji. Absolwentka Pa\u0144stwowej Wy\u017cszej Szko\u0142y Teatralnej w Warszawie wsp\u00f3\u0142pracowa\u0142a z wybitnymi re\u017cyserami, umacniaj\u0105c swoje miejsce w historii polskiej kultury. Mimo ci\u0119\u017ckiej choroby do ostatnich lat pozosta\u0142a aktywna zawodowo i spo\u0142ecznie, podkre\u015blaj\u0105c warto\u015b\u0107 ka\u017cdego dnia.<\/p>\n","protected":false},"excerpt":{"rendered":"<p>Bo\u017cena Dykiel, przez lata jedna z najpopularniejszych i najbardziej lubianych polskich aktorek, znana przede wszystkim z roli Marii Zi\u0119by w serialu \u201eNa Wsp\u00f3lnej\u201d, przez d\u0142ugi czas zmaga\u0142a si\u0119 z powa\u017cnymi problemami zdrowotnymi. Pomimo sympatii milion\u00f3w fan\u00f3w i blasku reflektor\u00f3w ukrywa\u0142a dramatyczn\u0105 walk\u0119 o zdrowie. Szczere wyznania aktorki oraz medialne doniesienia ods\u0142aniaj\u0105, jak ci\u0119\u017ck\u0105 chorob\u0119 skrywa\u0142a &#8230; <a title=\"Wiadomo, na co chorowa\u0142a Bo\u017cena Dykiel. Aktorka zmaga\u0142a si\u0119 z powa\u017cn\u0105 chorob\u0105\" class=\"read-more\" href=\"https:\/\/dobrezrodla.com\/?p=16763\" aria-label=\"Read more about Wiadomo, na co chorowa\u0142a Bo\u017cena Dykiel. Aktorka zmaga\u0142a si\u0119 z powa\u017cn\u0105 chorob\u0105\">Read more<\/a><\/p>\n","protected":false},"author":1,"featured_media":0,"comment_status":"open","ping_status":"open","sticky":false,"template":"","format":"standard","meta":{"footnotes":""},"categories":[1],"tags":[],"class_list":["post-16763","post","type-post","status-publish","format-standard","hentry","category-uncategorized"],"_links":{"self":[{"href":"https:\/\/dobrezrodla.com\/index.php?rest_route=\/wp\/v2\/posts\/16763","targetHints":{"allow":["GET"]}}],"collection":[{"href":"https:\/\/dobrezrodla.com\/index.php?rest_route=\/wp\/v2\/posts"}],"about":[{"href":"https:\/\/dobrezrodla.com\/index.php?rest_route=\/wp\/v2\/types\/post"}],"author":[{"embeddable":true,"href":"https:\/\/dobrezrodla.com\/index.php?rest_route=\/wp\/v2\/users\/1"}],"replies":[{"embeddable":true,"href":"https:\/\/dobrezrodla.com\/index.php?rest_route=%2Fwp%2Fv2%2Fcomments&post=16763"}],"version-history":[{"count":1,"href":"https:\/\/dobrezrodla.com\/index.php?rest_route=\/wp\/v2\/posts\/16763\/revisions"}],"predecessor-version":[{"id":16764,"href":"https:\/\/dobrezrodla.com\/index.php?rest_route=\/wp\/v2\/posts\/16763\/revisions\/16764"}],"wp:attachment":[{"href":"https:\/\/dobrezrodla.com\/index.php?rest_route=%2Fwp%2Fv2%2Fmedia&parent=16763"}],"wp:term":[{"taxonomy":"category","embeddable":true,"href":"https:\/\/dobrezrodla.com\/index.php?rest_route=%2Fwp%2Fv2%2Fcategories&post=16763"},{"taxonomy":"post_tag","embeddable":true,"href":"https:\/\/dobrezrodla.com\/index.php?rest_route=%2Fwp%2Fv2%2Ftags&post=16763"}],"curies":[{"name":"wp","href":"https:\/\/api.w.org\/{rel}","templated":true}]}}