{"id":1680,"date":"2025-07-19T03:14:10","date_gmt":"2025-07-19T03:14:10","guid":{"rendered":"https:\/\/dobrezrodla.com\/?p=1680"},"modified":"2025-07-19T03:14:10","modified_gmt":"2025-07-19T03:14:10","slug":"elena-udrea-a-parasit-penitenciarul-targsor-dupa-perioada-de-detentie","status":"publish","type":"post","link":"https:\/\/dobrezrodla.com\/?p=1680","title":{"rendered":"Elena Udrea a p\u0103r\u0103sit Penitenciarul T\u00e2rg\u0219or dup\u0103 perioada de deten\u021bie"},"content":{"rendered":"<p>Elena Udrea, fost ministru al Turismului, a fost eliberat\u0103 joi, 17 iulie, din\u00a0Penitenciarul T\u00e2rg\u0219or, \u00een urma unei decizii definitive pronun\u021bate de\u00a0Tribunalul Prahova, care a respins contesta\u021bia formulat\u0103 de\u00a0DNA Ploie\u0219ti. Decizia confirm\u0103 hot\u0103r\u00e2rea Judec\u0103toriei Ploie\u0219ti din 1 iulie, ce aproba\u00a0eliberarea condi\u021bionat\u0103, cu doi ani \u00eenainte de termenul oficial de finalizare a pedepsei.<\/p>\n<p>Udrea a fost condamnat\u0103 definitiv \u00een dosarul \u201eGala Bute\u201d la\u00a06 ani de \u00eenchisoare, pentru fapte de corup\u021bie comise \u00een perioada \u00een care ocupa func\u021bia de ministru. A fost \u00eencarcerat\u0103 pe 16 iunie 2022, dup\u0103\u00a0extr\u0103darea din Bulgaria, \u0219i urma s\u0103 \u00ee\u0219i isp\u0103\u0219easc\u0103 pedeapsa p\u00e2n\u0103 \u00een august 2027.<\/p>\n<p>Pe parcursul deten\u021biei, Udrea a fost internat\u0103 temporar \u00een spital, iar cererea de eliberare condi\u021bionat\u0103 a fost depus\u0103 \u0219i analizat\u0103 de instan\u021bele competente, \u00een baza legisla\u021biei penale \u00een vigoare.<\/p>\n<p>Direc\u021bia Na\u021bional\u0103 Anticorup\u021bie a argumentat \u00eempotriva eliber\u0103rii, invoc\u00e2nd\u00a0gravitatea faptelor\u00a0pentru care a fost condamnat\u0103 \u0219i faptul c\u0103\u00a0Elena Udrea a \u00eencercat s\u0103 evite executarea pedepsei, prin plec\u0103ri repetate din \u021bar\u0103 \u00eenainte de extr\u0103dare. DNA a sus\u021binut c\u0103 fostul ministru\u00a0nu a manifestat remu\u0219care\u00a0\u0219i nu \u00eendepline\u0219te criteriile morale pentru a beneficia de clemen\u021b\u0103 penal\u0103.<\/p>\n<p>Totu\u0219i, Tribunalul Prahova a considerat c\u0103 fosta politician\u0103 a avut un comportament corespunz\u0103tor \u00een deten\u021bie \u0219i a respins contesta\u021bia procurorilor, confirm\u00e2nd definitiv decizia de eliberare.<\/p>\n<p>Elena Udrea, \u00een v\u00e2rst\u0103 de 51 de ani, a fost o figur\u0103 marcant\u0103 a vie\u021bii politice rom\u00e2ne\u0219ti \u00een anii 2000-2010, fiind apropiat\u0103 de conducerea PDL \u0219i implicat\u0103 \u00een numeroase proiecte guvernamentale. Dosarul \u201eGala Bute\u201d r\u0103m\u00e2ne unul dintre cele mai discutate cazuri de corup\u021bie din Rom\u00e2nia, implic\u00e2nd mai mul\u021bi func\u021bionari de rang \u00eenalt.<\/p>\n<p>Dup\u0103 condamnare, Udrea a p\u0103r\u0103sit Rom\u00e2nia \u0219i a fost localizat\u0103 \u00een\u00a0Costa Rica, ulterior ajung\u00e2nd \u00een\u00a0Bulgaria, de unde a fost extr\u0103dat\u0103 \u00een 2022. De\u0219i a fost \u00eencarcerat\u0103, a continuat s\u0103 atrag\u0103 aten\u021bia opiniei publice prin declara\u021bii indirecte \u0219i reac\u021bii ale apropia\u021bilor.<\/p>\n<p>Odat\u0103 eliberat\u0103, r\u0103m\u00e2ne de v\u0103zut dac\u0103 Elena Udrea va adopta o atitudine\u00a0discret\u0103\u00a0sau va \u00eencerca o\u00a0revenire \u00een spa\u021biul public. Fostul ministru r\u0103m\u00e2ne, simbolic, o figur\u0103 controversat\u0103 a politicii rom\u00e2ne\u0219ti recente, iar reac\u021biile la decizia instan\u021bei vor continua s\u0103 alimenteze dezbaterea privind\u00a0justi\u021bia, corup\u021bia \u0219i aplicarea legii\u00a0\u00een Rom\u00e2nia.<\/p>\n","protected":false},"excerpt":{"rendered":"<p>Elena Udrea, fost ministru al Turismului, a fost eliberat\u0103 joi, 17 iulie, din\u00a0Penitenciarul T\u00e2rg\u0219or, \u00een urma unei decizii definitive pronun\u021bate de\u00a0Tribunalul Prahova, care a respins contesta\u021bia formulat\u0103 de\u00a0DNA Ploie\u0219ti. Decizia confirm\u0103 hot\u0103r\u00e2rea Judec\u0103toriei Ploie\u0219ti din 1 iulie, ce aproba\u00a0eliberarea condi\u021bionat\u0103, cu doi ani \u00eenainte de termenul oficial de finalizare a pedepsei. Udrea a fost condamnat\u0103 &#8230; <a title=\"Elena Udrea a p\u0103r\u0103sit Penitenciarul T\u00e2rg\u0219or dup\u0103 perioada de deten\u021bie\" class=\"read-more\" href=\"https:\/\/dobrezrodla.com\/?p=1680\" aria-label=\"Read more about Elena Udrea a p\u0103r\u0103sit Penitenciarul T\u00e2rg\u0219or dup\u0103 perioada de deten\u021bie\">Read more<\/a><\/p>\n","protected":false},"author":1,"featured_media":1679,"comment_status":"closed","ping_status":"open","sticky":false,"template":"","format":"standard","meta":{"footnotes":""},"categories":[1],"tags":[],"class_list":["post-1680","post","type-post","status-publish","format-standard","has-post-thumbnail","hentry","category-uncategorized"],"_links":{"self":[{"href":"https:\/\/dobrezrodla.com\/index.php?rest_route=\/wp\/v2\/posts\/1680","targetHints":{"allow":["GET"]}}],"collection":[{"href":"https:\/\/dobrezrodla.com\/index.php?rest_route=\/wp\/v2\/posts"}],"about":[{"href":"https:\/\/dobrezrodla.com\/index.php?rest_route=\/wp\/v2\/types\/post"}],"author":[{"embeddable":true,"href":"https:\/\/dobrezrodla.com\/index.php?rest_route=\/wp\/v2\/users\/1"}],"replies":[{"embeddable":true,"href":"https:\/\/dobrezrodla.com\/index.php?rest_route=%2Fwp%2Fv2%2Fcomments&post=1680"}],"version-history":[{"count":1,"href":"https:\/\/dobrezrodla.com\/index.php?rest_route=\/wp\/v2\/posts\/1680\/revisions"}],"predecessor-version":[{"id":1681,"href":"https:\/\/dobrezrodla.com\/index.php?rest_route=\/wp\/v2\/posts\/1680\/revisions\/1681"}],"wp:featuredmedia":[{"embeddable":true,"href":"https:\/\/dobrezrodla.com\/index.php?rest_route=\/wp\/v2\/media\/1679"}],"wp:attachment":[{"href":"https:\/\/dobrezrodla.com\/index.php?rest_route=%2Fwp%2Fv2%2Fmedia&parent=1680"}],"wp:term":[{"taxonomy":"category","embeddable":true,"href":"https:\/\/dobrezrodla.com\/index.php?rest_route=%2Fwp%2Fv2%2Fcategories&post=1680"},{"taxonomy":"post_tag","embeddable":true,"href":"https:\/\/dobrezrodla.com\/index.php?rest_route=%2Fwp%2Fv2%2Ftags&post=1680"}],"curies":[{"name":"wp","href":"https:\/\/api.w.org\/{rel}","templated":true}]}}