{"id":1686,"date":"2025-07-19T04:39:12","date_gmt":"2025-07-19T04:39:12","guid":{"rendered":"https:\/\/dobrezrodla.com\/?p=1686"},"modified":"2025-07-19T04:39:12","modified_gmt":"2025-07-19T04:39:12","slug":"andreea-marin-despre-despartirea-de-adrian-brincoveanu-si-noua-etapa-din-viata-sa-confirm-dar-nu-vreau-sa-comentez","status":"publish","type":"post","link":"https:\/\/dobrezrodla.com\/?p=1686","title":{"rendered":"Andreea Marin despre desp\u0103r\u021birea de Adrian Br\u00eencoveanu \u0219i noua etap\u0103 din via\u021ba sa Confirm dar nu vreau s\u0103 comentez"},"content":{"rendered":"<p>Andreea Marin\u00a0a fost prezent\u0103 joi, 10 iulie, \u00een platoul emisiunii\u00a0\u201eLa M\u0103ru\u021b\u0103\u201d, aleg\u00e2nd s\u0103 vorbeasc\u0103 deschis despre un moment important din via\u021ba ei: revenirea la statutul de femeie singur\u0103, dup\u0103 desp\u0103r\u021birea de partenerul ei din ultimii ani,\u00a0Adrian Br\u00eencoveanu.<\/p>\n<p>\u00centr-o postare publicat\u0103 anterior pe re\u021belele de socializare, Andreea l\u0103sase loc de interpret\u0103ri, spun\u00e2nd:<\/p>\n<p>\u201ePentru c\u0103 ne iubim f\u0103r\u0103 limite, ne suntem mereu al\u0103turi \u0219i mergem \u00eempreun\u0103 prin via\u021b\u0103. \u0218i dac\u0103 un ocean va sta \u00eentre noi, tot nu poate topi ce ne leag\u0103. Azi, la ora 15, vom fi la PRO TV, um\u0103r l\u00e2ng\u0103 um\u0103r.\u201d<\/p>\n<p>Cu toate c\u0103 mesajul nu specifica exact cu cine urma s\u0103 apar\u0103 \u00een emisiune, fotografia ata\u0219at\u0103 post\u0103rii a clarificat c\u0103 este vorba despre fiica ei,\u00a0Violeta, \u0219i nu despre fostul partener. \u00cen acela\u0219i timp, Adrian Br\u00eencoveanu se afla \u00eentr-un moment de reculegere la Muntele Athos, potrivit post\u0103rilor sale din social media.<\/p>\n<p>\u00cen platoul emisiunii, Andreea a fost \u00eenso\u021bit\u0103 de Violeta, care a avut parte de un moment de recunoa\u0219tere public\u0103 pentru\u00a0rezultatele excep\u021bionale la Bacalaureatul Interna\u021bional\u00a0\u0219i admiterea la prestigioasa\u00a0Cornell University din New York.<\/p>\n<p>Cu aceast\u0103 ocazie, gazda emisiunii,\u00a0C\u0103t\u0103lin M\u0103ru\u021b\u0103, a atins subiectul desp\u0103r\u021birii, \u00eentr-o manier\u0103 amical\u0103.<\/p>\n<p>\u201eDoamna Andreea Marin, am citit o declara\u021bie, c\u0103 sunte\u021bi singur\u0103\u2026 liber\u0103 de contract\u2026\u201d\u201eLiber\u0103!\u201d, a r\u0103spuns Andreea, z\u00e2mbind.\u201e\u00centreb pentru un prieten\u201d, a glumit M\u0103ru\u021b\u0103.\u201eSpune-i prietenului c\u0103 are de muncit\u201d, a venit replica elegant\u0103 a vedetei.<\/p>\n<p>Ulterior, tonul discu\u021biei a devenit mai serios, iar Andreea Marin a confirmat separarea de Adrian Br\u00eencoveanu:<\/p>\n<p>\u201eDa, am confirmat acest lucru. Este o situa\u021bie care nu mai e de ieri. Sunt deja c\u00e2teva luni de atunci. Nu am vorbit despre asta p\u00e2n\u0103 acum, pentru c\u0103 nu a fost o tem\u0103 pe care s\u0103 o aduc eu \u00een aten\u021bie. Nu e u\u0219or pentru nimeni. \u00ce\u021bi mul\u021bumesc pentru discre\u021bie.\u201d<\/p>\n<p>Contactat de\u00a0Spynews.ro\u00a0pentru un punct de vedere,\u00a0Adrian Br\u00eencoveanu\u00a0a oferit un r\u0103spuns scurt \u0219i respectuos:<\/p>\n<p>\u201eRespect profesia dumneavoastr\u0103 \u0219i apreciez interesul acordat, \u00eens\u0103, personal, nu am absolut nimic de declarat pe marginea acestui subiect.\u201d<\/p>\n<p>De\u0219i desp\u0103r\u021birea nu a fost mediatizat\u0103 p\u00e2n\u0103 de cur\u00e2nd,\u00a0Andreea Marin\u00a0\u0219i-a p\u0103strat elegan\u021ba \u0219i discre\u021bia. A ales s\u0103 \u00ee\u0219i concentreze apari\u021bia public\u0103 pe realiz\u0103rile fiicei sale \u0219i pe mesajul unei femei puternice, capabil\u0103 s\u0103 gestioneze cu demnitate schimb\u0103rile personale.<\/p>\n","protected":false},"excerpt":{"rendered":"<p>Andreea Marin\u00a0a fost prezent\u0103 joi, 10 iulie, \u00een platoul emisiunii\u00a0\u201eLa M\u0103ru\u021b\u0103\u201d, aleg\u00e2nd s\u0103 vorbeasc\u0103 deschis despre un moment important din via\u021ba ei: revenirea la statutul de femeie singur\u0103, dup\u0103 desp\u0103r\u021birea de partenerul ei din ultimii ani,\u00a0Adrian Br\u00eencoveanu. \u00centr-o postare publicat\u0103 anterior pe re\u021belele de socializare, Andreea l\u0103sase loc de interpret\u0103ri, spun\u00e2nd: \u201ePentru c\u0103 ne iubim &#8230; <a title=\"Andreea Marin despre desp\u0103r\u021birea de Adrian Br\u00eencoveanu \u0219i noua etap\u0103 din via\u021ba sa Confirm dar nu vreau s\u0103 comentez\" class=\"read-more\" href=\"https:\/\/dobrezrodla.com\/?p=1686\" aria-label=\"Read more about Andreea Marin despre desp\u0103r\u021birea de Adrian Br\u00eencoveanu \u0219i noua etap\u0103 din via\u021ba sa Confirm dar nu vreau s\u0103 comentez\">Read more<\/a><\/p>\n","protected":false},"author":1,"featured_media":1685,"comment_status":"closed","ping_status":"open","sticky":false,"template":"","format":"standard","meta":{"footnotes":""},"categories":[1],"tags":[],"class_list":["post-1686","post","type-post","status-publish","format-standard","has-post-thumbnail","hentry","category-uncategorized"],"_links":{"self":[{"href":"https:\/\/dobrezrodla.com\/index.php?rest_route=\/wp\/v2\/posts\/1686","targetHints":{"allow":["GET"]}}],"collection":[{"href":"https:\/\/dobrezrodla.com\/index.php?rest_route=\/wp\/v2\/posts"}],"about":[{"href":"https:\/\/dobrezrodla.com\/index.php?rest_route=\/wp\/v2\/types\/post"}],"author":[{"embeddable":true,"href":"https:\/\/dobrezrodla.com\/index.php?rest_route=\/wp\/v2\/users\/1"}],"replies":[{"embeddable":true,"href":"https:\/\/dobrezrodla.com\/index.php?rest_route=%2Fwp%2Fv2%2Fcomments&post=1686"}],"version-history":[{"count":1,"href":"https:\/\/dobrezrodla.com\/index.php?rest_route=\/wp\/v2\/posts\/1686\/revisions"}],"predecessor-version":[{"id":1687,"href":"https:\/\/dobrezrodla.com\/index.php?rest_route=\/wp\/v2\/posts\/1686\/revisions\/1687"}],"wp:featuredmedia":[{"embeddable":true,"href":"https:\/\/dobrezrodla.com\/index.php?rest_route=\/wp\/v2\/media\/1685"}],"wp:attachment":[{"href":"https:\/\/dobrezrodla.com\/index.php?rest_route=%2Fwp%2Fv2%2Fmedia&parent=1686"}],"wp:term":[{"taxonomy":"category","embeddable":true,"href":"https:\/\/dobrezrodla.com\/index.php?rest_route=%2Fwp%2Fv2%2Fcategories&post=1686"},{"taxonomy":"post_tag","embeddable":true,"href":"https:\/\/dobrezrodla.com\/index.php?rest_route=%2Fwp%2Fv2%2Ftags&post=1686"}],"curies":[{"name":"wp","href":"https:\/\/api.w.org\/{rel}","templated":true}]}}