{"id":1689,"date":"2025-07-19T05:21:52","date_gmt":"2025-07-19T05:21:52","guid":{"rendered":"https:\/\/dobrezrodla.com\/?p=1689"},"modified":"2025-07-19T05:21:52","modified_gmt":"2025-07-19T05:21:52","slug":"premierul-ilie-bolojan-cumulul-pensie-salariu-in-sectorul-public-trebuie-interzis","status":"publish","type":"post","link":"https:\/\/dobrezrodla.com\/?p=1689","title":{"rendered":"Premierul Ilie Bolojan Cumulul pensie-salariu \u00een sectorul public trebuie interzis"},"content":{"rendered":"<p>Prim-ministrul Ilie Bolojan a anun\u021bat recent inten\u021bia Guvernului de a introduce un set de reforme legislative care vizeaz\u0103 func\u021bionarea sistemului public, inclusiv interzicerea cumulului pensiei cu salariul \u00een institu\u021biile de stat. Aceast\u0103 m\u0103sur\u0103 este justificat\u0103, potrivit premierului, de necesitatea reducerii inechit\u0103\u021bilor din sistem \u0219i de presiunea tot mai mare asupra bugetului de stat.<\/p>\n<p>Un fenomen \u00eengrijor\u0103tor: pension\u0103ri la 48-50 de ani, urmate de reangaj\u0103riBolojan a semnalat o practic\u0103 devenit\u0103 comun\u0103 \u00een anumite domenii, \u00een special \u00een justi\u021bie, unde angaja\u021bii se pensioneaz\u0103 la v\u00e2rste relativ mici \u2013 uneori \u00een jurul v\u00e2rstei de 48 de ani \u2013 pentru a fi ulterior reangaja\u021bi \u00een func\u021bii similare. El a men\u021bionat c\u0103 pensiile medii \u00een unele cazuri dep\u0103\u0219esc 5.000 de euro lunar, ceea ce genereaz\u0103 dezechilibre semnificative \u00eentre beneficiari \u0219i contribuabili.<\/p>\n<p>\u201eNu este neap\u0103rat problema cumulului \u00een sine, ci faptul c\u0103 avem tot mai mul\u021bi oameni care se pensioneaz\u0103 mult prea devreme. Sistemul nu mai este sustenabil \u00een aceste condi\u021bii\u201d, a explicat premierul.<\/p>\n<p>Ce prevede noul pachet legislativ propus de GuvernM\u0103sura privind interzicerea cumulului pensie-salariu face parte din al doilea pachet de reforme pe care Guvernul inten\u021bioneaz\u0103 s\u0103 \u00eel adopte p\u00e2n\u0103 la sf\u00e2r\u0219itul lunii iulie 2025. Printre m\u0103surile incluse se reg\u0103sesc:<\/p>\n<p>Interzicerea cumulului pensiei cu salariul \u00een sectorul public<\/p>\n<p>Stabilirea unei v\u00e2rste unificate de pensionare, aplicabile tuturor rom\u00e2nilor<\/p>\n<p>Revizuirea pensiilor speciale, \u00een conformitate cu cerin\u021bele Planului Na\u021bional de Redresare \u0219i Rezilien\u021b\u0103 (PNRR)<\/p>\n<p>Reforma v\u00e2rstei de pensionare \u2013 un pas spre echitateIlie Bolojan a insistat asupra necesit\u0103\u021bii alinierii v\u00e2rstei de pensionare la un prag considerat \u201enormal\u201d, similar cu cel practicat \u00een celelalte state membre ale Uniunii Europene.<\/p>\n<p>\u201eNu putem men\u021bine un sistem \u00een care unii se pensioneaz\u0103 la 48 de ani, iar restul rom\u00e2nilor la 65. Este o diferen\u021b\u0103 care nu mai poate fi justificat\u0103. Avem nevoie de reguli corecte pentru to\u021bi\u201d, a declarat premierul.<\/p>\n<p>Obstacole juridice: deciziile Cur\u021bii Constitu\u021bionalePremierul a recunoscut c\u0103 unele tentative anterioare de reformare a sistemului public au fost invalidate de Curtea Constitu\u021bional\u0103, ceea ce impune o abordare legislativ\u0103 riguroas\u0103 \u0219i atent fundamentat\u0103.<\/p>\n<p>\u201eAm mai avut corec\u021bii care nu au trecut testul constitu\u021bional. Acum trebuie s\u0103 construim un cadru legal solid, care s\u0103 fie aplicabil \u0219i s\u0103 reziste din punct de vedere juridic.\u201d<\/p>\n<p>Concluzie: \u201eEste momentul pentru o reform\u0103 real\u0103\u201dPremierul sus\u021bine c\u0103 aceste modific\u0103ri sunt esen\u021biale pentru a aduce mai mult\u0103 echitate \u00een sistemul public, at\u00e2t \u00een ceea ce prive\u0219te drepturile pensionarilor, c\u00e2t \u0219i responsabilitatea fa\u021b\u0103 de contribuabili.<\/p>\n<p>\u201eRom\u00e2nia nu \u00ee\u0219i mai permite privilegii nesustenabile. E timpul s\u0103 stabilim reguli clare \u0219i echitabile pentru to\u021bi.\u201d<\/p>\n","protected":false},"excerpt":{"rendered":"<p>Prim-ministrul Ilie Bolojan a anun\u021bat recent inten\u021bia Guvernului de a introduce un set de reforme legislative care vizeaz\u0103 func\u021bionarea sistemului public, inclusiv interzicerea cumulului pensiei cu salariul \u00een institu\u021biile de stat. Aceast\u0103 m\u0103sur\u0103 este justificat\u0103, potrivit premierului, de necesitatea reducerii inechit\u0103\u021bilor din sistem \u0219i de presiunea tot mai mare asupra bugetului de stat. Un fenomen &#8230; <a title=\"Premierul Ilie Bolojan Cumulul pensie-salariu \u00een sectorul public trebuie interzis\" class=\"read-more\" href=\"https:\/\/dobrezrodla.com\/?p=1689\" aria-label=\"Read more about Premierul Ilie Bolojan Cumulul pensie-salariu \u00een sectorul public trebuie interzis\">Read more<\/a><\/p>\n","protected":false},"author":1,"featured_media":1688,"comment_status":"closed","ping_status":"open","sticky":false,"template":"","format":"standard","meta":{"footnotes":""},"categories":[1],"tags":[],"class_list":["post-1689","post","type-post","status-publish","format-standard","has-post-thumbnail","hentry","category-uncategorized"],"_links":{"self":[{"href":"https:\/\/dobrezrodla.com\/index.php?rest_route=\/wp\/v2\/posts\/1689","targetHints":{"allow":["GET"]}}],"collection":[{"href":"https:\/\/dobrezrodla.com\/index.php?rest_route=\/wp\/v2\/posts"}],"about":[{"href":"https:\/\/dobrezrodla.com\/index.php?rest_route=\/wp\/v2\/types\/post"}],"author":[{"embeddable":true,"href":"https:\/\/dobrezrodla.com\/index.php?rest_route=\/wp\/v2\/users\/1"}],"replies":[{"embeddable":true,"href":"https:\/\/dobrezrodla.com\/index.php?rest_route=%2Fwp%2Fv2%2Fcomments&post=1689"}],"version-history":[{"count":1,"href":"https:\/\/dobrezrodla.com\/index.php?rest_route=\/wp\/v2\/posts\/1689\/revisions"}],"predecessor-version":[{"id":1690,"href":"https:\/\/dobrezrodla.com\/index.php?rest_route=\/wp\/v2\/posts\/1689\/revisions\/1690"}],"wp:featuredmedia":[{"embeddable":true,"href":"https:\/\/dobrezrodla.com\/index.php?rest_route=\/wp\/v2\/media\/1688"}],"wp:attachment":[{"href":"https:\/\/dobrezrodla.com\/index.php?rest_route=%2Fwp%2Fv2%2Fmedia&parent=1689"}],"wp:term":[{"taxonomy":"category","embeddable":true,"href":"https:\/\/dobrezrodla.com\/index.php?rest_route=%2Fwp%2Fv2%2Fcategories&post=1689"},{"taxonomy":"post_tag","embeddable":true,"href":"https:\/\/dobrezrodla.com\/index.php?rest_route=%2Fwp%2Fv2%2Ftags&post=1689"}],"curies":[{"name":"wp","href":"https:\/\/api.w.org\/{rel}","templated":true}]}}