{"id":1693,"date":"2025-07-19T06:04:29","date_gmt":"2025-07-19T06:04:29","guid":{"rendered":"https:\/\/dobrezrodla.com\/?p=1693"},"modified":"2025-07-19T06:04:29","modified_gmt":"2025-07-19T06:04:29","slug":"paula-chirila-despre-viata-de-dupa-divort-nu-mai-suntem-o-familie-dar-suntem-parinti-implicati","status":"publish","type":"post","link":"https:\/\/dobrezrodla.com\/?p=1693","title":{"rendered":"Paula Chiril\u0103 despre via\u021ba de dup\u0103 divor\u021b Nu mai suntem o familie  dar suntem p\u0103rin\u021bi implica\u021bi"},"content":{"rendered":"<p>Dup\u0103 12 ani de c\u0103snicie, actri\u021ba\u00a0Paula Chiril\u0103\u00a0\u0219i regizorul\u00a0Marius Aciu\u00a0au ales s\u0103 urmeze drumuri separate. De\u0219i au trecut deja c\u00e2\u021biva ani de la divor\u021b, rela\u021bia dintre cei doi r\u0103m\u00e2ne una echilibrat\u0103, concentrat\u0103 pe binele fiicei lor,\u00a0Carla, care are acum 15 ani.<\/p>\n<p>\u00centr-un interviu pentru\u00a0Viva!, actri\u021ba a vorbit sincer despre cum arat\u0103 rela\u021bia cu fostul ei partener \u0219i despre cum reu\u0219esc s\u0103 gestioneze \u00eempreun\u0103 responsabilit\u0103\u021bile de p\u0103rin\u021bi.<\/p>\n<p>\u201eSuntem \u00een rela\u021bii fire\u0219ti, mature. Ne ocup\u0103m am\u00e2ndoi de cre\u0219terea Carlei, dar nu mai form\u0103m o familie \u00een sensul clasic. Nu petrecem s\u0103rb\u0103torile \u00eempreun\u0103 \u0219i nu avem mese comune. Fiecare are propria via\u021b\u0103, propriile planuri \u0219i locuim \u00een ora\u0219e diferite\u201d, a explicat Paula Chiril\u0103.<\/p>\n<p>Chiar dac\u0103 nu mai sunt un cuplu,\u00a0Paula Chiril\u0103\u00a0a \u021binut s\u0103 sublinieze c\u0103 fostul ei so\u021b este un p\u0103rinte activ \u0219i atent la nevoile fiicei lor.<\/p>\n<p>\u201eComunicarea dintre Carla \u0219i tat\u0103l ei este foarte bun\u0103. Vorbim despre educa\u021bia ei, ne consult\u0103m. M\u0103 bucur c\u0103 rela\u021bia dintre ei este deschis\u0103 \u0219i s\u0103n\u0103toas\u0103. Mul\u021bi copii \u0219i-ar dori o astfel de leg\u0103tur\u0103 cu tat\u0103l lor\u201d, a declarat actri\u021ba pentru\u00a0Viva.<\/p>\n<p>Paula Chiril\u0103 a continuat s\u0103 fie activ\u0103 profesional \u0219i personal. De-a lungul timpului, a fost asociat\u0103 cu diverse rela\u021bii, unele dintre ele intens mediatizate. A trecut printr-un proces de reinventare, apel\u00e2nd inclusiv la interven\u021bii estetice pentru a-\u0219i \u00eembun\u0103t\u0103\u021bi aspectul fizic. \u00cen trecut, a recunoscut c\u0103 a optat pentru o interven\u021bie la nivelul g\u00e2tului, alegere care a contribuit la starea sa de bine.<\/p>\n<p>\u00cen ceea ce prive\u0219te cre\u0219terea fiicei sale, Carla, Paula Chiril\u0103 adopt\u0103 un stil echilibrat, dar cu limite ferme. \u00centr-un interviu pentru\u00a0Spynews.ro, actri\u021ba a explicat c\u0103 este permisiv\u0103 \u00een unele privin\u021be, dar inflexibil\u0103 c\u00e2nd vine vorba despre educa\u021bie.<\/p>\n<p>\u201eSunt relaxat\u0103 la unele aspecte, dar extrem de riguroas\u0103 \u00een ceea ce prive\u0219te \u00eenv\u0103\u021b\u0103tura. Consider c\u0103 este esen\u021bial s\u0103 existe o disciplin\u0103 zilnic\u0103 \u00een acest sens. Programul de studiu e prioritar, pentru c\u0103 e baza viitorului ei.\u201d<\/p>\n<p>\u00cen contextul actual, \u00een care prezen\u021ba online \u00eencepe din ce \u00een ce mai devreme \u00een r\u00e2ndul adolescen\u021bilor, Carla, fiica Paulei Chiril\u0103, nu are conturi active pe re\u021bele sociale. Actri\u021ba a luat aceast\u0103 decizie din dorin\u021ba de a-i proteja intimitatea \u0219i siguran\u021ba.<\/p>\n<p>\u201e\u00cei explic riscurile \u0219i o supraveghez discret. Din c\u00e2nd \u00een c\u00e2nd \u00eei cer telefonul \u0219i, cu acordul ei, verific ce aplica\u021bii are sau cu cine comunic\u0103. Nu-i invadez spa\u021biul personal, dar nici nu pot ignora mediul \u00een care tr\u0103im. Prefer s\u0103 prevenim, dec\u00e2t s\u0103 repar\u0103m.\u201d<\/p>\n<p>Paula Chiril\u0103 \u00ee\u0219i asum\u0103 rolul de mam\u0103 cu seriozitate, fiind atent\u0103 la echilibrul dintre libertate \u0219i protec\u021bie, oferindu-i Carlei stabilitate \u00eentr-o perioad\u0103 de tranzi\u021bie important\u0103 din via\u021ba ei.<\/p>\n","protected":false},"excerpt":{"rendered":"<p>Dup\u0103 12 ani de c\u0103snicie, actri\u021ba\u00a0Paula Chiril\u0103\u00a0\u0219i regizorul\u00a0Marius Aciu\u00a0au ales s\u0103 urmeze drumuri separate. De\u0219i au trecut deja c\u00e2\u021biva ani de la divor\u021b, rela\u021bia dintre cei doi r\u0103m\u00e2ne una echilibrat\u0103, concentrat\u0103 pe binele fiicei lor,\u00a0Carla, care are acum 15 ani. \u00centr-un interviu pentru\u00a0Viva!, actri\u021ba a vorbit sincer despre cum arat\u0103 rela\u021bia cu fostul ei partener &#8230; <a title=\"Paula Chiril\u0103 despre via\u021ba de dup\u0103 divor\u021b Nu mai suntem o familie  dar suntem p\u0103rin\u021bi implica\u021bi\" class=\"read-more\" href=\"https:\/\/dobrezrodla.com\/?p=1693\" aria-label=\"Read more about Paula Chiril\u0103 despre via\u021ba de dup\u0103 divor\u021b Nu mai suntem o familie  dar suntem p\u0103rin\u021bi implica\u021bi\">Read more<\/a><\/p>\n","protected":false},"author":1,"featured_media":1692,"comment_status":"closed","ping_status":"open","sticky":false,"template":"","format":"standard","meta":{"footnotes":""},"categories":[1],"tags":[],"class_list":["post-1693","post","type-post","status-publish","format-standard","has-post-thumbnail","hentry","category-uncategorized"],"_links":{"self":[{"href":"https:\/\/dobrezrodla.com\/index.php?rest_route=\/wp\/v2\/posts\/1693","targetHints":{"allow":["GET"]}}],"collection":[{"href":"https:\/\/dobrezrodla.com\/index.php?rest_route=\/wp\/v2\/posts"}],"about":[{"href":"https:\/\/dobrezrodla.com\/index.php?rest_route=\/wp\/v2\/types\/post"}],"author":[{"embeddable":true,"href":"https:\/\/dobrezrodla.com\/index.php?rest_route=\/wp\/v2\/users\/1"}],"replies":[{"embeddable":true,"href":"https:\/\/dobrezrodla.com\/index.php?rest_route=%2Fwp%2Fv2%2Fcomments&post=1693"}],"version-history":[{"count":1,"href":"https:\/\/dobrezrodla.com\/index.php?rest_route=\/wp\/v2\/posts\/1693\/revisions"}],"predecessor-version":[{"id":1694,"href":"https:\/\/dobrezrodla.com\/index.php?rest_route=\/wp\/v2\/posts\/1693\/revisions\/1694"}],"wp:featuredmedia":[{"embeddable":true,"href":"https:\/\/dobrezrodla.com\/index.php?rest_route=\/wp\/v2\/media\/1692"}],"wp:attachment":[{"href":"https:\/\/dobrezrodla.com\/index.php?rest_route=%2Fwp%2Fv2%2Fmedia&parent=1693"}],"wp:term":[{"taxonomy":"category","embeddable":true,"href":"https:\/\/dobrezrodla.com\/index.php?rest_route=%2Fwp%2Fv2%2Fcategories&post=1693"},{"taxonomy":"post_tag","embeddable":true,"href":"https:\/\/dobrezrodla.com\/index.php?rest_route=%2Fwp%2Fv2%2Ftags&post=1693"}],"curies":[{"name":"wp","href":"https:\/\/api.w.org\/{rel}","templated":true}]}}