{"id":1724,"date":"2025-07-19T13:08:39","date_gmt":"2025-07-19T13:08:39","guid":{"rendered":"https:\/\/dobrezrodla.com\/?p=1724"},"modified":"2025-07-19T13:08:39","modified_gmt":"2025-07-19T13:08:39","slug":"ce-ia-spus-fetita-cand-a-vazuto-pe-elena-udrea-la-usa-casei-veti-plange-reactie-total-neasteptata","status":"publish","type":"post","link":"https:\/\/dobrezrodla.com\/?p=1724","title":{"rendered":"Ce ia spus feti\u021ba c\u00e2nd a v\u0103zuto pe Elena Udrea la u\u0219a casei. Ve\u021bi pl\u00e2nge reac\u021bie total nea\u0219teptat\u0103"},"content":{"rendered":"<p>Familiei Udrea\u2011Ivanov i s\u2011a \u00eentors ast\u0103zi lini\u0219tea, dup\u0103 ce Elena Udrea a fost eliberat\u0103 condi\u021bionat din Penitenciarul T\u00e2rg\u0219or. Printre primele emo\u021bii ale \u00eent\u00e2lnirii, copilul mic al cuplului le\u2011a transmis celor prezen\u021bi un gest \u00eenc\u0103rcat de inocen\u021b\u0103 \u0219i iubire.<\/p>\n<p>Potrivit declara\u021biilor f\u0103cute de menajera familiei, citat\u0103 de surse apropiatet, atunci c\u00e2nd feti\u021ba a descoperit-o pe mama ei \u00een prag, a exclamat:<\/p>\n<p>\u0219i s\u2011a aruncat \u00eentr\u2011o \u00eembr\u0103\u021bi\u0219are lung\u0103, \u00eenc\u0103rcat\u0103 de bucurie autenti\u00a0Cuvinte cheie SEO: \u201cfeti\u021b\u0103 \u00eent\u00e2lne\u0219te mama\u201d, \u201cElena Udrea eliberare reac\u021bie copil\u201d.<\/p>\n<p>Partenerul Elenei Udrea, Alexandru Ivanov, a recunoscut c\u0103 familia s\u2011a g\u00e2ndit intens cum s\u0103 gestioneze momentul. Feti\u021ba a fost condus\u0103 la o prieten\u0103, iar \u00eentoarcerea mamei acas\u0103 s\u2011a dorit a fi o surpriz\u0103:<\/p>\n<p>\u201eCei mici nu \u0219tiau c\u0103 mama revine acas\u0103 azi. Ne\u2011am g\u00e2ndit c\u0103 ar putea fi un \u0219oc, pentru c\u0103 \u0219tiau c\u0103 mami e plecat\u0103 la munc\u0103\u201d<\/p>\n<p>Aceasta arat\u0103 c\u00e2t de fragil\u0103 a fost perioada de separare \u2014 feti\u021ba nu \u0219i\u2011a petrecut copil\u0103ria cu mama, ci \u00een vizite la penitenciar, iar momentele lor \u00eempreun\u0103 au fost atent planificate din dorin\u021ba de a proteja stabilitatea emo\u021bional\u0103 a copilului.<\/p>\n<p>Familia vrea s\u0103 \u00eenceap\u0103 o nou\u0103 etap\u0103, cu accent pe copil \u0219i reconectare afectiv\u0103. Planurile pentru prima s\u0103pt\u0103m\u00e2n\u0103 includ timp petrecut \u00een familie, excursii la bunici \u0219i sus\u021binere continu\u0103 pentru recuperarea emo\u021bional\u0103 a feti\u021bei.<\/p>\n<p>\u00a0Cuvinte cheie SEO: \u201cimpact eliberare copil\u201d, \u201crecuperare emo\u021bional\u0103 copil dup\u0103 separare\u201d.<\/p>\n<p>Povestea re\u00eent\u00e2lnirii dintre Elena Udrea \u0219i feti\u021ba sa\u00a0este una emo\u021bionant\u0103:<\/p>\n<p>i\u2011a spus micul observator curajos, \u00eenainte s\u0103 o \u00eembr\u0103\u021bi\u0219eze f\u0103r\u0103 rezerve. Alexandru Ivanov \u0219i menajera au jucat roluri esen\u021biale pentru a proteja emo\u021biile deplasate ale feti\u021bei, anticip\u00e2nd un poten\u021bial \u0219oc. \u00centr\u2011un context delicat, re\u00eentregirea familiei aduce speran\u021b\u0103, marcat\u0103 de o decizie judiciar\u0103 final\u0103 \u0219i de un nou \u00eenceput pentru Udrea \u0219i copila ei.<\/p>\n","protected":false},"excerpt":{"rendered":"<p>Familiei Udrea\u2011Ivanov i s\u2011a \u00eentors ast\u0103zi lini\u0219tea, dup\u0103 ce Elena Udrea a fost eliberat\u0103 condi\u021bionat din Penitenciarul T\u00e2rg\u0219or. Printre primele emo\u021bii ale \u00eent\u00e2lnirii, copilul mic al cuplului le\u2011a transmis celor prezen\u021bi un gest \u00eenc\u0103rcat de inocen\u021b\u0103 \u0219i iubire. Potrivit declara\u021biilor f\u0103cute de menajera familiei, citat\u0103 de surse apropiatet, atunci c\u00e2nd feti\u021ba a descoperit-o pe mama &#8230; <a title=\"Ce ia spus feti\u021ba c\u00e2nd a v\u0103zuto pe Elena Udrea la u\u0219a casei. Ve\u021bi pl\u00e2nge reac\u021bie total nea\u0219teptat\u0103\" class=\"read-more\" href=\"https:\/\/dobrezrodla.com\/?p=1724\" aria-label=\"Read more about Ce ia spus feti\u021ba c\u00e2nd a v\u0103zuto pe Elena Udrea la u\u0219a casei. Ve\u021bi pl\u00e2nge reac\u021bie total nea\u0219teptat\u0103\">Read more<\/a><\/p>\n","protected":false},"author":1,"featured_media":1723,"comment_status":"closed","ping_status":"open","sticky":false,"template":"","format":"standard","meta":{"footnotes":""},"categories":[1],"tags":[],"class_list":["post-1724","post","type-post","status-publish","format-standard","has-post-thumbnail","hentry","category-uncategorized"],"_links":{"self":[{"href":"https:\/\/dobrezrodla.com\/index.php?rest_route=\/wp\/v2\/posts\/1724","targetHints":{"allow":["GET"]}}],"collection":[{"href":"https:\/\/dobrezrodla.com\/index.php?rest_route=\/wp\/v2\/posts"}],"about":[{"href":"https:\/\/dobrezrodla.com\/index.php?rest_route=\/wp\/v2\/types\/post"}],"author":[{"embeddable":true,"href":"https:\/\/dobrezrodla.com\/index.php?rest_route=\/wp\/v2\/users\/1"}],"replies":[{"embeddable":true,"href":"https:\/\/dobrezrodla.com\/index.php?rest_route=%2Fwp%2Fv2%2Fcomments&post=1724"}],"version-history":[{"count":1,"href":"https:\/\/dobrezrodla.com\/index.php?rest_route=\/wp\/v2\/posts\/1724\/revisions"}],"predecessor-version":[{"id":1725,"href":"https:\/\/dobrezrodla.com\/index.php?rest_route=\/wp\/v2\/posts\/1724\/revisions\/1725"}],"wp:featuredmedia":[{"embeddable":true,"href":"https:\/\/dobrezrodla.com\/index.php?rest_route=\/wp\/v2\/media\/1723"}],"wp:attachment":[{"href":"https:\/\/dobrezrodla.com\/index.php?rest_route=%2Fwp%2Fv2%2Fmedia&parent=1724"}],"wp:term":[{"taxonomy":"category","embeddable":true,"href":"https:\/\/dobrezrodla.com\/index.php?rest_route=%2Fwp%2Fv2%2Fcategories&post=1724"},{"taxonomy":"post_tag","embeddable":true,"href":"https:\/\/dobrezrodla.com\/index.php?rest_route=%2Fwp%2Fv2%2Ftags&post=1724"}],"curies":[{"name":"wp","href":"https:\/\/api.w.org\/{rel}","templated":true}]}}