{"id":1742,"date":"2025-07-19T17:24:02","date_gmt":"2025-07-19T17:24:02","guid":{"rendered":"https:\/\/dobrezrodla.com\/?p=1742"},"modified":"2025-07-19T17:24:02","modified_gmt":"2025-07-19T17:24:02","slug":"primul-sondaj-dupa-masurile-de-austeritate-ce-spun-romanii-la-nici-doua-luni-de-la-alegerile-prezidentiale-vezi-in-comentarii","status":"publish","type":"post","link":"https:\/\/dobrezrodla.com\/?p=1742","title":{"rendered":"Primul sondaj dup\u0103 m\u0103surile de austeritate. Ce spun rom\u00e2nii la nici dou\u0103 luni de la alegerile preziden\u0163iale vezi in comentarii"},"content":{"rendered":"<p>Primul sondaj dup\u0103 m\u0103surile de austeritate. Ce spun rom\u00e2nii la nici dou\u0103 luni de la alegerile preziden\u0163iale<\/p>\n<p>La nici dou\u0103 luni dup\u0103 alegerile preziden\u021biale, primul sondaj de opinie realizat \u00een contextul noilor m\u0103suri de austeritate scoate la iveal\u0103 o schimbare brusc\u0103 de atitudine \u00een r\u00e2ndul rom\u00e2nilor. Dac\u0103 la urne aleg\u0103torii au mizat pe speran\u021b\u0103 \u0219i stabilitate, valul recent de reduceri bugetare \u0219i cre\u0219teri de taxe pare s\u0103 fi schimbat rapid \u00eencrederea \u00een clasa politic\u0103.<\/p>\n<p>Potrivit sondajului, un procent semnificativ din popula\u021bie \u2013 peste 60% \u2013 se declar\u0103 nemul\u021bumit de direc\u021bia \u00een care merge \u021bara. Cei mai mul\u021bi dintre responden\u021bi sus\u021bin c\u0103 nu se a\u0219teptau ca m\u0103surile de austeritate s\u0103 fie implementate at\u00e2t de repede \u0219i at\u00e2t de dur. Reducerea cheltuielilor publice, \u00eenghe\u021barea salariilor \u0219i t\u0103ierile din bugetele locale au generat un val de frustrare, \u00een special \u00een r\u00e2ndul angaja\u021bilor din sectorul public \u0219i al pensionarilor.<\/p>\n<p>Pre\u0219edintele ales, aflat \u00een continuare la \u00eenceput de mandat, pare s\u0103 piard\u0103 rapid din popularitatea acumulat\u0103 \u00een campanie. Doar 38% dintre cei chestiona\u021bi mai au \u00eencredere c\u0103 va putea redresa situa\u021bia economic\u0103 f\u0103r\u0103 s\u0103 afecteze nivelul de trai al popula\u021biei. \u00cen schimb, opozi\u021bia c\u00e2\u0219tig\u0103 puncte, de\u0219i nu vine cu alternative clare, ci mai degrab\u0103 capitalizeaz\u0103 pe nemul\u021bumirea general\u0103.<\/p>\n<p>Partidele de guvern\u0103m\u00e2nt, cele care au propus \u0219i votat pachetul de austeritate, au \u00eenregistrat sc\u0103deri notabile \u00een preferin\u021bele electoratului. Unii anali\u0219ti politici avertizeaz\u0103 c\u0103 aceast\u0103 erodare rapid\u0103 a \u00eencrederii ar putea avea consecin\u021be importante la urm\u0103toarele alegeri parlamentare, mai ales dac\u0103 m\u0103surile nu vor fi dublate de reforme clare \u0219i rezultate concrete.<\/p>\n<p>Rom\u00e2nii cer transparen\u021b\u0103, echitate \u0219i solu\u021bii reale. Mul\u021bi spun c\u0103 ar fi fost dispu\u0219i s\u0103 accepte austeritatea dac\u0103 ar fi sim\u021bit c\u0103 \u0219i demnitarii fac sacrificii, nu doar cet\u0103\u021benii de r\u00e2nd. \u00cen lipsa unui plan coerent de relansare economic\u0103 \u0219i \u00een condi\u021biile unui trai tot mai scump, scepticismul este \u00een cre\u0219tere.<\/p>\n<p>R\u0103m\u00e2ne de v\u0103zut dac\u0103 guvernul va reu\u0219i s\u0103 gestioneze tensiunile sociale tot mai evidente \u0219i dac\u0103 pre\u0219edintele va reu\u0219i s\u0103-\u0219i recapete sus\u021binerea cu care a pornit la drum. Cert este c\u0103, la doar c\u00e2teva s\u0103pt\u0103m\u00e2ni dup\u0103 ce rom\u00e2nii \u0219i-au exprimat votul de \u00eencredere, realitatea economic\u0103 le-a schimbat deja percep\u021biile.<\/p>\n","protected":false},"excerpt":{"rendered":"<p>Primul sondaj dup\u0103 m\u0103surile de austeritate. Ce spun rom\u00e2nii la nici dou\u0103 luni de la alegerile preziden\u0163iale La nici dou\u0103 luni dup\u0103 alegerile preziden\u021biale, primul sondaj de opinie realizat \u00een contextul noilor m\u0103suri de austeritate scoate la iveal\u0103 o schimbare brusc\u0103 de atitudine \u00een r\u00e2ndul rom\u00e2nilor. Dac\u0103 la urne aleg\u0103torii au mizat pe speran\u021b\u0103 \u0219i &#8230; <a title=\"Primul sondaj dup\u0103 m\u0103surile de austeritate. Ce spun rom\u00e2nii la nici dou\u0103 luni de la alegerile preziden\u0163iale vezi in comentarii\" class=\"read-more\" href=\"https:\/\/dobrezrodla.com\/?p=1742\" aria-label=\"Read more about Primul sondaj dup\u0103 m\u0103surile de austeritate. Ce spun rom\u00e2nii la nici dou\u0103 luni de la alegerile preziden\u0163iale vezi in comentarii\">Read more<\/a><\/p>\n","protected":false},"author":1,"featured_media":1741,"comment_status":"closed","ping_status":"open","sticky":false,"template":"","format":"standard","meta":{"footnotes":""},"categories":[1],"tags":[],"class_list":["post-1742","post","type-post","status-publish","format-standard","has-post-thumbnail","hentry","category-uncategorized"],"_links":{"self":[{"href":"https:\/\/dobrezrodla.com\/index.php?rest_route=\/wp\/v2\/posts\/1742","targetHints":{"allow":["GET"]}}],"collection":[{"href":"https:\/\/dobrezrodla.com\/index.php?rest_route=\/wp\/v2\/posts"}],"about":[{"href":"https:\/\/dobrezrodla.com\/index.php?rest_route=\/wp\/v2\/types\/post"}],"author":[{"embeddable":true,"href":"https:\/\/dobrezrodla.com\/index.php?rest_route=\/wp\/v2\/users\/1"}],"replies":[{"embeddable":true,"href":"https:\/\/dobrezrodla.com\/index.php?rest_route=%2Fwp%2Fv2%2Fcomments&post=1742"}],"version-history":[{"count":1,"href":"https:\/\/dobrezrodla.com\/index.php?rest_route=\/wp\/v2\/posts\/1742\/revisions"}],"predecessor-version":[{"id":1743,"href":"https:\/\/dobrezrodla.com\/index.php?rest_route=\/wp\/v2\/posts\/1742\/revisions\/1743"}],"wp:featuredmedia":[{"embeddable":true,"href":"https:\/\/dobrezrodla.com\/index.php?rest_route=\/wp\/v2\/media\/1741"}],"wp:attachment":[{"href":"https:\/\/dobrezrodla.com\/index.php?rest_route=%2Fwp%2Fv2%2Fmedia&parent=1742"}],"wp:term":[{"taxonomy":"category","embeddable":true,"href":"https:\/\/dobrezrodla.com\/index.php?rest_route=%2Fwp%2Fv2%2Fcategories&post=1742"},{"taxonomy":"post_tag","embeddable":true,"href":"https:\/\/dobrezrodla.com\/index.php?rest_route=%2Fwp%2Fv2%2Ftags&post=1742"}],"curies":[{"name":"wp","href":"https:\/\/api.w.org\/{rel}","templated":true}]}}