{"id":1745,"date":"2025-07-19T18:06:10","date_gmt":"2025-07-19T18:06:10","guid":{"rendered":"https:\/\/dobrezrodla.com\/?p=1745"},"modified":"2025-07-19T18:06:10","modified_gmt":"2025-07-19T18:06:10","slug":"ce-simbolizeaza-tatuajul-misterios-al-elenei-udrea-care-a-starnit-curiozitatea-tuturor-dupa-eliberare","status":"publish","type":"post","link":"https:\/\/dobrezrodla.com\/?p=1745","title":{"rendered":"Ce simbolizeaz\u0103 tatuajul misterios al Elenei Udrea care a st\u00e2rnit curiozitatea tuturor dup\u0103 eliberare"},"content":{"rendered":"<p>Elena Udrea, eliberat\u0103 dup\u0103 aproape patru ani de deten\u021bie. Tatuajul de pe clavicul\u0103 care a atras toate privirile \u2013 un mesaj emo\u021bionant pentru fiica ei, Eva Maria<\/p>\n<p>Dup\u0103 3 ani \u0219i 10 luni petrecu\u021bi \u00een spatele gratiilor, Elena Udrea a fost eliberat\u0103 condi\u021bionat pe 17 iulie 2025, \u00een urma condamn\u0103rii primite \u00een dosarul \u201eGala Bute\u201d. La ie\u0219irea din penitenciar, fostul ministru al Turismului a atras imediat aten\u021bia nu doar prin apari\u021bia sa calm\u0103 \u0219i hot\u0103r\u00e2t\u0103, ci \u0219i printr-un detaliu discret, dar extrem de semnificativ: un tatuaj vizibil pe clavicul\u0103, dedicat fiicei sale, Eva Maria.<\/p>\n<p>Un mesaj de iubire scris pe piele: \u201eEva Maria, amor mi vida\u201d<\/p>\n<p>Purt\u00e2nd o salopet\u0103 alb\u0103 care i-a l\u0103sat clavicula la vedere, Elena Udrea a l\u0103sat s\u0103 se vad\u0103 pentru prima dat\u0103 cu claritate tatuajul realizat \u00een limba spaniol\u0103:\u00a0\u201eEva Maria, amor mi vida\u201d\u00a0\u2013 \u00een traducere,\u00a0\u201eEva Maria, dragostea vie\u021bii mele\u201d. De\u0219i pu\u021bini l-au remarcat anterior, simbolul a fost vizibil \u00een lumina camerelor \u0219i a reflectat leg\u0103tura profund\u0103 pe care fosta politician\u0103 o are cu fiica sa.<\/p>\n<p>Tatuajul nu este un simplu gest estetic, ci o veritabil\u0103 declara\u021bie de dragoste matern\u0103, cu o \u00eenc\u0103rc\u0103tur\u0103 emo\u021bional\u0103 puternic\u0103. Elena Udrea a dezv\u0103luit \u00eentr-un interviu mai vechi c\u0103 ideea acestui tatuaj i-a venit \u00een perioada \u00een care era \u00eenchis\u0103 \u00een Costa Rica, loc \u00een care a observat c\u0103 multe dintre femeile private de libertate \u00ee\u0219i tatuau numele copiilor ca o form\u0103 de alinare \u0219i leg\u0103tur\u0103 spiritual\u0103.<\/p>\n<p>\u201eMi-am dorit foarte mult, de c\u00e2nd am n\u0103scut, s\u0103 fac aceast\u0103 declara\u021bie de dragoste care s\u0103 fie mereu cu mine, chiar \u0219i atunci c\u00e2nd nu suntem \u00eempreun\u0103. M-am g\u00e2ndit la acest mesaj c\u00e2nd m\u0103 aflam \u00een \u00eenchisoare \u00een Costa Rica \u0219i am v\u0103zut c\u0103 aproape toate femeile aveau tatuate numele copiilor pe bra\u021be. Mi s-a p\u0103rut un gest profund, un fel de ancor\u0103 sufleteasc\u0103. A\u0219a c\u0103 l-am f\u0103cut \u0219i eu, \u00een spaniol\u0103, limba \u00een care am tr\u0103it acel moment de inspira\u021bie\u201d, declara Udrea pentru Rom\u00e2nia TV.<\/p>\n<p>Elena Udrea, \u00eent\u00e2mpinat\u0103 de partenerul ei \u0219i cu g\u00e2ndul la fiic\u0103<\/p>\n<p>La ie\u0219irea din penitenciar, Elena Udrea a fost a\u0219teptat\u0103 de partenerul ei de via\u021b\u0103, Adrian Alexandrov. Acesta a m\u0103rturisit c\u0103 fiica lor, Eva Maria, nu fusese \u00eenc\u0103 anun\u021bat\u0103 despre eliberarea mamei, dorind s\u0103-i fac\u0103 o surpriz\u0103 emo\u021bionant\u0103. De\u0219i a p\u0103r\u0103sit penitenciarul, Elena Udrea va trebui s\u0103 respecte \u00een continuare condi\u021biile impuse de eliberarea condi\u021bionat\u0103 \u0219i r\u0103m\u00e2ne implicat\u0103 \u00een procesul de recuperare a prejudiciului stabilit de instan\u021b\u0103.<\/p>\n<p>\u00cen declara\u021biile date presei, fosta politician\u0103 a subliniat c\u0103 nu inten\u021bioneaz\u0103 s\u0103 revin\u0103 \u00een politic\u0103, insist\u00e2nd pe ideea c\u0103 perioada petrecut\u0103 \u00een deten\u021bie a fost extrem de dificil\u0103, mai ales pentru o femeie. Tr\u0103irile din spatele gratiilor, desp\u0103r\u021birea de fiica sa \u0219i dorin\u021ba de a r\u0103m\u00e2ne conectat\u0103 cu ea chiar \u0219i \u00een lips\u0103, toate acestea au stat la baza deciziei de a-\u0219i grava pe piele cele mai importante cuvinte:\u00a0dragostea vie\u021bii mele.<\/p>\n<p>Un simbol discret, o poveste profund\u0103<\/p>\n<p>Tatuajul Elenei Udrea a trecut mult timp neobservat de public, \u00eens\u0103 \u00een ziua eliber\u0103rii a devenit o m\u0103rturie vie a unei mame care a dorit s\u0103 r\u0103m\u00e2n\u0103 aproape de copilul ei \u00een ciuda distan\u021bei, restric\u021biilor \u0219i suferin\u021bei. Acum, la \u00eenceputul unui nou capitol, acest mesaj r\u0103m\u00e2ne o amintire permanent\u0103 a celei mai puternice leg\u0103turi \u2013 cea dintre mam\u0103 \u0219i fiic\u0103.<\/p>\n","protected":false},"excerpt":{"rendered":"<p>Elena Udrea, eliberat\u0103 dup\u0103 aproape patru ani de deten\u021bie. Tatuajul de pe clavicul\u0103 care a atras toate privirile \u2013 un mesaj emo\u021bionant pentru fiica ei, Eva Maria Dup\u0103 3 ani \u0219i 10 luni petrecu\u021bi \u00een spatele gratiilor, Elena Udrea a fost eliberat\u0103 condi\u021bionat pe 17 iulie 2025, \u00een urma condamn\u0103rii primite \u00een dosarul \u201eGala Bute\u201d. &#8230; <a title=\"Ce simbolizeaz\u0103 tatuajul misterios al Elenei Udrea care a st\u00e2rnit curiozitatea tuturor dup\u0103 eliberare\" class=\"read-more\" href=\"https:\/\/dobrezrodla.com\/?p=1745\" aria-label=\"Read more about Ce simbolizeaz\u0103 tatuajul misterios al Elenei Udrea care a st\u00e2rnit curiozitatea tuturor dup\u0103 eliberare\">Read more<\/a><\/p>\n","protected":false},"author":1,"featured_media":1744,"comment_status":"closed","ping_status":"open","sticky":false,"template":"","format":"standard","meta":{"footnotes":""},"categories":[1],"tags":[],"class_list":["post-1745","post","type-post","status-publish","format-standard","has-post-thumbnail","hentry","category-uncategorized"],"_links":{"self":[{"href":"https:\/\/dobrezrodla.com\/index.php?rest_route=\/wp\/v2\/posts\/1745","targetHints":{"allow":["GET"]}}],"collection":[{"href":"https:\/\/dobrezrodla.com\/index.php?rest_route=\/wp\/v2\/posts"}],"about":[{"href":"https:\/\/dobrezrodla.com\/index.php?rest_route=\/wp\/v2\/types\/post"}],"author":[{"embeddable":true,"href":"https:\/\/dobrezrodla.com\/index.php?rest_route=\/wp\/v2\/users\/1"}],"replies":[{"embeddable":true,"href":"https:\/\/dobrezrodla.com\/index.php?rest_route=%2Fwp%2Fv2%2Fcomments&post=1745"}],"version-history":[{"count":1,"href":"https:\/\/dobrezrodla.com\/index.php?rest_route=\/wp\/v2\/posts\/1745\/revisions"}],"predecessor-version":[{"id":1746,"href":"https:\/\/dobrezrodla.com\/index.php?rest_route=\/wp\/v2\/posts\/1745\/revisions\/1746"}],"wp:featuredmedia":[{"embeddable":true,"href":"https:\/\/dobrezrodla.com\/index.php?rest_route=\/wp\/v2\/media\/1744"}],"wp:attachment":[{"href":"https:\/\/dobrezrodla.com\/index.php?rest_route=%2Fwp%2Fv2%2Fmedia&parent=1745"}],"wp:term":[{"taxonomy":"category","embeddable":true,"href":"https:\/\/dobrezrodla.com\/index.php?rest_route=%2Fwp%2Fv2%2Fcategories&post=1745"},{"taxonomy":"post_tag","embeddable":true,"href":"https:\/\/dobrezrodla.com\/index.php?rest_route=%2Fwp%2Fv2%2Ftags&post=1745"}],"curies":[{"name":"wp","href":"https:\/\/api.w.org\/{rel}","templated":true}]}}