{"id":1751,"date":"2025-07-19T19:30:51","date_gmt":"2025-07-19T19:30:51","guid":{"rendered":"https:\/\/dobrezrodla.com\/?p=1751"},"modified":"2025-07-19T19:30:51","modified_gmt":"2025-07-19T19:30:51","slug":"relatii-influente-si-perceptii-publice-declaratiile-lui-gelu-visan-despre-presedintele-nicusor-dan-si-partenera-sa-mirabela-gradinaru","status":"publish","type":"post","link":"https:\/\/dobrezrodla.com\/?p=1751","title":{"rendered":"Rela\u021bii influen\u021be \u0219i percep\u021bii publice Declara\u021biile lui Gelu Vi\u0219an despre pre\u0219edintele Nicu\u0219or Dan \u0219i partenera sa Mirabela Gr\u0103dinaru"},"content":{"rendered":"<p>\u00centr-o edi\u021bie recent\u0103 a emisiunii moderate de Dan Diaconescu, interven\u021bia politologului Gelu Vi\u0219an a generat dezbateri \u0219i reac\u021bii \u00een spa\u021biul public. Tema principal\u0103: rela\u021bia pre\u0219edintelui Nicu\u0219or Dan cu partenera sa, Mirabela Gr\u0103dinaru, \u0219i impactul pe care aceasta l-ar putea avea \u00een sfera politic\u0103.<\/p>\n<p>\u00a0Mai mult dec\u00e2t o rela\u021bie personal\u0103?\u00cen declara\u021biile sale, Gelu Vi\u0219an a sugerat c\u0103 Mirabela Gr\u0103dinaru nu este doar o prezen\u021b\u0103 discret\u0103 \u00een via\u021ba liderului de la Cotroceni, ci un personaj influent \u00een cercul de apropia\u021bi ai acestuia. Potrivit lui, rolul ei \u00een ascensiunea politic\u0103 a lui Nicu\u0219or Dan ar fi fost esen\u021bial, inclusiv \u00eenainte ca rela\u021bia lor s\u0103 devin\u0103 una de cuplu.<\/p>\n<p>\u201eDoamna Mirabela nu este doar so\u021bia domnului Nicu\u0219or. Este o prieten\u0103 foarte apropiat\u0103 \u0219i o sus\u021bin\u0103toare important\u0103 \u00een traseul s\u0103u politic\u201d, a declarat Vi\u0219an, suger\u00e2nd un parteneriat strategic, dincolo de latura emo\u021bional\u0103.<\/p>\n<p>\u00a0Clotilde Armand \u0219i o re\u021bea de prietenii vechiUn alt punct interesant al discu\u021biei l-a reprezentat men\u021bionarea Clotildei Armand, descris\u0103 de Gelu Vi\u0219an ca fiind \u201efratele mai mare\u201d \u00eentr-o re\u021bea de influen\u021b\u0103 \u0219i colabor\u0103ri care ar include at\u00e2t pe Mirabela Gr\u0103dinaru, c\u00e2t \u0219i pe Dacian Ciolo\u0219.<\/p>\n<p>\u201eClotilde este o figur\u0103 central\u0103, un vector politic important, conectat\u0103 at\u00e2t cu Mirabela, c\u00e2t \u0219i cu al\u021bi actori relevan\u021bi din zona pro-european\u0103.\u201d<\/p>\n<p>Asemenea conexiuni ridic\u0103 \u00eentreb\u0103ri privind modul \u00een care rela\u021biile personale se pot intersecta cu strategii politice, mai ales \u00een contextul unei administra\u021bii care \u00ee\u0219i consolideaz\u0103 pozi\u021bia.<\/p>\n<p>\u00a0Ironii, interpret\u0103ri \u0219i subtext politicDeclara\u021biile lui Gelu Vi\u0219an au inclus \u0219i accente ironice. F\u0103c\u00e2nd referire la rolurile din cuplul Nicu\u0219or\u2013Mirabela, Vi\u0219an a spus c\u0103 \u201enu sunt c\u0103s\u0103tori\u021bi, sunt m\u0103rita\u021bi\u201d, insinu\u00e2nd c\u0103 partenera pre\u0219edintelui de\u021bine un rol activ, poate chiar dominant, \u00een echilibrul rela\u021biei \u2013 \u0219i nu doar \u00een plan personal, ci \u0219i \u00een cel simbolic.\u00a0Discre\u021bie oficial\u0103 vs. interpret\u0103ri publiceP\u00e2n\u0103 acum, Nicu\u0219or Dan \u0219i partenera sa au p\u0103strat un profil public foarte redus \u00een ceea ce prive\u0219te via\u021ba personal\u0103. Rareori au ap\u0103rut \u00eempreun\u0103 \u00een spa\u021biul media, iar pre\u0219edintele a evitat s\u0103 fac\u0103 declara\u021bii legate de familia sa sau de influen\u021bele din cercul apropiat.<\/p>\n<p>\u00cen acest context, specula\u021biile ap\u0103rute acum \u2013 indiferent de gradul lor de veridicitate \u2013 cap\u0103t\u0103 o greutate mai mare. Ele nu vizeaz\u0103 doar via\u021ba personal\u0103 a pre\u0219edintelui, ci \u0219i posibilul rol pe care cei din apropierea sa \u00eel joac\u0103 \u00een procesele decizionale sau \u00een construc\u021bia politic\u0103 a mandatului s\u0103u.<\/p>\n<p>\u00a0Context politic \u0219i receptare public\u0103Afirma\u021biile lui Vi\u0219an vin \u00eentr-un moment sensibil pentru scena politic\u0103 rom\u00e2neasc\u0103, c\u00e2nd noul pre\u0219edinte \u00eencearc\u0103 s\u0103-\u0219i consolideze pozi\u021bia \u0219i s\u0103 \u00ee\u0219i defineasc\u0103 viziunea. \u00cen astfel de momente, orice detaliu legat de anturaj, familie sau prietenii vechi poate deveni teren pentru interpret\u0103ri, comentarii \u0219i confrunt\u0103ri de idei.<\/p>\n<p>\u00a0Concluzie: \u00eentre aparen\u021b\u0103 \u0219i influen\u021b\u0103Ce r\u0103m\u00e2ne, de fapt, din declara\u021biile lui Gelu Vi\u0219an? Un semnal de aten\u021bie asupra faptului c\u0103, \u00een politic\u0103, influen\u021ba nu este \u00eentotdeauna vizibil\u0103. Iar \u00een jurul unei figuri publice importante pot exista dinamici subtile, alian\u021be nev\u0103zute \u0219i parteneriate care conteaz\u0103.<\/p>\n<p>R\u0103m\u00e2ne de v\u0103zut dac\u0103 aceste afirma\u021bii vor primi un r\u0103spuns oficial sau dac\u0103 vor r\u0103m\u00e2ne la stadiul de opinie personal\u0103 lansat\u0103 \u00eentr-un cadru mediatic. P\u00e2n\u0103 atunci, un lucru este sigur: Mirabela Gr\u0103dinaru este v\u0103zut\u0103, tot mai mult, nu doar ca partenera discret\u0103 a pre\u0219edintelui, ci ca un posibil actor cu greutate \u00een arhitectura politic\u0103 informal\u0103 a Rom\u00e2niei contemporane.<\/p>\n","protected":false},"excerpt":{"rendered":"<p>\u00centr-o edi\u021bie recent\u0103 a emisiunii moderate de Dan Diaconescu, interven\u021bia politologului Gelu Vi\u0219an a generat dezbateri \u0219i reac\u021bii \u00een spa\u021biul public. Tema principal\u0103: rela\u021bia pre\u0219edintelui Nicu\u0219or Dan cu partenera sa, Mirabela Gr\u0103dinaru, \u0219i impactul pe care aceasta l-ar putea avea \u00een sfera politic\u0103. \u00a0Mai mult dec\u00e2t o rela\u021bie personal\u0103?\u00cen declara\u021biile sale, Gelu Vi\u0219an a sugerat &#8230; <a title=\"Rela\u021bii influen\u021be \u0219i percep\u021bii publice Declara\u021biile lui Gelu Vi\u0219an despre pre\u0219edintele Nicu\u0219or Dan \u0219i partenera sa Mirabela Gr\u0103dinaru\" class=\"read-more\" href=\"https:\/\/dobrezrodla.com\/?p=1751\" aria-label=\"Read more about Rela\u021bii influen\u021be \u0219i percep\u021bii publice Declara\u021biile lui Gelu Vi\u0219an despre pre\u0219edintele Nicu\u0219or Dan \u0219i partenera sa Mirabela Gr\u0103dinaru\">Read more<\/a><\/p>\n","protected":false},"author":1,"featured_media":1750,"comment_status":"closed","ping_status":"open","sticky":false,"template":"","format":"standard","meta":{"footnotes":""},"categories":[1],"tags":[],"class_list":["post-1751","post","type-post","status-publish","format-standard","has-post-thumbnail","hentry","category-uncategorized"],"_links":{"self":[{"href":"https:\/\/dobrezrodla.com\/index.php?rest_route=\/wp\/v2\/posts\/1751","targetHints":{"allow":["GET"]}}],"collection":[{"href":"https:\/\/dobrezrodla.com\/index.php?rest_route=\/wp\/v2\/posts"}],"about":[{"href":"https:\/\/dobrezrodla.com\/index.php?rest_route=\/wp\/v2\/types\/post"}],"author":[{"embeddable":true,"href":"https:\/\/dobrezrodla.com\/index.php?rest_route=\/wp\/v2\/users\/1"}],"replies":[{"embeddable":true,"href":"https:\/\/dobrezrodla.com\/index.php?rest_route=%2Fwp%2Fv2%2Fcomments&post=1751"}],"version-history":[{"count":1,"href":"https:\/\/dobrezrodla.com\/index.php?rest_route=\/wp\/v2\/posts\/1751\/revisions"}],"predecessor-version":[{"id":1752,"href":"https:\/\/dobrezrodla.com\/index.php?rest_route=\/wp\/v2\/posts\/1751\/revisions\/1752"}],"wp:featuredmedia":[{"embeddable":true,"href":"https:\/\/dobrezrodla.com\/index.php?rest_route=\/wp\/v2\/media\/1750"}],"wp:attachment":[{"href":"https:\/\/dobrezrodla.com\/index.php?rest_route=%2Fwp%2Fv2%2Fmedia&parent=1751"}],"wp:term":[{"taxonomy":"category","embeddable":true,"href":"https:\/\/dobrezrodla.com\/index.php?rest_route=%2Fwp%2Fv2%2Fcategories&post=1751"},{"taxonomy":"post_tag","embeddable":true,"href":"https:\/\/dobrezrodla.com\/index.php?rest_route=%2Fwp%2Fv2%2Ftags&post=1751"}],"curies":[{"name":"wp","href":"https:\/\/api.w.org\/{rel}","templated":true}]}}