{"id":17637,"date":"2026-02-26T09:47:40","date_gmt":"2026-02-26T09:47:40","guid":{"rendered":"https:\/\/dobrezrodla.com\/?p=17637"},"modified":"2026-02-26T09:47:40","modified_gmt":"2026-02-26T09:47:40","slug":"tak-europosel-pis-przeprasza-dziennikarke-katarzyne-kolende-zaleska-zaskakujace-oswiadczenie","status":"publish","type":"post","link":"https:\/\/dobrezrodla.com\/?p=17637","title":{"rendered":"Tak europose\u0142 PiS przeprasza dziennikark\u0119 Katarzyn\u0119 Kolend\u0119-Zalesk\u0105. Zaskakuj\u0105ce o\u015bwiadczenie"},"content":{"rendered":"\n<p>G\u0142o\u015bny konflikt mi\u0119dzy znanym europos\u0142em a czo\u0142ow\u0105 reporterk\u0105 doczeka\u0142 si\u0119 fina\u0142u, kt\u00f3ry zaskoczy\u0142 opini\u0119 publiczn\u0105. Jak wynika z najnowszych doniesie\u0144 z platformy X, sprawa zako\u0144czy\u0142a si\u0119 oficjalnym o\u015bwiadczeniem o charakterze ugodowym. To wydarzenie stawia w nowym \u015bwietle dotychczasow\u0105 retoryk\u0119 stosowan\u0105 w polskiej debacie publicznej.<\/p>\n\n\n\n<p>Kulisy sporu o rzetelno\u015b\u0107 dziennikarsk\u0105<br>Oficjalne o\u015bwiadczenie i tre\u015b\u0107 ugody<br>Prawny i wizerunkowy fina\u0142 sprawy<br>Kulisy sporu o rzetelno\u015b\u0107 dziennikarsk\u0105<\/p>\n\n\n\n<p><br>Sp\u00f3r sw\u00f3j pocz\u0105tek mia\u0142 w grudniu 2024 roku podczas audycji w Radiu ZET, kiedy to Jacek Ozdoba sformu\u0142owa\u0142 kontrowersyjne tezy pod adresem redakcji TVN. Polityk zasugerowa\u0142 w\u00f3wczas, \u017ce dziennikarze, w tym Katarzyna Kolenda-Zaleska, dzia\u0142aj\u0105 na polityczne zlecenie, co wywo\u0142a\u0142o natychmiastow\u0105 reakcj\u0119 reporterki.<\/p>\n\n\n\n<p>Ju\u017c w marcu 2025 roku do s\u0105du trafi\u0142 pozew cywilny o ochron\u0119 d\u00f3br osobistych, w kt\u00f3rym domagano si\u0119 publicznych przeprosin oraz finansowego wsparcia dla Fundacji TVN. Przez kilkana\u015bcie miesi\u0119cy sprawa ta by\u0142a uwa\u017cnie \u015bledzona przez media, staj\u0105c si\u0119 symbolem oporu wobec bezkarnych pom\u00f3wie\u0144. Fina\u0142 tej batalii pokazuje, \u017ce granice wolno\u015bci s\u0142owa w przestrzeni medialnej s\u0105 \u015bci\u015ble chronione przez prawo, a zawodowy dorobek dziennikarzy nie mo\u017ce by\u0107 bezpodstawnie podwa\u017cany.<\/p>\n\n\n\n<p>Oficjalne o\u015bwiadczenie i tre\u015b\u0107 ugody<br>Prze\u0142om nast\u0105pi\u0142 w lutym 2026 roku, gdy na profilu spo\u0142eczno\u015bciowym europos\u0142a pojawi\u0142 si\u0119 wpis b\u0119d\u0105cy bezpo\u015brednim efektem zawarcia ugody s\u0105dowej. Jacek Ozdoba, znany z zazwyczaj ostrej retoryki, tym razem u\u017cy\u0142 wyj\u0105tkowo wywa\u017conych sformu\u0142owa\u0144, przyznaj\u0105c racj\u0119 swojej oponentce. W oficjalnym dokumencie polityk napisa\u0142:<\/p>\n\n\n\n<p>\u201ePani Katarzyna Kolenda \u2013 Zaleska jest rzeteln\u0105 i profesjonaln\u0105 dziennikark\u0105. Moja wypowied\u017a nie mia\u0142a na celu podwa\u017cania Jej kompetencji ani dorobku zawodowego\u201d.<\/p>\n\n\n\n<p>Dokument zawiera r\u00f3wnie\u017c wyra\u017ane ubolewanie nad faktem, \u017ce wcze\u015bniejsze s\u0142owa mog\u0142y zosta\u0107 odebrane jako atak na kompetencje reporterki. Taka forma zako\u0144czenia sporu jest uznawana za pe\u0142ne wycofanie si\u0119 z wcze\u015bniejszych zarzut\u00f3w, co w polskiej polityce zdarza si\u0119 niezwykle rzadko i stanowi istotny precedens w relacjach na linii w\u0142adza-media.<\/p>\n\n\n\n<p>Prawny i wizerunkowy fina\u0142 sprawy<br>Fina\u0142 tej sprawy jest postrzegany przez ekspert\u00f3w jako wa\u017cny sygna\u0142 dla innych uczestnik\u00f3w \u017cycia publicznego. Fakt, \u017ce o\u015bwiadczenie pojawi\u0142o si\u0119 w lutym 2026 roku, pokazuje, \u017ce procesy o znies\u0142awienie mog\u0105 trwa\u0107 d\u0142ugo, ale cz\u0119sto ko\u0144cz\u0105 si\u0119 zwyci\u0119stwem strony pom\u00f3wionej. Dla Katarzyny Kolendy-Zaleskiej to moralna satysfakcja i potwierdzenie jej statusu zawodowego, o kt\u00f3ry walczy\u0142a przed niezawis\u0142ym s\u0105dem.<\/p>\n\n\n\n<p>Z kolei dla Jacka Ozdoby dobrowolne podpisanie ugody oznacza unikni\u0119cie potencjalnie surowszego wyroku oraz dalszych koszt\u00f3w procesowych. Przypadek ten dowodzi, \u017ce granice wolno\u015bci s\u0142owa w Polsce s\u0105 \u015bci\u015ble okre\u015blone, a politycy musz\u0105 liczy\u0107 si\u0119 z prawnymi konsekwencjami za sformu\u0142owania uderzaj\u0105ce w kompetencje i uczciwo\u015b\u0107 dziennikarzy.<\/p>\n\n\n\n<p>\u201eW zwi\u0105zku z moj\u0105 wypowiedzi\u0105 z dnia 15 grudnia 2024 roku, podczas audycji pod tytu\u0142em \u00ab7. Dzie\u0144 Tygodnia w Radiu ZET\u00bb prowadzonej przez p. Andrzeja Stankiewicza, dotycz\u0105c\u0105 Pani Katarzyny Kolendy \u2013 Zaleskiej @KolendaK informuj\u0119:<\/p>\n\n\n\n<p>Pani Katarzyna Kolenda \u2013 Zaleska jest rzeteln\u0105 i\u2026 pic.twitter.com\/w46TGJNuQv<\/p>\n\n\n\n<p>\u2014 Jacek Ozdoba (@OzdobaJacek) February 25, 2026<\/p>\n","protected":false},"excerpt":{"rendered":"<p>G\u0142o\u015bny konflikt mi\u0119dzy znanym europos\u0142em a czo\u0142ow\u0105 reporterk\u0105 doczeka\u0142 si\u0119 fina\u0142u, kt\u00f3ry zaskoczy\u0142 opini\u0119 publiczn\u0105. Jak wynika z najnowszych doniesie\u0144 z platformy X, sprawa zako\u0144czy\u0142a si\u0119 oficjalnym o\u015bwiadczeniem o charakterze ugodowym. To wydarzenie stawia w nowym \u015bwietle dotychczasow\u0105 retoryk\u0119 stosowan\u0105 w polskiej debacie publicznej. Kulisy sporu o rzetelno\u015b\u0107 dziennikarsk\u0105Oficjalne o\u015bwiadczenie i tre\u015b\u0107 ugodyPrawny i wizerunkowy &#8230; <a title=\"Tak europose\u0142 PiS przeprasza dziennikark\u0119 Katarzyn\u0119 Kolend\u0119-Zalesk\u0105. Zaskakuj\u0105ce o\u015bwiadczenie\" class=\"read-more\" href=\"https:\/\/dobrezrodla.com\/?p=17637\" aria-label=\"Read more about Tak europose\u0142 PiS przeprasza dziennikark\u0119 Katarzyn\u0119 Kolend\u0119-Zalesk\u0105. Zaskakuj\u0105ce o\u015bwiadczenie\">Read more<\/a><\/p>\n","protected":false},"author":1,"featured_media":0,"comment_status":"open","ping_status":"open","sticky":false,"template":"","format":"standard","meta":{"footnotes":""},"categories":[1],"tags":[],"class_list":["post-17637","post","type-post","status-publish","format-standard","hentry","category-uncategorized"],"_links":{"self":[{"href":"https:\/\/dobrezrodla.com\/index.php?rest_route=\/wp\/v2\/posts\/17637","targetHints":{"allow":["GET"]}}],"collection":[{"href":"https:\/\/dobrezrodla.com\/index.php?rest_route=\/wp\/v2\/posts"}],"about":[{"href":"https:\/\/dobrezrodla.com\/index.php?rest_route=\/wp\/v2\/types\/post"}],"author":[{"embeddable":true,"href":"https:\/\/dobrezrodla.com\/index.php?rest_route=\/wp\/v2\/users\/1"}],"replies":[{"embeddable":true,"href":"https:\/\/dobrezrodla.com\/index.php?rest_route=%2Fwp%2Fv2%2Fcomments&post=17637"}],"version-history":[{"count":1,"href":"https:\/\/dobrezrodla.com\/index.php?rest_route=\/wp\/v2\/posts\/17637\/revisions"}],"predecessor-version":[{"id":17638,"href":"https:\/\/dobrezrodla.com\/index.php?rest_route=\/wp\/v2\/posts\/17637\/revisions\/17638"}],"wp:attachment":[{"href":"https:\/\/dobrezrodla.com\/index.php?rest_route=%2Fwp%2Fv2%2Fmedia&parent=17637"}],"wp:term":[{"taxonomy":"category","embeddable":true,"href":"https:\/\/dobrezrodla.com\/index.php?rest_route=%2Fwp%2Fv2%2Fcategories&post=17637"},{"taxonomy":"post_tag","embeddable":true,"href":"https:\/\/dobrezrodla.com\/index.php?rest_route=%2Fwp%2Fv2%2Ftags&post=17637"}],"curies":[{"name":"wp","href":"https:\/\/api.w.org\/{rel}","templated":true}]}}