{"id":17639,"date":"2026-02-26T09:48:20","date_gmt":"2026-02-26T09:48:20","guid":{"rendered":"https:\/\/dobrezrodla.com\/?p=17639"},"modified":"2026-02-26T09:48:20","modified_gmt":"2026-02-26T09:48:20","slug":"ledwo-sikorski-zaczal-mowic-w-sejmie-a-czlowiek-prezydenta-nawrockiego-wypalil-prosto-z-mostu","status":"publish","type":"post","link":"https:\/\/dobrezrodla.com\/?p=17639","title":{"rendered":"Ledwo Sikorski zacz\u0105\u0142 m\u00f3wi\u0107 w Sejmie, a cz\u0142owiek prezydenta Nawrockiego wypali\u0142 prosto z mostu"},"content":{"rendered":"\n<p>Relacje mi\u0119dzy kluczowymi o\u015brodkami w\u0142adzy w Polsce wesz\u0142y w faz\u0119 otwartego, personalnego konfliktu. Szef Biura Polityki Mi\u0119dzynarodowej w Kancelarii Prezydenta, Marcin Przydacz, w bezpardonowy spos\u00f3b oceni\u0142 wiarygodno\u015b\u0107 i styl uprawiania polityki przez Rados\u0142awa Sikorskiego. Czy nadchodz\u0105ce expose szefa dyplomacji stanie si\u0119 zarzewiem jeszcze g\u0142\u0119bszego kryzysu w polskiej polityce zagranicznej?<\/p>\n\n\n\n<p>Zarzuty o brak wiarygodno\u015bci i \u201eintelektualne oszustwo\u201d<br>Temperament ministra jako przeszkoda w dyplomacji<br>Sp\u00f3r o strategi\u0119 wobec Niemiec i Unii Europejskiej<br>Parali\u017c w s\u0142u\u017cbie zagranicznej i konflikt o ambasador\u00f3w<br>Zarzuty o brak wiarygodno\u015bci i \u201eintelektualne oszustwo\u201d<\/p>\n\n\n\n<p><br>G\u0142\u00f3wnym punktem krytyki sformu\u0142owanej przez Marcina Przydacza na antenie RMF FM by\u0142o oskar\u017cenie Rados\u0142awa Sikorskiego o polityczny oportunizm. Prezydencki minister okre\u015bli\u0142 szefa MSZ mianem \u201eintelektualnego oszustwa\u201d, sugeruj\u0105c, \u017ce Sikorski celowo przejmuje obecnie prawicow\u0105 retoryk\u0119. Przydacz argumentowa\u0142:<\/p>\n\n\n\n<p>\u201eZ Sikorskim problem nie polega na tym, co on m\u00f3wi, tylko co on robi i czy jest wiarygodny. Pewne rzeczy m\u00f3wi, a p\u00f3\u017aniej robi zupe\u0142nie co\u015b innego\u201d.<\/p>\n\n\n\n<p>Ledwo Sikorski zacz\u0105\u0142 m\u00f3wi\u0107 w Sejmie, a cz\u0142owiek prezydenta Nawrockiego wypali\u0142 prosto z mostu<br>Rados\u0142aw Sikorski | Pawe\u0142 Wodzy\u0144ski\/East news<br>Wed\u0142ug go\u015bcia RMF FM, obecny kurs dyplomacji jest jedynie gr\u0105 pozor\u00f3w, a Pa\u0142ac Prezydencki przejrza\u0142 t\u0119 strategi\u0119:<\/p>\n\n\n\n<p>\u201eMy go czytamy jak otwart\u0105 ksi\u0119g\u0119. On nie jest specjalnie skomplikowany. Wiadomo, co powie, gdzie b\u0119dzie si\u0119 wyz\u0142o\u015bliwia\u0142\u201d.<\/p>\n\n\n\n<p>Taka diagnoza ma by\u0107 wynikiem analizy aktywno\u015bci ministra, kt\u00f3ry zdaniem Przydacza jest w rzeczywisto\u015bci przedstawicielem \u015brodowisk liberalno-lewicowych.<\/p>\n\n\n\n<p>Temperament ministra jako przeszkoda w dyplomacji<br>Wypowied\u017a Marcina Przydacza skupi\u0142a si\u0119 r\u00f3wnie\u017c na cechach charakteru Rados\u0142awa Sikorskiego, kt\u00f3re w ocenie Kancelarii Prezydenta utrudniaj\u0105 merytoryczn\u0105 wsp\u00f3\u0142prac\u0119. Przydacz stwierdzi\u0142 dosadnie:<\/p>\n\n\n\n<p>\u201eMa kr\u00f3tki lont, wi\u0119c mo\u017cna go bardzo \u0142atwo podpali\u0107\u201d.<\/p>\n\n\n\n<p>Minister zasugerowa\u0142, \u017ce szef MSZ czerpie \u201edzik\u0105 satysfakcj\u0119\u201d z obra\u017cania innych, co ma by\u0107 widoczne w jego codziennym j\u0119zyku. \u201eMinister Sikorski si\u0119 lubuje w obra\u017aliwych s\u0142owach. Wszyscy pami\u0119tamy, \u017ce chcia\u0142 do\u017cyna\u0107 watahy\u201d \u2013 przypomnia\u0142 Przydacz. Wed\u0142ug niego, ten styl debaty wynika z politycznej frustracji oraz relacji z Romanem Giertychem:<\/p>\n\n\n\n<p>\u201eWzajemnie si\u0119 nakr\u0119caj\u0105 przeciwko polskiej prawicy. Obaj kiedy\u015b byli w polskiej prawicy i zostali wypluci\u201d.<\/p>\n\n\n\n<p>Z tego powodu prezydent Karol Nawrocki ma unika\u0107 wchodzenia w \u201es\u0142owne potyczki\u201d z szefem MSZ, uznaj\u0105c to za poziom \u201enieprezydencki\u201d.<\/p>\n\n\n\n<p>Sp\u00f3r o strategi\u0119 wobec Niemiec i Unii Europejskiej<br>Istotna cz\u0119\u015b\u0107 rozmowy dotyczy\u0142a r\u00f3\u017cnic w podej\u015bciu do relacji z Berlinem oraz roli Polski w Europie. Marcin Przydacz oskar\u017cy\u0142 Rados\u0142awa Sikorskiego o b\u0142\u0119dne postrzeganie struktur unijnych, twierdz\u0105c, \u017ce \u201eUnia Europejska stanowi narz\u0119dzie polityki niemieckiej, kt\u00f3re jest bardzo metodycznie wykorzystywane\u201d.<\/p>\n\n\n\n<p>Podczas gdy rz\u0105d ma stawia\u0107 na \u015bci\u015blejsz\u0105 integracj\u0119, Pa\u0142ac Prezydencki promuje inicjatyw\u0119 Tr\u00f3jmorza jako przeciwwag\u0119 dla niemieckich d\u0105\u017ce\u0144. Przydacz ostrzega\u0142 przed wizj\u0105 Berlina:<\/p>\n\n\n\n<p>\u201eNiemcy maj\u0105 koncept Mitteleuropy. Niemcy chc\u0105, aby Europa \u015arodkowa by\u0142a w jakim\u015b sensie s\u0142u\u017cebna\u201d.<\/p>\n\n\n\n<p>W tej wizji Sikorski jawi si\u0119 jako polityk uleg\u0142y, kt\u00f3ry nie dostrzega, \u017ce interesy Polski i Niemiec bywaj\u0105 rozbie\u017cne, a ich wyartyku\u0142owanie wprost jest obowi\u0105zkiem suwerennego pa\u0144stwa, a nie przejawem niepotrzebnej agresji.<\/p>\n\n\n\n<p>Parali\u017c w s\u0142u\u017cbie zagranicznej i konflikt o ambasador\u00f3w<br>Ostatni akapit rozmowy zdominowa\u0142a kwestia kadrowego impasu w polskich plac\u00f3wkach, za kt\u00f3ry Marcin Przydacz jednoznacznie obwini\u0142 szefa dyplomacji. Stwierdzi\u0142 on, \u017ce to Sikorski \u201esparali\u017cowa\u0142 s\u0142u\u017cb\u0119 zagraniczn\u0105\u201d, a obecnie w ponad po\u0142owie plac\u00f3wek brakuje ambasador\u00f3w. Przydacz zarzuci\u0142 stronie rz\u0105dowej manipulowanie faktami:<\/p>\n\n\n\n<p>\u201eStrona rz\u0105dowa, jak tutaj przychodzi i panu takie rzeczy m\u00f3wi [\u017ce prezydent blokuje zmiany], to k\u0142amie po prostu. Pr\u00f3buje odwr\u00f3ci\u0107 rzeczywisto\u015b\u0107\u201d.<\/p>\n\n\n\n<p>Wed\u0142ug niego, premier Donald Tusk r\u00f3wnie\u017c nie szuka porozumienia, lecz buduje kapita\u0142 na konflikcie: \u201ePremier Tusk jest z tego znany, \u017ce on nie lubi rozmawia\u0107 na argumenty. Lubi budowa\u0107 emocje, najlepiej z\u0142e emocje wobec tych, z kt\u00f3rymi si\u0119 nie zgadza\u201d. Sytuacja ta zosta\u0142a przedstawiona jako \u015bwiadome przedk\u0142adanie partyjnej walki nad stabilno\u015b\u0107 polskiej obecno\u015bci na arenie mi\u0119dzynarodowej.<\/p>\n","protected":false},"excerpt":{"rendered":"<p>Relacje mi\u0119dzy kluczowymi o\u015brodkami w\u0142adzy w Polsce wesz\u0142y w faz\u0119 otwartego, personalnego konfliktu. Szef Biura Polityki Mi\u0119dzynarodowej w Kancelarii Prezydenta, Marcin Przydacz, w bezpardonowy spos\u00f3b oceni\u0142 wiarygodno\u015b\u0107 i styl uprawiania polityki przez Rados\u0142awa Sikorskiego. Czy nadchodz\u0105ce expose szefa dyplomacji stanie si\u0119 zarzewiem jeszcze g\u0142\u0119bszego kryzysu w polskiej polityce zagranicznej? Zarzuty o brak wiarygodno\u015bci i \u201eintelektualne &#8230; <a title=\"Ledwo Sikorski zacz\u0105\u0142 m\u00f3wi\u0107 w Sejmie, a cz\u0142owiek prezydenta Nawrockiego wypali\u0142 prosto z mostu\" class=\"read-more\" href=\"https:\/\/dobrezrodla.com\/?p=17639\" aria-label=\"Read more about Ledwo Sikorski zacz\u0105\u0142 m\u00f3wi\u0107 w Sejmie, a cz\u0142owiek prezydenta Nawrockiego wypali\u0142 prosto z mostu\">Read more<\/a><\/p>\n","protected":false},"author":1,"featured_media":0,"comment_status":"open","ping_status":"open","sticky":false,"template":"","format":"standard","meta":{"footnotes":""},"categories":[1],"tags":[],"class_list":["post-17639","post","type-post","status-publish","format-standard","hentry","category-uncategorized"],"_links":{"self":[{"href":"https:\/\/dobrezrodla.com\/index.php?rest_route=\/wp\/v2\/posts\/17639","targetHints":{"allow":["GET"]}}],"collection":[{"href":"https:\/\/dobrezrodla.com\/index.php?rest_route=\/wp\/v2\/posts"}],"about":[{"href":"https:\/\/dobrezrodla.com\/index.php?rest_route=\/wp\/v2\/types\/post"}],"author":[{"embeddable":true,"href":"https:\/\/dobrezrodla.com\/index.php?rest_route=\/wp\/v2\/users\/1"}],"replies":[{"embeddable":true,"href":"https:\/\/dobrezrodla.com\/index.php?rest_route=%2Fwp%2Fv2%2Fcomments&post=17639"}],"version-history":[{"count":1,"href":"https:\/\/dobrezrodla.com\/index.php?rest_route=\/wp\/v2\/posts\/17639\/revisions"}],"predecessor-version":[{"id":17640,"href":"https:\/\/dobrezrodla.com\/index.php?rest_route=\/wp\/v2\/posts\/17639\/revisions\/17640"}],"wp:attachment":[{"href":"https:\/\/dobrezrodla.com\/index.php?rest_route=%2Fwp%2Fv2%2Fmedia&parent=17639"}],"wp:term":[{"taxonomy":"category","embeddable":true,"href":"https:\/\/dobrezrodla.com\/index.php?rest_route=%2Fwp%2Fv2%2Fcategories&post=17639"},{"taxonomy":"post_tag","embeddable":true,"href":"https:\/\/dobrezrodla.com\/index.php?rest_route=%2Fwp%2Fv2%2Ftags&post=17639"}],"curies":[{"name":"wp","href":"https:\/\/api.w.org\/{rel}","templated":true}]}}