{"id":17667,"date":"2026-02-26T20:34:22","date_gmt":"2026-02-26T20:34:22","guid":{"rendered":"https:\/\/dobrezrodla.com\/?p=17667"},"modified":"2026-02-26T20:34:22","modified_gmt":"2026-02-26T20:34:22","slug":"tusk-wpadl-w-szal-po-tym-jak-pis-i-kaczynski-potraktowali-sikorskiego-takich-slow-jeszcze-nie-bylo","status":"publish","type":"post","link":"https:\/\/dobrezrodla.com\/?p=17667","title":{"rendered":"Tusk wpad\u0142 w sza\u0142 po tym, jak PiS i Kaczy\u0144ski potraktowali Sikorskiego. Takich s\u0142\u00f3w jeszcze nie by\u0142o"},"content":{"rendered":"\n<p>W polskim parlamencie dosz\u0142o do bezprecedensowej sytuacji, kt\u00f3ra wywo\u0142a\u0142a natychmiastow\u0105 reakcj\u0119 szefa rz\u0105du.<\/p>\n\n\n\n<p>Z oficjalnych \u017ar\u00f3de\u0142 w mediach spo\u0142eczno\u015bciowych p\u0142yn\u0105 doniesienia o wymownym bojkocie podczas kluczowego wyst\u0105pienia pa\u0144stwowego.&nbsp;<\/p>\n\n\n\n<p>Kluczowe wyst\u0105pienie szefa dyplomacji w Sejmie<\/p>\n\n\n\n<p><br>Manifestacyjny brak Jaros\u0142awa Kaczy\u0144skiego i pos\u0142\u00f3w PiS<br>Ostra reakcja premiera w mediach spo\u0142eczno\u015bciowych<br>Nowa asertywno\u015b\u0107 w polskiej polityce zagranicznej<br>Kluczowe wyst\u0105pienie szefa dyplomacji w Sejmie<br>Czwartkowe posiedzenie Sejmu sta\u0142o si\u0119 aren\u0105 jednego z najwa\u017cniejszych wydarze\u0144 politycznych roku. Minister spraw zagranicznych, Rados\u0142aw Sikorski, wyg\u0142osi\u0142 expos\u00e9 dotycz\u0105ce priorytet\u00f3w polskiej polityki zagranicznej na nadchodz\u0105ce lata. Wydarzenie to zgromadzi\u0142o najwa\u017cniejsze osoby w pa\u0144stwie, w tym Prezydenta RP, Marsza\u0142k\u00f3w obu izb oraz niemal ca\u0142y sk\u0142ad Rady Ministr\u00f3w.&nbsp;<\/p>\n\n\n\n<p>G\u0142os szefa MSZ mia\u0142 by\u0107 sygna\u0142em jedno\u015bci narodowej w obliczu skomplikowanej sytuacji mi\u0119dzynarodowej. Sala plenarna by\u0142a wype\u0142niona po brzegi przedstawicielami rz\u0105du i koalicji rz\u0105dz\u0105cej, co podkre\u015bla\u0142o wag\u0119 omawianych zagadnie\u0144 dotycz\u0105cych bezpiecze\u0144stwa i strategicznych sojuszy. Jednak to, co dzia\u0142o si\u0119 w \u0142awach opozycji, ca\u0142kowicie zmieni\u0142o ci\u0119\u017car gatunkowy tego spotkania, zamieniaj\u0105c merytoryczn\u0105 debat\u0119 w pole ostrego starcia politycznego.<\/p>\n\n\n\n<p>Manifestacyjny brak Jaros\u0142awa Kaczy\u0144skiego i pos\u0142\u00f3w PiS<br>Mimo obecno\u015bci g\u0142owy pa\u0144stwa i najwy\u017cszych urz\u0119dnik\u00f3w, jedna cz\u0119\u015b\u0107 sali \u015bwieci\u0142a pustkami, co wywo\u0142a\u0142o konsternacj\u0119 obserwator\u00f3w. Podczas gdy minister m\u00f3wi\u0142 o partnerstwie z mocarstwami, Jaros\u0142aw Kaczy\u0144ski oraz wi\u0119kszo\u015b\u0107 pos\u0142\u00f3w Prawa i Sprawiedliwo\u015bci zdecydowali si\u0119 na bojkot wyst\u0105pienia. Ich nieobecno\u015b\u0107 zosta\u0142a odebrana jako celowy gest lekcewa\u017cenia nie tylko wobec rz\u0105du, ale i konstytucyjnych organ\u00f3w pa\u0144stwa.&nbsp;<\/p>\n\n\n\n<figure class=\"wp-block-image\"><img decoding=\"async\" src=\"https:\/\/daily24.pl.ua\/wp-content\/uploads\/2026\/02\/image-109-1024x698.png\" alt=\"\" class=\"wp-image-31862\"\/><\/figure>\n\n\n\n<p>Puste krzes\u0142a w sektorze najwi\u0119kszej partii opozycyjnej sta\u0142y si\u0119 wymownym symbolem podzia\u0142u politycznego w kraju. Takie zachowanie w momencie, gdy wa\u017c\u0105 si\u0119 losy polskiej racji stanu, wzbudzi\u0142o ogromne kontrowersje i sta\u0142o si\u0119 zapalnikiem do natychmiastowej odpowiedzi ze strony premiera, kt\u00f3ry nie kry\u0142 oburzenia postaw\u0105 swoich politycznych rywali.<\/p>\n\n\n\n<p>Ostra reakcja premiera w mediach spo\u0142eczno\u015bciowych<br>Premier Donald Tusk zareagowa\u0142 b\u0142yskawicznie, publikuj\u0105c wpis pe\u0142en goryczy i ironii. Szef rz\u0105du wprost wytkn\u0105\u0142 liderowi opozycji brak profesjonalizmu i unikanie istotnych debat. W swoim po\u015bcie zamie\u015bci\u0142 nast\u0119puj\u0105ce s\u0142owa:<\/p>\n\n\n\n<p>\u201ePrezydent, marsza\u0142kowie, rz\u0105d s\u0142uchaj\u0105 wyst\u0105pienia szefa polskiej dyplomacji. Kaczy\u0144skiego i wi\u0119kszo\u015bci pos\u0142\u00f3w PiS nie ma na sali. Szkoda, bo to do nich Sikorski skierowa\u0142 te s\u0142owa: \u201eByli\u015bmy, jeste\u015bmy i b\u0119dziemy lojalnymi sojusznikami Ameryki. Ale nie b\u0119dziemy frajerami\u201d.\u201d<\/p>\n\n\n\n<p>Wpis ten b\u0142yskawicznie rozni\u00f3s\u0142 si\u0119 w sieci, generuj\u0105c tysi\u0105ce reakcji. Tusk podkre\u015bli\u0142, \u017ce bojkot PiS uniemo\u017cliwi\u0142 im us\u0142yszenie kluczowej deklaracji dotycz\u0105cej relacji z USA, kt\u00f3ra ma fundamentalne znaczenie dla przysz\u0142o\u015bci kraju i jego podmiotowo\u015bci na arenie mi\u0119dzynarodowej.<\/p>\n\n\n\n<p>https:\/\/platform.twitter.com\/embed\/Tweet.html?dnt=false&#038;embedId=twitter-widget-0&#038;features=eyJ0ZndfdGltZWxpbmVfbGlzdCI6eyJidWNrZXQiOltdLCJ2ZXJzaW9uIjpudWxsfSwidGZ3X2ZvbGxvd2VyX2NvdW50X3N1bnNldCI6eyJidWNrZXQiOnRydWUsInZlcnNpb24iOm51bGx9LCJ0ZndfdHdlZXRfZWRpdF9iYWNrZW5kIjp7ImJ1Y2tldCI6Im9uIiwidmVyc2lvbiI6bnVsbH0sInRmd19yZWZzcmNfc2Vzc2lvbiI6eyJidWNrZXQiOiJvbiIsInZlcnNpb24iOm51bGx9LCJ0ZndfZm9zbnJfc29mdF9pbnRlcnZlbnRpb25zX2VuYWJsZWQiOnsiYnVja2V0Ijoib24iLCJ2ZXJzaW9uIjpudWxsfSwidGZ3X21peGVkX21lZGlhXzE1ODk3Ijp7ImJ1Y2tldCI6InRyZWF0bWVudCIsInZlcnNpb24iOm51bGx9LCJ0ZndfZXhwZXJpbWVudHNfY29va2llX2V4cGlyYXRpb24iOnsiYnVja2V0IjoxMjA5NjAwLCJ2ZXJzaW9uIjpudWxsfSwidGZ3X3Nob3dfYmlyZHdhdGNoX3Bpdm90c19lbmFibGVkIjp7ImJ1Y2tldCI6Im9uIiwidmVyc2lvbiI6bnVsbH0sInRmd19kdXBsaWNhdGVfc2NyaWJlc190b19zZXR0aW5ncyI6eyJidWNrZXQiOiJvbiIsInZlcnNpb24iOm51bGx9LCJ0ZndfdXNlX3Byb2ZpbGVfaW1hZ2Vfc2hhcGVfZW5hYmxlZCI6eyJidWNrZXQiOiJvbiIsInZlcnNpb24iOm51bGx9LCJ0ZndfdmlkZW9faGxzX2R5bmFtaWNfbWFuaWZlc3RzXzE1MDgyIjp7ImJ1Y2tldCI6InRydWVfYml0cmF0ZSIsInZlcnNpb24iOm51bGx9LCJ0ZndfbGVnYWN5X3RpbWVsaW5lX3N1bnNldCI6eyJidWNrZXQiOnRydWUsInZlcnNpb24iOm51bGx9LCJ0ZndfdHdlZXRfZWRpdF9mcm9udGVuZCI6eyJidWNrZXQiOiJvbiIsInZlcnNpb24iOm51bGx9fQ%3D%3D&#038;frame=false&#038;hideCard=false&#038;hideThread=false&#038;id=2026951639760793915&#038;lang=ru&#038;origin=https%3A%2F%2Fdaily24.pl.ua%2F%3Fp%3D31860&#038;sessionId=792579144d2a3d7a9d9b130278285b22c77a4d21&#038;theme=light&#038;widgetsVersion=2615f7e52b7e0%3A1702314776716&#038;width=550px<\/p>\n\n\n\n<p>Nowa asertywno\u015b\u0107 w polskiej polityce zagranicznej<br>Fraza o tym, \u017ce Polska \u201enie b\u0119dzie frajerem\u201d w relacjach mi\u0119dzynarodowych, sta\u0142a si\u0119 motywem przewodnim dnia. To niezwykle mocne i dosadne sformu\u0142owanie sygnalizuje now\u0105, asertywn\u0105 lini\u0119 polskiej dyplomacji, kt\u00f3ra k\u0142adzie nacisk na wzajemno\u015b\u0107 w sojuszach. Donald Tusk, nag\u0142a\u015bniaj\u0105c te s\u0142owa, wys\u0142a\u0142 jasny komunikat: polski rz\u0105d zamierza twardo negocjowa\u0107 warunki wsp\u00f3\u0142pracy, nie godz\u0105c si\u0119 na rol\u0119 petenta.&nbsp;<\/p>\n\n\n\n<p>Ca\u0142a sytuacja pokazuje, \u017ce walka polityczna o to, kto lepiej dba o interesy narodowe, wesz\u0142a w faz\u0119 brutalnej licytacji. Wykorzystanie medi\u00f3w spo\u0142eczno\u015bciowych do publicznego napi\u0119tnowania nieobecno\u015bci Kaczy\u0144skiego udowadnia, \u017ce premier zamierza wykorzysta\u0107 ka\u017cdy b\u0142\u0105d opozycji, by budowa\u0107 wizerunek rz\u0105du jako jedynego gwaranta stabilnej i godnej polityki zagranicznej.<\/p>\n","protected":false},"excerpt":{"rendered":"<p>W polskim parlamencie dosz\u0142o do bezprecedensowej sytuacji, kt\u00f3ra wywo\u0142a\u0142a natychmiastow\u0105 reakcj\u0119 szefa rz\u0105du. Z oficjalnych \u017ar\u00f3de\u0142 w mediach spo\u0142eczno\u015bciowych p\u0142yn\u0105 doniesienia o wymownym bojkocie podczas kluczowego wyst\u0105pienia pa\u0144stwowego.&nbsp; Kluczowe wyst\u0105pienie szefa dyplomacji w Sejmie Manifestacyjny brak Jaros\u0142awa Kaczy\u0144skiego i pos\u0142\u00f3w PiSOstra reakcja premiera w mediach spo\u0142eczno\u015bciowychNowa asertywno\u015b\u0107 w polskiej polityce zagranicznejKluczowe wyst\u0105pienie szefa dyplomacji w &#8230; <a title=\"Tusk wpad\u0142 w sza\u0142 po tym, jak PiS i Kaczy\u0144ski potraktowali Sikorskiego. Takich s\u0142\u00f3w jeszcze nie by\u0142o\" class=\"read-more\" href=\"https:\/\/dobrezrodla.com\/?p=17667\" aria-label=\"Read more about Tusk wpad\u0142 w sza\u0142 po tym, jak PiS i Kaczy\u0144ski potraktowali Sikorskiego. Takich s\u0142\u00f3w jeszcze nie by\u0142o\">Read more<\/a><\/p>\n","protected":false},"author":1,"featured_media":0,"comment_status":"open","ping_status":"open","sticky":false,"template":"","format":"standard","meta":{"footnotes":""},"categories":[1],"tags":[],"class_list":["post-17667","post","type-post","status-publish","format-standard","hentry","category-uncategorized"],"_links":{"self":[{"href":"https:\/\/dobrezrodla.com\/index.php?rest_route=\/wp\/v2\/posts\/17667","targetHints":{"allow":["GET"]}}],"collection":[{"href":"https:\/\/dobrezrodla.com\/index.php?rest_route=\/wp\/v2\/posts"}],"about":[{"href":"https:\/\/dobrezrodla.com\/index.php?rest_route=\/wp\/v2\/types\/post"}],"author":[{"embeddable":true,"href":"https:\/\/dobrezrodla.com\/index.php?rest_route=\/wp\/v2\/users\/1"}],"replies":[{"embeddable":true,"href":"https:\/\/dobrezrodla.com\/index.php?rest_route=%2Fwp%2Fv2%2Fcomments&post=17667"}],"version-history":[{"count":1,"href":"https:\/\/dobrezrodla.com\/index.php?rest_route=\/wp\/v2\/posts\/17667\/revisions"}],"predecessor-version":[{"id":17668,"href":"https:\/\/dobrezrodla.com\/index.php?rest_route=\/wp\/v2\/posts\/17667\/revisions\/17668"}],"wp:attachment":[{"href":"https:\/\/dobrezrodla.com\/index.php?rest_route=%2Fwp%2Fv2%2Fmedia&parent=17667"}],"wp:term":[{"taxonomy":"category","embeddable":true,"href":"https:\/\/dobrezrodla.com\/index.php?rest_route=%2Fwp%2Fv2%2Fcategories&post=17667"},{"taxonomy":"post_tag","embeddable":true,"href":"https:\/\/dobrezrodla.com\/index.php?rest_route=%2Fwp%2Fv2%2Ftags&post=17667"}],"curies":[{"name":"wp","href":"https:\/\/api.w.org\/{rel}","templated":true}]}}