{"id":17682,"date":"2026-02-27T10:52:04","date_gmt":"2026-02-27T10:52:04","guid":{"rendered":"https:\/\/dobrezrodla.com\/?p=17682"},"modified":"2026-02-27T10:52:05","modified_gmt":"2026-02-27T10:52:05","slug":"goraco-w-sejmie-tak-tusk-nazwal-jednego-z-poslow-pis-teraz-moze-spodziewac-sie-tylko-jednego","status":"publish","type":"post","link":"https:\/\/dobrezrodla.com\/?p=17682","title":{"rendered":"Gor\u0105co w Sejmie. Tak Tusk nazwa\u0142 jednego z pos\u0142\u00f3w PiS. Teraz mo\u017ce spodziewa\u0107 si\u0119 tylko jednego"},"content":{"rendered":"\n<p>Sejmowa komisja podj\u0119\u0142a decyzj\u0119 w sprawie szefa rz\u0105du, o czym poinformowali w mediach spo\u0142eczno\u015bciowych parlamentarzy\u015bci bior\u0105cy udzia\u0142 w posiedzeniu. Cho\u0107 sprawa dotyczy wydarze\u0144 sprzed miesi\u0119cy, fina\u0142 sporu zaskakuje nietypowym uk\u0142adem g\u0142os\u00f3w. Symboliczna kara sta\u0142a si\u0119 tematem g\u0142o\u015bnych komentarzy w serwisie X.<\/p>\n\n\n\n<p>Zarzewie konfliktu podczas listopadowych obrad<br>Werdykt Komisji Etyki Poselskiej<br>Nietypowy uk\u0142ad g\u0142os\u00f3w przeciwko premierowi<br>Funkcja dyscyplinarna w parlamencie<br>Zarzewie konfliktu podczas listopadowych obrad<br>Wydarzenia, kt\u00f3re sta\u0142y si\u0119 podstaw\u0105 ukarania premiera, mia\u0142y miejsce 18 listopada podczas procedury wyboru marsza\u0142ka Sejmu.<\/p>\n\n\n\n<p>Pose\u0142 PiS Bartosz Kownacki, nagrywaj\u0105c telefonem wyst\u0105pienie wicepremiera, sformu\u0142owa\u0142 zaczepn\u0105 uwag\u0119 dotycz\u0105c\u0105 \u201cm\u00f3wienia o onanizmie\u201d. W odpowiedzi Donald Tusk rzuci\u0142 w jego stron\u0119 kr\u00f3tkie: \u201eAle pajac\u201d. Gdy pose\u0142 dopytywa\u0142, czy premier m\u00f3wi o sobie, szef rz\u0105du uci\u0105\u0142 spekulacje s\u0142owami: \u201eNie, nie, o panu. Wszyscy si\u0119 \u015bmiej\u0105\u201d.<\/p>\n\n\n\n<figure class=\"wp-block-image\"><img decoding=\"async\" src=\"https:\/\/aktualnosci.pl.ua\/wp-content\/uploads\/2026\/02\/image-4.png\" alt=\"\" class=\"wp-image-9391\"\/><\/figure>\n\n\n\n<p>Ta kr\u00f3tka wymiana zda\u0144 sta\u0142a si\u0119 podstaw\u0105 wniosku do Komisji Etyki Poselskiej, kt\u00f3ra musia\u0142a oceni\u0107, czy w ferworze politycznej walki premierowi wolno by\u0142o u\u017cy\u0107 tak dosadnego okre\u015blenia wobec oponenta, nawet je\u015bli czu\u0142 si\u0119 sprowokowany zachowaniem pos\u0142a.<\/p>\n","protected":false},"excerpt":{"rendered":"<p>Sejmowa komisja podj\u0119\u0142a decyzj\u0119 w sprawie szefa rz\u0105du, o czym poinformowali w mediach spo\u0142eczno\u015bciowych parlamentarzy\u015bci bior\u0105cy udzia\u0142 w posiedzeniu. Cho\u0107 sprawa dotyczy wydarze\u0144 sprzed miesi\u0119cy, fina\u0142 sporu zaskakuje nietypowym uk\u0142adem g\u0142os\u00f3w. Symboliczna kara sta\u0142a si\u0119 tematem g\u0142o\u015bnych komentarzy w serwisie X. Zarzewie konfliktu podczas listopadowych obradWerdykt Komisji Etyki PoselskiejNietypowy uk\u0142ad g\u0142os\u00f3w przeciwko premierowiFunkcja dyscyplinarna w &#8230; <a title=\"Gor\u0105co w Sejmie. Tak Tusk nazwa\u0142 jednego z pos\u0142\u00f3w PiS. Teraz mo\u017ce spodziewa\u0107 si\u0119 tylko jednego\" class=\"read-more\" href=\"https:\/\/dobrezrodla.com\/?p=17682\" aria-label=\"Read more about Gor\u0105co w Sejmie. Tak Tusk nazwa\u0142 jednego z pos\u0142\u00f3w PiS. Teraz mo\u017ce spodziewa\u0107 si\u0119 tylko jednego\">Read more<\/a><\/p>\n","protected":false},"author":1,"featured_media":0,"comment_status":"open","ping_status":"open","sticky":false,"template":"","format":"standard","meta":{"footnotes":""},"categories":[1],"tags":[],"class_list":["post-17682","post","type-post","status-publish","format-standard","hentry","category-uncategorized"],"_links":{"self":[{"href":"https:\/\/dobrezrodla.com\/index.php?rest_route=\/wp\/v2\/posts\/17682","targetHints":{"allow":["GET"]}}],"collection":[{"href":"https:\/\/dobrezrodla.com\/index.php?rest_route=\/wp\/v2\/posts"}],"about":[{"href":"https:\/\/dobrezrodla.com\/index.php?rest_route=\/wp\/v2\/types\/post"}],"author":[{"embeddable":true,"href":"https:\/\/dobrezrodla.com\/index.php?rest_route=\/wp\/v2\/users\/1"}],"replies":[{"embeddable":true,"href":"https:\/\/dobrezrodla.com\/index.php?rest_route=%2Fwp%2Fv2%2Fcomments&post=17682"}],"version-history":[{"count":1,"href":"https:\/\/dobrezrodla.com\/index.php?rest_route=\/wp\/v2\/posts\/17682\/revisions"}],"predecessor-version":[{"id":17683,"href":"https:\/\/dobrezrodla.com\/index.php?rest_route=\/wp\/v2\/posts\/17682\/revisions\/17683"}],"wp:attachment":[{"href":"https:\/\/dobrezrodla.com\/index.php?rest_route=%2Fwp%2Fv2%2Fmedia&parent=17682"}],"wp:term":[{"taxonomy":"category","embeddable":true,"href":"https:\/\/dobrezrodla.com\/index.php?rest_route=%2Fwp%2Fv2%2Fcategories&post=17682"},{"taxonomy":"post_tag","embeddable":true,"href":"https:\/\/dobrezrodla.com\/index.php?rest_route=%2Fwp%2Fv2%2Ftags&post=17682"}],"curies":[{"name":"wp","href":"https:\/\/api.w.org\/{rel}","templated":true}]}}