{"id":17692,"date":"2026-02-27T11:02:20","date_gmt":"2026-02-27T11:02:20","guid":{"rendered":"https:\/\/dobrezrodla.com\/?p=17692"},"modified":"2026-02-27T11:02:20","modified_gmt":"2026-02-27T11:02:20","slug":"men-bierze-sie-za-social-media-te-roczniki-moga-zostac-objete-zakazem","status":"publish","type":"post","link":"https:\/\/dobrezrodla.com\/?p=17692","title":{"rendered":"MEN bierze si\u0119 za social media. Te roczniki mog\u0105 zosta\u0107 obj\u0119te zakazem"},"content":{"rendered":"\n<p>Ministerstwo Edukacji Narodowej zapowiada wprowadzenie zakazu korzystania z medi\u00f3w spo\u0142eczno\u015bciowych przez dzieci poni\u017cej 15. roku \u017cycia &#8211; poda\u0142 Reuters. Odpowiedzialno\u015b\u0107 za weryfikacj\u0119 wieku maj\u0105 ponosi\u0107 same platformy. Projekt ustawy przewiduje kary finansowe dla firm niespe\u0142niaj\u0105cych wymog\u00f3w.<\/p>\n\n\n\n<p><br>Szefowa MEN Barbara Nowacka. Foto: Tomasz Jastrz\u0119bowski\/East News<br>Polska planuje zakaz medi\u00f3w spo\u0142eczno\u015bciowych dla dzieci poni\u017cej 15 lat<\/p>\n\n\n\n<p><br>Polska przygotowuje przepisy, kt\u00f3re maj\u0105 zakaza\u0107 korzystania z medi\u00f3w spo\u0142eczno\u015bciowych dzieciom poni\u017cej 15. roku \u017cycia &#8211; poinformowa\u0142a ministra edukacji Barbara Nowacka w rozmowie z Bloomberg News. Zgodnie z zapowiedzi\u0105 to platformy internetowe b\u0119d\u0105 odpowiedzialne za skuteczn\u0105 weryfikacj\u0119 wieku u\u017cytkownik\u00f3w.<\/p>\n\n\n\n<p>Projekt za\u0142o\u017ce\u0144 ustawy ma zosta\u0107 przedstawiony w pi\u0105tek przez Koalicj\u0119 Obywatelsk\u0105. Nowe regulacje przewiduj\u0105 kary finansowe dla serwis\u00f3w, kt\u00f3re nie zablokuj\u0105 dost\u0119pu m\u0142odszym u\u017cytkownikom.<\/p>\n\n\n\n<p>Wtedy nowe przepisy wejd\u0105 w \u017cycie<br>Jak wskaza\u0142a ministra, przepisy mog\u0142yby wej\u015b\u0107 w \u017cycie na pocz\u0105tku 2027 roku. &#8211; Widzimy problemy ze zdrowiem psychicznym dzieci i m\u0142odzie\u017cy, widzimy spadek ich zdolno\u015bci intelektualnych &#8211; powiedzia\u0142a Nowacka, podkre\u015blaj\u0105c rosn\u0105ce obawy dotycz\u0105ce wp\u0142ywu medi\u00f3w spo\u0142eczno\u015bciowych na m\u0142odzie\u017c. Doda\u0142a, \u017ce wysoko\u015b\u0107 potencjalnych kar dla firm technologicznych jest jeszcze przedmiotem dyskusji.<\/p>\n\n\n\n<p>Inne kraje te\u017c zakazuj\u0105<br>Podobne rozwi\u0105zania analizuj\u0105 tak\u017ce inne pa\u0144stwa europejskie, w tym Dania, Grecja, Francja, Hiszpania oraz Wielka Brytania. Brytyjski rz\u0105d informowa\u0142 wcze\u015bniej, \u017ce rozwa\u017ca wprowadzenie ogranicze\u0144 maj\u0105cych lepiej chroni\u0107 dzieci w internecie, po tym jak Australia przyj\u0119\u0142a zbli\u017cone przepisy w grudniu.<\/p>\n","protected":false},"excerpt":{"rendered":"<p>Ministerstwo Edukacji Narodowej zapowiada wprowadzenie zakazu korzystania z medi\u00f3w spo\u0142eczno\u015bciowych przez dzieci poni\u017cej 15. roku \u017cycia &#8211; poda\u0142 Reuters. Odpowiedzialno\u015b\u0107 za weryfikacj\u0119 wieku maj\u0105 ponosi\u0107 same platformy. Projekt ustawy przewiduje kary finansowe dla firm niespe\u0142niaj\u0105cych wymog\u00f3w. Szefowa MEN Barbara Nowacka. Foto: Tomasz Jastrz\u0119bowski\/East NewsPolska planuje zakaz medi\u00f3w spo\u0142eczno\u015bciowych dla dzieci poni\u017cej 15 lat Polska przygotowuje &#8230; <a title=\"MEN bierze si\u0119 za social media. Te roczniki mog\u0105 zosta\u0107 obj\u0119te zakazem\" class=\"read-more\" href=\"https:\/\/dobrezrodla.com\/?p=17692\" aria-label=\"Read more about MEN bierze si\u0119 za social media. Te roczniki mog\u0105 zosta\u0107 obj\u0119te zakazem\">Read more<\/a><\/p>\n","protected":false},"author":1,"featured_media":0,"comment_status":"open","ping_status":"open","sticky":false,"template":"","format":"standard","meta":{"footnotes":""},"categories":[1],"tags":[],"class_list":["post-17692","post","type-post","status-publish","format-standard","hentry","category-uncategorized"],"_links":{"self":[{"href":"https:\/\/dobrezrodla.com\/index.php?rest_route=\/wp\/v2\/posts\/17692","targetHints":{"allow":["GET"]}}],"collection":[{"href":"https:\/\/dobrezrodla.com\/index.php?rest_route=\/wp\/v2\/posts"}],"about":[{"href":"https:\/\/dobrezrodla.com\/index.php?rest_route=\/wp\/v2\/types\/post"}],"author":[{"embeddable":true,"href":"https:\/\/dobrezrodla.com\/index.php?rest_route=\/wp\/v2\/users\/1"}],"replies":[{"embeddable":true,"href":"https:\/\/dobrezrodla.com\/index.php?rest_route=%2Fwp%2Fv2%2Fcomments&post=17692"}],"version-history":[{"count":1,"href":"https:\/\/dobrezrodla.com\/index.php?rest_route=\/wp\/v2\/posts\/17692\/revisions"}],"predecessor-version":[{"id":17693,"href":"https:\/\/dobrezrodla.com\/index.php?rest_route=\/wp\/v2\/posts\/17692\/revisions\/17693"}],"wp:attachment":[{"href":"https:\/\/dobrezrodla.com\/index.php?rest_route=%2Fwp%2Fv2%2Fmedia&parent=17692"}],"wp:term":[{"taxonomy":"category","embeddable":true,"href":"https:\/\/dobrezrodla.com\/index.php?rest_route=%2Fwp%2Fv2%2Fcategories&post=17692"},{"taxonomy":"post_tag","embeddable":true,"href":"https:\/\/dobrezrodla.com\/index.php?rest_route=%2Fwp%2Fv2%2Ftags&post=17692"}],"curies":[{"name":"wp","href":"https:\/\/api.w.org\/{rel}","templated":true}]}}