{"id":17713,"date":"2026-02-27T11:16:39","date_gmt":"2026-02-27T11:16:39","guid":{"rendered":"https:\/\/dobrezrodla.com\/?p=17713"},"modified":"2026-02-27T11:16:39","modified_gmt":"2026-02-27T11:16:39","slug":"nawrocki-o-expose-sikorskiego-w-sprawie-rosji-mowimy-jednym-glosem","status":"publish","type":"post","link":"https:\/\/dobrezrodla.com\/?p=17713","title":{"rendered":"Nawrocki o expos\u00e9 Sikorskiego: w sprawie Rosji m\u00f3wimy jednym g\u0142osem"},"content":{"rendered":"\n<p>Nawrocki: to oczywiste, \u017ce m\u00f3wimy jednym g\u0142osem ws. Rosji<br>Karol Nawrocki podczas konferencji prasowej w Sejmie bezpo\u015brednio po wys\u0142uchaniu expos\u00e9 szefa polskiej dyplomacji odni\u00f3s\u0142 si\u0119 do wypowiedzianych na sali plenarnej s\u0142\u00f3w. Wed\u0142ug niego wyst\u0105pienie Sikorskiego by\u0142o &#8220;wa\u017cne i ciekawe&#8221;.<\/p>\n\n\n\n<ul class=\"wp-block-list\">\n<li>To oczywi\u015bcie odnosi si\u0119 do zagro\u017cenia ze strony Federacji Rosyjskiej, to jest rzecz oczywista, \u017ce m\u00f3wimy w tych kwestiach jednym g\u0142osem. To najwi\u0119ksze, egzystencjalne zagro\u017cenia dla Polski, dla ca\u0142ego porz\u0105dku europejskiego. To wybrzmia\u0142o dzi\u015b ze s\u0142\u00f3w ministra Sikorskiego, ja to powtarzam regularnie &#8211; stwierdzi\u0142 Nawrocki o sp\u00f3jno\u015bci swoich pogl\u0105d\u00f3w na obronno\u015b\u0107 z tymi Sikorskiego.<\/li>\n<\/ul>\n\n\n\n<p>Kompatybilno\u015b\u0107 mi\u0119dzy prezydentem a MSZ i rz\u0105dem?<br>Prezydentwyrazi\u0142 te\u017c zadowolenie z wypowiedzi szefa MSZ o tym, \u017ce Rosja &#8220;nie jest niepokonywalna&#8221;. &#8211; Ciesz\u0119, \u017ce to dzisiaj wybrzmia\u0142o &#8211; doda\u0142prezydent. Wed\u0142ug Nawrockiego, jest te\u017c &#8220;rodzaj kompatybilno\u015bci mi\u0119dzy Pa\u0142acem Prezydenckim,prezydentem a MSZ czy stron\u0105 rz\u0105dow\u0105&#8221;, je\u015bli chodzi o zaproszenie Polski na szczyt G20 w tym roku.<\/p>\n\n\n\n<p>&#8220;Zabrak\u0142o asertywno\u015bci do KE&#8221;<\/p>\n\n\n\n<ul class=\"wp-block-list\">\n<li>Zabrak\u0142o mi w wyst\u0105pieniu ministra Sikorskiego nieco wi\u0119cej asertywno\u015bci w stosunku do Komisji Europejskiej. Chcia\u0142bym wi\u0119kszego wsparcia rz\u0105du w naprawie jej dzia\u0142alno\u015bci. Nie ma w\u0105tpliwo\u015bci, \u017ce Polska jest i pozostanie w UE. Minister Sikorski zaprojektowa\u0142 problem polexitu, kt\u00f3ry rozk\u0142ada\u0142 na czynniki pierwsze &#8211; ale takiego problemu dzi\u015b nie ma &#8211; zaznaczy\u0142 Nawrocki.<\/li>\n<\/ul>\n\n\n\n<p>Wytkn\u0105\u0142 r\u00f3wnie\u017c szefowi MSZ zbyt d\u0142ugi czas, kt\u00f3ry w przemowie zaj\u0119\u0142y mu zarzuty ewentualnego wyj\u015bcia Polski z UE, okre\u015blaj\u0105c to jako wymy\u015blony problem. Wed\u0142ug niego niepotrzebne jest &#8220;rozk\u0142adanie go na czynniki pierwsze z laboratoryjn\u0105 precyzj\u0105&#8221;.<\/p>\n\n\n\n<ul class=\"wp-block-list\">\n<li>Oczywi\u015bcie nie ma w\u0105tpliwo\u015bci, \u017ce Polska jest i pozostanie w najbli\u017cszym czasie w UE. Minister Sikorski zaprojektowa\u0142 sobie na 15 minut pewien problem polexitu. Oczywi\u015bcie takiego problemu dzisiaj nie ma &#8211; t\u0142umaczy\u0142 prezydent.<\/li>\n<\/ul>\n\n\n\n<p>Sojusze regionalne i reparacje od Niemiec<br>Wed\u0142ug Nawrockiego warto by\u0142oby skupi\u0107 si\u0119 bardziej na regionalnych formatach, kt\u00f3rych Polska jest liderem. Prezydent zaznaczy\u0142, \u017ce b\u0119dzie przekonywa\u0142 ministra Sikorskiego, aby wspiera\u0142 o\u015brodek prezydencki i jego samego w dzia\u0142aniach takich jak Inicjatywa Tr\u00f3jmorza czy Grupa Wyszehradzka. Przypomnia\u0142, \u017ce Inicjatywa Tr\u00f3jmorze jest przecie\u017c wa\u017cnym projektem, kt\u00f3ry &#8220;powsta\u0142 w g\u0142owie&#8221; jego poprzednika Andrzeja Dudy.<\/p>\n\n\n\n<ul class=\"wp-block-list\">\n<li>Z zawodem spostrzeg\u0142em, \u017ce minister Sikorski nie odni\u00f3s\u0142 si\u0119 do mojej propozycji, kt\u00f3r\u0105 z\u0142o\u017cy\u0142em prezydentowi Niemiec, odnosz\u0105cej si\u0119 do sp\u0142aty reparacji. Gdyby Niemcy zacz\u0119\u0142y sp\u0142aca\u0107 reparacje, cho\u0107by w samym sprz\u0119cie, to mo\u017ce dzisiaj nie musieliby\u015bmy rozmawia\u0107 o programie SAFE, bo kwestie militarne i wojskowe sp\u0142aca\u0142yby si\u0119 z tego, co Niemcy s\u0105 zobowi\u0105zane zap\u0142aci\u0107 &#8211; przypomnia\u0142 Nawrocki.<\/li>\n<\/ul>\n","protected":false},"excerpt":{"rendered":"<p>Nawrocki: to oczywiste, \u017ce m\u00f3wimy jednym g\u0142osem ws. RosjiKarol Nawrocki podczas konferencji prasowej w Sejmie bezpo\u015brednio po wys\u0142uchaniu expos\u00e9 szefa polskiej dyplomacji odni\u00f3s\u0142 si\u0119 do wypowiedzianych na sali plenarnej s\u0142\u00f3w. Wed\u0142ug niego wyst\u0105pienie Sikorskiego by\u0142o &#8220;wa\u017cne i ciekawe&#8221;. Kompatybilno\u015b\u0107 mi\u0119dzy prezydentem a MSZ i rz\u0105dem?Prezydentwyrazi\u0142 te\u017c zadowolenie z wypowiedzi szefa MSZ o tym, \u017ce Rosja &#8230; <a title=\"Nawrocki o expos\u00e9 Sikorskiego: w sprawie Rosji m\u00f3wimy jednym g\u0142osem\" class=\"read-more\" href=\"https:\/\/dobrezrodla.com\/?p=17713\" aria-label=\"Read more about Nawrocki o expos\u00e9 Sikorskiego: w sprawie Rosji m\u00f3wimy jednym g\u0142osem\">Read more<\/a><\/p>\n","protected":false},"author":1,"featured_media":0,"comment_status":"open","ping_status":"open","sticky":false,"template":"","format":"standard","meta":{"footnotes":""},"categories":[1],"tags":[],"class_list":["post-17713","post","type-post","status-publish","format-standard","hentry","category-uncategorized"],"_links":{"self":[{"href":"https:\/\/dobrezrodla.com\/index.php?rest_route=\/wp\/v2\/posts\/17713","targetHints":{"allow":["GET"]}}],"collection":[{"href":"https:\/\/dobrezrodla.com\/index.php?rest_route=\/wp\/v2\/posts"}],"about":[{"href":"https:\/\/dobrezrodla.com\/index.php?rest_route=\/wp\/v2\/types\/post"}],"author":[{"embeddable":true,"href":"https:\/\/dobrezrodla.com\/index.php?rest_route=\/wp\/v2\/users\/1"}],"replies":[{"embeddable":true,"href":"https:\/\/dobrezrodla.com\/index.php?rest_route=%2Fwp%2Fv2%2Fcomments&post=17713"}],"version-history":[{"count":1,"href":"https:\/\/dobrezrodla.com\/index.php?rest_route=\/wp\/v2\/posts\/17713\/revisions"}],"predecessor-version":[{"id":17718,"href":"https:\/\/dobrezrodla.com\/index.php?rest_route=\/wp\/v2\/posts\/17713\/revisions\/17718"}],"wp:attachment":[{"href":"https:\/\/dobrezrodla.com\/index.php?rest_route=%2Fwp%2Fv2%2Fmedia&parent=17713"}],"wp:term":[{"taxonomy":"category","embeddable":true,"href":"https:\/\/dobrezrodla.com\/index.php?rest_route=%2Fwp%2Fv2%2Fcategories&post=17713"},{"taxonomy":"post_tag","embeddable":true,"href":"https:\/\/dobrezrodla.com\/index.php?rest_route=%2Fwp%2Fv2%2Ftags&post=17713"}],"curies":[{"name":"wp","href":"https:\/\/api.w.org\/{rel}","templated":true}]}}