{"id":17719,"date":"2026-02-27T11:16:57","date_gmt":"2026-02-27T11:16:57","guid":{"rendered":"https:\/\/dobrezrodla.com\/?p=17719"},"modified":"2026-02-27T11:16:58","modified_gmt":"2026-02-27T11:16:58","slug":"co-zrobi-nawrocki-ws-safe-prezydent-apeluje-o-cierpliwosc","status":"publish","type":"post","link":"https:\/\/dobrezrodla.com\/?p=17719","title":{"rendered":"Co zrobi Nawrocki ws. SAFE? Prezydent apeluje o cierpliwo\u015b\u0107"},"content":{"rendered":"\n<p>Program SAFE. B\u0119dzie weto prezydenta?<br>Prezydent wys\u0142ucha\u0142 w czwartek w Sejmie expos\u00e9 wicepremiera, szefa MSZ Rados\u0142awa Sikorskiego, dotycz\u0105cego podsumowania priorytet\u00f3w polskiej polityki zagranicznej w 2026 roku. Podczas p\u00f3\u017aniejszej konferencji prasowej Nawrocki zosta\u0142 zapytany, czy na ten moment bli\u017cej jest podpisania czy zawetowania ustawy wdra\u017caj\u0105cej program SAFE.<\/p>\n\n\n\n<ul class=\"wp-block-list\">\n<li>Ta materia jest tak istotna dla pa\u0144stwa polskiego i wywo\u0142uje tak wiele emocji w Polsce, \u017ce nie b\u0119d\u0119 m\u00f3wi\u0142 dzisiaj, jak\u0105 decyzj\u0119 podejm\u0119. Na t\u0119 decyzj\u0119 mam jeszcze kilka tygodni &#8211; zaznaczy\u0142 prezydent.<\/li>\n<\/ul>\n\n\n\n<p>Nawrocki &#8220;szuka rozwi\u0105za\u0144&#8221;<br>Zapewni\u0142 natomiast, \u017ce sprawie ca\u0142y czas si\u0119 przygl\u0105da, &#8220;szukaj\u0105c rozwi\u0105za\u0144, dyskutuj\u0105c z wicepremierem W\u0142adys\u0142awem Kosiniakiem-Kamyszem i genera\u0142ami oraz ws\u0142uchuj\u0105c si\u0119 w opinie Biura Bezpiecze\u0144stwa Narodowego, a tak\u017ce przygl\u0105daj\u0105c si\u0119 temu, jak Polacy reaguj\u0105 na propozycj\u0119 umowy SAFE&#8221;. &#8211; Decyzj\u0119 podejm\u0119 w odpowiednim momencie &#8211; doda\u0142 Nawrocki.<\/p>\n\n\n\n<p>Prezydent podkre\u015bli\u0142, \u017ce sprawa jest &#8220;zbyt powa\u017cna&#8221;, aby podejmowa\u0142 decyzj\u0119 &#8220;jeszcze dzisiaj&#8221;. &#8211; Ka\u017cdego dnia mamy do czynienia z jednej strony z emocjami spo\u0142ecznymi, z drugiej strony z pewnymi konsultacjami, dyskusjami, tak\u017ce z pracami legislacyjnymi przez ostatnie dwa tygodnie &#8211; powiedzia\u0142. &#8211; Musicie si\u0119 pa\u0144stwo jeszcze uzbroi\u0107 w cierpliwo\u015b\u0107 &#8211; oznajmi\u0142.<\/p>\n\n\n\n<p>G\u0142osowanie nad SAFE ju\u017c w pi\u0105tek<br>W pi\u0105tek Sejm g\u0142osowa\u0107 b\u0119dzie nad poprawkami Senatu do ustawy wdra\u017caj\u0105cej program SAFE. Ustawa zak\u0142ada stworzenie zarz\u0105dzanego przez Bank Gospodarstwa Krajowego Finansowego Instrumentu Zwi\u0119kszenia Bezpiecze\u0144stwa, za po\u015brednictwem kt\u00f3rego rz\u0105d b\u0119dzie m\u00f3g\u0142 korzysta\u0107 z pieni\u0119dzy z SAFE.<\/p>\n\n\n\n<p>Poprawki zaproponowane przez Senat zapewniaj\u0105 m.in., \u017ce sp\u0142ata po\u017cyczki nie b\u0119dzie finansowana z bud\u017cetu Ministerstwa Obrony Narodowej, a tak\u017ce wprowadzaj\u0105 obowi\u0105zek kontroli antykorupcyjnej i kontrwywiadowczej przez ABW, SKW i CBA wykorzystania \u015brodk\u00f3w finansowych z SAFE oraz sprawozdawczo\u015bci prowadzenia tej kontroli.<\/p>\n\n\n\n<p>Ustawa r\u00f3wnie\u017c ju\u017c w pi\u0105tek trafi na biurko prezydenta. Pa\u0142ac Prezydencki zapewne wci\u0105\u017c ma w\u0105tpliwo\u015bci, czy ogromne pieni\u0105dze z Brukseli nie wi\u0105\u017c\u0105 si\u0119 z oddaniem cz\u0119\u015bci suwerenno\u015bci w r\u0119ce urz\u0119dnik\u00f3w UE.<\/p>\n\n\n\n<p>Ile Polska mog\u0142aby dosta\u0107 z Brukseli?<br>W ramach unijnego instrumentu polski rz\u0105d b\u0119dzie m\u00f3g\u0142 skorzysta\u0107 z ok. 43,7 miliard\u00f3w euro w postaci korzystnie oprocentowanych po\u017cyczek i wyda\u0107 je na inwestycje w obronno\u015b\u0107. Wed\u0142ug deklaracji rz\u0105du ponad 80% pieni\u0119dzy ma zosta\u0107 wydane w polskim przemy\u015ble zbrojeniowym.<\/p>\n","protected":false},"excerpt":{"rendered":"<p>Program SAFE. B\u0119dzie weto prezydenta?Prezydent wys\u0142ucha\u0142 w czwartek w Sejmie expos\u00e9 wicepremiera, szefa MSZ Rados\u0142awa Sikorskiego, dotycz\u0105cego podsumowania priorytet\u00f3w polskiej polityki zagranicznej w 2026 roku. Podczas p\u00f3\u017aniejszej konferencji prasowej Nawrocki zosta\u0142 zapytany, czy na ten moment bli\u017cej jest podpisania czy zawetowania ustawy wdra\u017caj\u0105cej program SAFE. Nawrocki &#8220;szuka rozwi\u0105za\u0144&#8221;Zapewni\u0142 natomiast, \u017ce sprawie ca\u0142y czas si\u0119 przygl\u0105da, &#8230; <a title=\"Co zrobi Nawrocki ws. SAFE? Prezydent apeluje o cierpliwo\u015b\u0107\" class=\"read-more\" href=\"https:\/\/dobrezrodla.com\/?p=17719\" aria-label=\"Read more about Co zrobi Nawrocki ws. SAFE? Prezydent apeluje o cierpliwo\u015b\u0107\">Read more<\/a><\/p>\n","protected":false},"author":1,"featured_media":0,"comment_status":"open","ping_status":"open","sticky":false,"template":"","format":"standard","meta":{"footnotes":""},"categories":[1],"tags":[],"class_list":["post-17719","post","type-post","status-publish","format-standard","hentry","category-uncategorized"],"_links":{"self":[{"href":"https:\/\/dobrezrodla.com\/index.php?rest_route=\/wp\/v2\/posts\/17719","targetHints":{"allow":["GET"]}}],"collection":[{"href":"https:\/\/dobrezrodla.com\/index.php?rest_route=\/wp\/v2\/posts"}],"about":[{"href":"https:\/\/dobrezrodla.com\/index.php?rest_route=\/wp\/v2\/types\/post"}],"author":[{"embeddable":true,"href":"https:\/\/dobrezrodla.com\/index.php?rest_route=\/wp\/v2\/users\/1"}],"replies":[{"embeddable":true,"href":"https:\/\/dobrezrodla.com\/index.php?rest_route=%2Fwp%2Fv2%2Fcomments&post=17719"}],"version-history":[{"count":1,"href":"https:\/\/dobrezrodla.com\/index.php?rest_route=\/wp\/v2\/posts\/17719\/revisions"}],"predecessor-version":[{"id":17721,"href":"https:\/\/dobrezrodla.com\/index.php?rest_route=\/wp\/v2\/posts\/17719\/revisions\/17721"}],"wp:attachment":[{"href":"https:\/\/dobrezrodla.com\/index.php?rest_route=%2Fwp%2Fv2%2Fmedia&parent=17719"}],"wp:term":[{"taxonomy":"category","embeddable":true,"href":"https:\/\/dobrezrodla.com\/index.php?rest_route=%2Fwp%2Fv2%2Fcategories&post=17719"},{"taxonomy":"post_tag","embeddable":true,"href":"https:\/\/dobrezrodla.com\/index.php?rest_route=%2Fwp%2Fv2%2Ftags&post=17719"}],"curies":[{"name":"wp","href":"https:\/\/api.w.org\/{rel}","templated":true}]}}