{"id":17727,"date":"2026-02-27T11:23:16","date_gmt":"2026-02-27T11:23:16","guid":{"rendered":"https:\/\/dobrezrodla.com\/?p=17727"},"modified":"2026-02-27T11:23:16","modified_gmt":"2026-02-27T11:23:16","slug":"sejm-glosowal-nad-wotum-nieufnosci-wobec-ministra-rolnictwa-nagle-glos-zabral-szef-mon","status":"publish","type":"post","link":"https:\/\/dobrezrodla.com\/?p=17727","title":{"rendered":"Sejm g\u0142osowa\u0142 nad wotum nieufno\u015bci wobec ministra rolnictwa. Nagle g\u0142os zabra\u0142 szef MON"},"content":{"rendered":"\n<p>Wniosek o wotum nieufno\u015bci wobec ministra rolnictwa Stefana Krajewskiego z\u0142o\u017cony przez pos\u0142\u00f3w PiS sta\u0142 si\u0119 jednym z najgor\u0119tszych temat\u00f3w sejmowej debaty. Sprawa nabra\u0142a politycznego charakteru jeszcze przed g\u0142osowaniem, a lider PSL i wicepremier W\u0142adys\u0142aw Kosiniak-Kamysz otwarcie stan\u0105\u0142 w obronie szefa resortu.<\/p>\n\n\n\n<ul class=\"wp-block-list\">\n<li>Polityczna burza wok\u00f3\u0142 ministra rolnictwa. PiS sk\u0142ada wniosek o wotum nieufno\u015bci<\/li>\n\n\n\n<li>&#8220;Ob\u0142udnicy z PiS&#8221;. Wicepremier ostro o pos\u0142ach Prawa i Sprawiedliwo\u015bci<\/li>\n\n\n\n<li>&#8220;Nie musimy broni\u0107 ministra&#8221;. Mocna deklaracja Kosiniaka-Kamysza<\/li>\n<\/ul>\n\n\n\n<h2 class=\"wp-block-heading\">Polityczna burza wok\u00f3\u0142 ministra rolnictwa. PiS sk\u0142ada wniosek o wotum nieufno\u015bci<\/h2>\n\n\n\n<p>W czwartek wieczorem Sejm zajmuje si\u0119 wnioskiem Prawa i Sprawiedliwo\u015bci o odwo\u0142anie ministra rolnictwa Stefana Krajewskiego. Wniosek zosta\u0142 wcze\u015bniej negatywnie zaopiniowany przez sejmow\u0105 komisj\u0119 rolnictwa, jednak zgodnie z procedur\u0105 trafi\u0142 pod obrady ca\u0142ej izby.<\/p>\n\n\n\n<p>Pos\u0142owie PiS uzasadniali swoj\u0105 inicjatyw\u0119 m.in. zarzutami dotycz\u0105cymi polityki rolnej rz\u0105du, w tym dopuszczenia do podpisania umowy UE\u2013Mercosur oraz zgody na, ich zdaniem, niekorzystne rozwi\u0105zania w relacjach UE\u2013Ukraina. Opozycja podnosi\u0142a r\u00f3wnie\u017c kwestie zwi\u0105zane z kryzysem w rolnictwie i brakiem skutecznych dzia\u0142a\u0144 resortu, co mia\u0142o uzasadnia\u0107 wniosek o wotum nieufno\u015bci wobec ministra.<\/p>\n\n\n\n<p>Debata mia\u0142a wyra\u017anie polityczny wymiar. Przedstawiaj\u0105cy wniosek politycy PiS argumentowali, \u017ce minister nie radzi sobie z najwi\u0119kszymi wyzwaniami sektora rolnego, podczas gdy przedstawiciele koalicji rz\u0105dz\u0105cej wskazywali, \u017ce inicjatywa ma charakter czysto polityczny i stanowi pr\u00f3b\u0119 przerzucenia odpowiedzialno\u015bci za wcze\u015bniejsze decyzje na obecne kierownictwo resortu.&nbsp;<\/p>\n\n\n\n<figure class=\"wp-block-image\"><img decoding=\"async\" src=\"https:\/\/images.iberion.media\/images\/origin\/KAPIF_oryginal_K1511540_F_4a1bf46b36.jpg\" alt=\"Sejm g\u0142osowa\u0142 nad wotum nieufno\u015bci wobec ministra rolnictwa. Nagle g\u0142os zabra\u0142 szef MON\"\/><figcaption class=\"wp-element-caption\">Stefan Krajewski (fot. Kapif)<\/figcaption><\/figure>\n\n\n\n<h2 class=\"wp-block-heading\">&#8220;Ob\u0142udnicy z PiS&#8221;. Wicepremier ostro o pos\u0142ach Prawa i Sprawiedliwo\u015bci<\/h2>\n\n\n\n<p>Wicepremier i lider PSL W\u0142adys\u0142aw Kosiniak-Kamysz zdecydowanie broni\u0142 Stefana Krajewskiego, zar\u00f3wno podczas konferencji prasowej, jak i w przestrzeni publicznej, w tym w mediach spo\u0142eczno\u015bciowych. W swoim przekazie oceni\u0142 dzia\u0142ania PiS jako polityczn\u0105 manipulacj\u0119 wymierzon\u0105 w \u015brodowisko rolnik\u00f3w.<\/p>\n\n\n\n<p>Jak podawa\u0142a PAP, Kosiniak-Kamysz stwierdzi\u0142, \u017ce wniosek o odwo\u0142anie ministra to \u201eelement ob\u0142udnej gry politycznej\u201d oraz \u201ekpina z rolnik\u00f3w\u201d.<\/p>\n\n\n\n<blockquote class=\"wp-block-quote is-layout-flow wp-block-quote-is-layout-flow\">\n<p>Ob\u0142udnicy z PiS z\u0142o\u017cyli wniosek o wotum nieufno\u015bci wobec ministra rolnictwa Stefana Krajewskiego. Po latach chaosu &#8211; niekontrolowany nap\u0142yw zbo\u017ca z Ukrainy, wprowadzenie Zielonego \u0141adu jako programu PiS, rekordowa wyprzeda\u017c ziemi, przyspieszanie przyj\u0119cia umowy UE-Mercosur &#8211; dzi\u015b ci sami politycy chc\u0105 udawa\u0107 obro\u0144c\u00f3w wsi. To polityczna gra i kpina z rolnik\u00f3w.<\/p>\n\n\n\n<p>-napisa\u0142 W\u0142adys\u0142\u0105w Kosiniak-Kamysz na platformie x<\/p>\n<\/blockquote>\n\n\n\n<p>Lider PSL zapowiedzia\u0142 tak\u017ce pe\u0142ne wsparcie dla Krajewskiego i przekonywa\u0142, \u017ce debata nad wotum nieufno\u015bci powinna by\u0107 okazj\u0105 do przedstawienia efekt\u00f3w pracy resortu rolnictwa. W jego ocenie minister \u201erozmawia z rolnikami, konsultuje, wprowadza nowe elementy\u201d oraz realizuje projekty wa\u017cne dla sektora, takie jak ustawa o aktywnym rolniku, kt\u00f3ra \u2013 jak przypomnia\u0142 \u2013 zosta\u0142a zawetowana przez prezydenta.<\/p>\n\n\n\n<p>Jego stanowisko wpisywa\u0142o si\u0119 w szersz\u0105 narracj\u0119 koalicji rz\u0105dz\u0105cej, kt\u00f3ra podkre\u015bla\u0142a, \u017ce opozycja pr\u00f3buje wykorzysta\u0107 napi\u0119cia wok\u00f3\u0142 rolnictwa do bie\u017c\u0105cej walki politycznej.<\/p>\n\n\n\n<blockquote class=\"wp-block-quote is-layout-flow wp-block-quote-is-layout-flow\">\n<p>Ob\u0142udnicy z PiS z\u0142o\u017cyli wniosek o wotum nieufno\u015bci wobec ministra rolnictwa Stefana Krajewskiego. Po latach chaosu &#8211; niekontrolowany nap\u0142yw zbo\u017ca z Ukrainy, wprowadzenie Zielonego \u0141adu jako programu PiS, rekordowa wyprzeda\u017c ziemi, przyspieszanie przyj\u0119cia umowy UE-Mercosur &#8211; dzi\u015b\u2026&nbsp;<a href=\"https:\/\/t.co\/Wj7qlrshwg\">pic.twitter.com\/Wj7qlrshwg<\/a>\u2014 W\u0142adys\u0142aw Kosiniak-Kamysz (@KosiniakKamysz)&nbsp;<a href=\"https:\/\/twitter.com\/KosiniakKamysz\/status\/2027103140730855834?ref_src=twsrc%5Etfw\">February 26, 2026<\/a><\/p>\n<\/blockquote>\n\n\n\n<h2 class=\"wp-block-heading\">&#8220;Nie musimy broni\u0107 ministra&#8221;. Mocna deklaracja Kosiniaka-Kamysza<\/h2>\n\n\n\n<p>W dalszej cz\u0119\u015bci swojej wypowiedzi, publikowanej m.in. w mediach spo\u0142eczno\u015bciowych, W\u0142adys\u0142aw Kosiniak-Kamysz jednoznacznie zaznaczy\u0142, \u017ce jego zdaniem obrona Stefana Krajewskiego nie powinna opiera\u0107 si\u0119 wy\u0142\u0105cznie na sporze politycznym, lecz na konkretnych dzia\u0142aniach podejmowanych przez resort rolnictwa. W kontek\u015bcie wniosku o wotum nieufno\u015bci lider PSL podkre\u015bli\u0142, \u017ce ocena ministra powinna wynika\u0107 z efekt\u00f3w jego pracy, a nie z bie\u017c\u0105cej walki politycznej.<\/p>\n\n\n\n<blockquote class=\"wp-block-quote is-layout-flow wp-block-quote-is-layout-flow\">\n<p>Nie musimy broni\u0107 ministra &#8211; jego konkretne decyzje i efekty pracy obroni\u0105 si\u0119 same. Zobaczycie!<\/p>\n\n\n\n<p>\u2013 zako\u0144czy\u0142 wpis W\u0142adys\u0142awa Kosiniaka-Kamysza<\/p>\n<\/blockquote>\n\n\n\n<p>Post wicepremiera w serwisie X stanowi\u0142 element szerszej komunikacji politycznej, w kt\u00f3rej lider PSL przedstawia\u0142 wniosek PiS jako dzia\u0142anie motywowane politycznie, a nie ocen\u0105 faktycznych rezultat\u00f3w pracy ministerstwa.<\/p>\n\n\n\n<h2 class=\"wp-block-heading\">Sejm odrzuci\u0142 wotum nieufno\u015bci<\/h2>\n\n\n\n<p>Sejm nie popar\u0142 wniosku o odwo\u0142anie ministra rolnictwa. W czwartkowym g\u0142osowaniu wi\u0119kszo\u015b\u0107 pos\u0142\u00f3w opowiedzia\u0142a si\u0119 przeciwko dymisji, co oznacza, \u017ce Stefan Krajewski utrzyma\u0142 stanowisko i b\u0119dzie dalej kierowa\u0142 resortem Rolnictwa i Rozwoju Wsi. G\u0142osowanie pokaza\u0142o mobilizacj\u0119 i jedno\u015b\u0107 ugrupowa\u0144 tworz\u0105cych koalicj\u0119 rz\u0105dow\u0105.<\/p>\n\n\n\n<p>W g\u0142osowaniu uczestniczy\u0142o 436 parlamentarzyst\u00f3w. Za wyra\u017ceniem wotum nieufno\u015bci zag\u0142osowa\u0142o 201 pos\u0142\u00f3w \u2013 przede wszystkim z klub\u00f3w Prawo i Sprawiedliwo\u015b\u0107 oraz Konfederacja. Przeciw by\u0142o 235 deputowanych, g\u0142\u00f3wnie reprezentuj\u0105cych ob\u00f3z rz\u0105dz\u0105cy. Wniosek tym samym upad\u0142, a minister pozostaje na stanowisku.<\/p>\n","protected":false},"excerpt":{"rendered":"<p>Wniosek o wotum nieufno\u015bci wobec ministra rolnictwa Stefana Krajewskiego z\u0142o\u017cony przez pos\u0142\u00f3w PiS sta\u0142 si\u0119 jednym z najgor\u0119tszych temat\u00f3w sejmowej debaty. Sprawa nabra\u0142a politycznego charakteru jeszcze przed g\u0142osowaniem, a lider PSL i wicepremier W\u0142adys\u0142aw Kosiniak-Kamysz otwarcie stan\u0105\u0142 w obronie szefa resortu. Polityczna burza wok\u00f3\u0142 ministra rolnictwa. PiS sk\u0142ada wniosek o wotum nieufno\u015bci W czwartek wieczorem &#8230; <a title=\"Sejm g\u0142osowa\u0142 nad wotum nieufno\u015bci wobec ministra rolnictwa. Nagle g\u0142os zabra\u0142 szef MON\" class=\"read-more\" href=\"https:\/\/dobrezrodla.com\/?p=17727\" aria-label=\"Read more about Sejm g\u0142osowa\u0142 nad wotum nieufno\u015bci wobec ministra rolnictwa. Nagle g\u0142os zabra\u0142 szef MON\">Read more<\/a><\/p>\n","protected":false},"author":1,"featured_media":0,"comment_status":"open","ping_status":"open","sticky":false,"template":"","format":"standard","meta":{"footnotes":""},"categories":[1],"tags":[],"class_list":["post-17727","post","type-post","status-publish","format-standard","hentry","category-uncategorized"],"_links":{"self":[{"href":"https:\/\/dobrezrodla.com\/index.php?rest_route=\/wp\/v2\/posts\/17727","targetHints":{"allow":["GET"]}}],"collection":[{"href":"https:\/\/dobrezrodla.com\/index.php?rest_route=\/wp\/v2\/posts"}],"about":[{"href":"https:\/\/dobrezrodla.com\/index.php?rest_route=\/wp\/v2\/types\/post"}],"author":[{"embeddable":true,"href":"https:\/\/dobrezrodla.com\/index.php?rest_route=\/wp\/v2\/users\/1"}],"replies":[{"embeddable":true,"href":"https:\/\/dobrezrodla.com\/index.php?rest_route=%2Fwp%2Fv2%2Fcomments&post=17727"}],"version-history":[{"count":1,"href":"https:\/\/dobrezrodla.com\/index.php?rest_route=\/wp\/v2\/posts\/17727\/revisions"}],"predecessor-version":[{"id":17735,"href":"https:\/\/dobrezrodla.com\/index.php?rest_route=\/wp\/v2\/posts\/17727\/revisions\/17735"}],"wp:attachment":[{"href":"https:\/\/dobrezrodla.com\/index.php?rest_route=%2Fwp%2Fv2%2Fmedia&parent=17727"}],"wp:term":[{"taxonomy":"category","embeddable":true,"href":"https:\/\/dobrezrodla.com\/index.php?rest_route=%2Fwp%2Fv2%2Fcategories&post=17727"},{"taxonomy":"post_tag","embeddable":true,"href":"https:\/\/dobrezrodla.com\/index.php?rest_route=%2Fwp%2Fv2%2Ftags&post=17727"}],"curies":[{"name":"wp","href":"https:\/\/api.w.org\/{rel}","templated":true}]}}