{"id":17736,"date":"2026-02-27T11:23:39","date_gmt":"2026-02-27T11:23:39","guid":{"rendered":"https:\/\/dobrezrodla.com\/?p=17736"},"modified":"2026-02-27T11:23:39","modified_gmt":"2026-02-27T11:23:39","slug":"sejm-o-wotum-nieufnosci-wobec-ministra-rolnictwa-tusk-nie-gryzl-sie-w-jezyk-jaroslaw-mercosur-kaczynski","status":"publish","type":"post","link":"https:\/\/dobrezrodla.com\/?p=17736","title":{"rendered":"Sejm o wotum nieufno\u015bci wobec ministra rolnictwa. Tusk nie gryz\u0142 si\u0119 w j\u0119zyk. &#8220;Jaros\u0142aw Mercosur Kaczy\u0144ski&#8221;"},"content":{"rendered":"\n<p>W Sejmie zako\u0144czy\u0142a si\u0119 debata nad wnioskiem o wotum nieufno\u015bci wobec ministra rolnictwa Stefana Krajewskiego. Premier Donald Tusk zabra\u0142 g\u0142os, odnosz\u0105c si\u0119 do dzia\u0142a\u0144 opozycji i kluczowych temat\u00f3w zwi\u0105zanych z polityk\u0105 roln\u0105. Dyskusja wywo\u0142uje gor\u0105ce reakcje i wyra\u017anie pokazuje napi\u0119cia w polskiej polityce rolnej.<\/p>\n\n\n\n<p>Sejmowa debata o wotum nieufno\u015bci wobec ministra rolnictwa<br>Zarzuty PiS wobec Stefana Krajewskiego i reakcja premiera<br>Stanowisko premiera i przysz\u0142o\u015b\u0107 ministra rolnictwa<br>Sejm odrzuca wotum nieufno\u015bci dla ministra Krajewskiego<br>Sejmowa debata o wotum nieufno\u015bci wobec ministra rolnictwa<br>Dyskusja w Sejmie trwa\u0142a szerszych napi\u0119\u0107 politycznych, kt\u00f3re dotycz\u0105 nie tylko samego ministra rolnictwa, ale r\u00f3wnie\u017c kierunku polityki rolnej kraju. Premier Donald Tusk odni\u00f3s\u0142 si\u0119 do dzia\u0142a\u0144 politycznych PiS, wskazuj\u0105c na z\u0142o\u017cony kontekst, w kt\u00f3rym klub opozycyjny inicjuje wniosek o wotum nieufno\u015bci.<\/p>\n\n\n\n<p>\u2013 Bardzo kr\u00f3tko, kilka s\u0142\u00f3w o tej debacie i o akcji, jak\u0105 przeprowadza dzi\u015b klub PiS. Postaram si\u0119 dostosowa\u0107 do j\u0119zyka wnioskodawcy. Nie dziwi\u0119 si\u0119, \u017ce w debacie na temat stanu polskiego rolnictwa nie uczestniczyli pan Jaros\u0142aw Mercosur Kaczy\u0144ski i pan Mateusz Mercosur Morawiecki \u2013 m\u00f3wi\u0142 premier na sejmowej m\u00f3wnicy.<\/p>\n\n\n\n<p>Premier zwraca\u0142 uwag\u0119, \u017ce w tle sporu znajduj\u0105 si\u0119 powa\u017cne kwestie gospodarcze i mi\u0119dzynarodowe, jak Zielony \u0141ad, ukrai\u0144skie zbo\u017ce czy umowy handlowe z pa\u0144stwami Mercosur. Wed\u0142ug niego debata nad wotum nieufno\u015bci staje si\u0119 jednocze\u015bnie polem, na kt\u00f3rym rozgrywane s\u0105 wi\u0119ksze kwestie strategiczne dotycz\u0105ce Polski i jej pozycji w Unii Europejskiej. Tusk podkre\u015bla\u0142, \u017ce kluczowe jest, aby fakty by\u0142y przedstawiane wielokrotnie, gdy\u017c:<\/p>\n\n\n\n<p>\u2013 Prawda sama si\u0119 nie obroni, \u017ce j\u0105 te\u017c trzeba powt\u00f3rzy\u0107 1 tys. razy. Nic tak bardzo nie przemawia do rozumu, tak\u0105 mam nadziej\u0119, jak fakty, jak s\u0142owa, kt\u00f3re pad\u0142y w przesz\u0142o\u015bci, i dlatego powt\u00f3rz\u0119 je jeszcze raz. G\u0142\u00f3wne punkty tego pseudo aktu oskar\u017cenia wobec ministra Krajewskiego to Mercosur i ukrai\u0144skie zbo\u017ce \u2013 m\u00f3wi\u0142 Tusk.<\/p>\n\n\n\n<p>Sejm o wotum nieufno\u015bci wobec ministra rolnictwa. Tusk nie gryz\u0142 si\u0119 w j\u0119zyk. &#8220;Jaros\u0142aw Mercosur Kaczy\u0144ski&#8221;<br>Donald Tusk, fot. Anita Walczewska\/East News<br>Zarzuty PiS wobec Stefana Krajewskiego i reakcja premiera<br>Pos\u0142owie PiS zarzucaj\u0105 Stefanowi Krajewskiemu m.in. dopuszczenie do podpisania umowy UE-Mercosur oraz zgod\u0119 na umow\u0119 UE-Ukraina, kt\u00f3r\u0105 uznaj\u0105 za niekorzystn\u0105 dla Polski. Premier Tusk nie szcz\u0119dzi\u0142 mocnych s\u0142\u00f3w pod adresem opozycji.<\/p>\n\n\n\n<p>\u2013 Klub, kt\u00f3ry z\u0142o\u017cy\u0142 ten wniosek jest odpowiedzialny nie tylko za Mercosur, ale tak\u017ce za Zielony \u0141ad i ukrai\u0144skie zbo\u017ce, s\u0142ynie z zasady, \u017ce k\u0142amstwo powt\u00f3rzone 1 tys. razy staje si\u0119 prawd\u0105 \u2013 m\u00f3wi\u0142 szef rz\u0105du, a nast\u0119pnie wskazywa\u0142 na potrzeb\u0119 przeciwstawienia tej strategii argumentom opartym na faktach.<\/p>\n\n\n\n<p>Podczas swojego wyst\u0105pienia premier przywo\u0142a\u0142 r\u00f3wnie\u017c wcze\u015bniejsze stanowisko polityk\u00f3w PiS dotycz\u0105ce polityki handlowej i rolniczej. Przytoczy\u0142 s\u0142owa ministra rolnictwa z 2019 r., kt\u00f3ry m\u00f3wi\u0142, \u017ce Polska \u201echce zawarcia umowy z Mercosurem\u201d.<\/p>\n\n\n\n<p>\u2013 Nie wiem, co gorsze dla polskiego rolnictwa, wasze rz\u0105dy czy pow\u00f3d\u017a. Wszystkie wasze s\u0142owa, okrzyki, wrzaski, maj\u0105 podwa\u017cy\u0107 zaufanie do strategicznego wyboru w postaci silnej niepodleg\u0142ej Polski w silnej zjednoczonej Europie \u2013 zaznaczy\u0142 premier. \u2013 Mercosur, Zielony \u0141ad, zbo\u017ce ukrai\u0144skie, we wszystkich tych sprawach psuli\u015bcie z powodu waszej nieudolno\u015bci \u2013 doda\u0142.<\/p>\n\n\n\n<p>Stanowisko premiera i przysz\u0142o\u015b\u0107 ministra rolnictwa<br>Najistotniejsze wnioski dotycz\u0105 samego Stefana Krajewskiego i jego roli w rz\u0105dzie. Premier Tusk podkre\u015bli\u0142, \u017ce minister jest przyzwoitym i kompetentnym politykiem, kt\u00f3ry dobrze s\u0142u\u017cy pa\u0144stwu.<\/p>\n\n\n\n<p>\u2013 Minister Stefan Krajewski to przyzwoity, silny cz\u0142owiek, dobrze s\u0142u\u017cy Rzeczpospolitej i b\u0119dzie dalej ministrem, czy wam si\u0119 to podoba, czy nie \u2013 stwierdzi\u0142 Tusk, podkre\u015blaj\u0105c w ten spos\u00f3b stabilno\u015b\u0107 stanowiska ministra mimo wniosku o wotum nieufno\u015bci.<\/p>\n\n\n\n<p>Debata w Sejmie pokazuje r\u00f3wnie\u017c, \u017ce sp\u00f3r polityczny nie ogranicza si\u0119 tylko do formalnych procedur. Dotyczy on r\u00f3wnie\u017c oceny polityki rolnej, decyzji mi\u0119dzynarodowych i strategii komunikacyjnej rz\u0105du wobec opinii publicznej. G\u0142os premiera jasno sygnalizuje, \u017ce kwestia wotum nieufno\u015bci nie powinna przes\u0142oni\u0107 szerszego kontekstu dzia\u0142a\u0144 w interesie polskiego rolnictwa oraz utrzymania pozycji Polski w europejskich strukturach.<\/p>\n\n\n\n<p>Sejm odrzuca wotum nieufno\u015bci dla ministra Krajewskiego<br>Sejm w czwartek wieczorem podj\u0105\u0142 decyzj\u0119 o odrzuceniu wniosku o wotum nieufno\u015bci wobec ministra rolnictwa Stefana Krajewskiego, kt\u00f3ry wcze\u015bniej negatywnie zaopiniowa\u0142a sejmowa komisja rolnictwa. Wniosek ten zosta\u0142 z\u0142o\u017cony przez pos\u0142\u00f3w Prawa i Sprawiedliwo\u015bci, kt\u00f3rzy zarzucali Krajewskiemu m.in. dopuszczenie do podpisania umowy UE-Mercosur oraz zgod\u0119 na, ich zdaniem, niekorzystn\u0105 dla Polski umow\u0119 UE-Ukraina.<\/p>\n\n\n\n<p>Ostateczne g\u0142osowanie wykaza\u0142o, \u017ce 201 pos\u0142\u00f3w popar\u0142o wniosek, natomiast 235 by\u0142o przeciw, a \u017caden z parlamentarzyst\u00f3w nie wstrzyma\u0142 si\u0119 od g\u0142osu.<\/p>\n\n\n\n<p>Wynik ten oznacza, \u017ce Stefan Krajewski pozostaje na stanowisku ministra rolnictwa, a wniosek PiS nie wp\u0142yn\u0105\u0142 na jego dalsz\u0105 dzia\u0142alno\u015b\u0107 w rz\u0105dzie. Decyzja Sejmu zamyka tym samym kolejn\u0105 ods\u0142on\u0119 sporu politycznego dotycz\u0105cego kierunku polityki rolnej i mi\u0119dzynarodowych um\u00f3w handlowych.<\/p>\n\n\n\n<p>Sejm o wotum nieufno\u015bci wobec ministra rolnictwa. Tusk nie gryz\u0142 si\u0119 w j\u0119zyk. &#8220;Jaros\u0142aw Mercosur Kaczy\u0144ski&#8221;<\/p>\n","protected":false},"excerpt":{"rendered":"<p>W Sejmie zako\u0144czy\u0142a si\u0119 debata nad wnioskiem o wotum nieufno\u015bci wobec ministra rolnictwa Stefana Krajewskiego. Premier Donald Tusk zabra\u0142 g\u0142os, odnosz\u0105c si\u0119 do dzia\u0142a\u0144 opozycji i kluczowych temat\u00f3w zwi\u0105zanych z polityk\u0105 roln\u0105. Dyskusja wywo\u0142uje gor\u0105ce reakcje i wyra\u017anie pokazuje napi\u0119cia w polskiej polityce rolnej. Sejmowa debata o wotum nieufno\u015bci wobec ministra rolnictwaZarzuty PiS wobec Stefana &#8230; <a title=\"Sejm o wotum nieufno\u015bci wobec ministra rolnictwa. Tusk nie gryz\u0142 si\u0119 w j\u0119zyk. &#8220;Jaros\u0142aw Mercosur Kaczy\u0144ski&#8221;\" class=\"read-more\" href=\"https:\/\/dobrezrodla.com\/?p=17736\" aria-label=\"Read more about Sejm o wotum nieufno\u015bci wobec ministra rolnictwa. Tusk nie gryz\u0142 si\u0119 w j\u0119zyk. &#8220;Jaros\u0142aw Mercosur Kaczy\u0144ski&#8221;\">Read more<\/a><\/p>\n","protected":false},"author":1,"featured_media":0,"comment_status":"open","ping_status":"open","sticky":false,"template":"","format":"standard","meta":{"footnotes":""},"categories":[1],"tags":[],"class_list":["post-17736","post","type-post","status-publish","format-standard","hentry","category-uncategorized"],"_links":{"self":[{"href":"https:\/\/dobrezrodla.com\/index.php?rest_route=\/wp\/v2\/posts\/17736","targetHints":{"allow":["GET"]}}],"collection":[{"href":"https:\/\/dobrezrodla.com\/index.php?rest_route=\/wp\/v2\/posts"}],"about":[{"href":"https:\/\/dobrezrodla.com\/index.php?rest_route=\/wp\/v2\/types\/post"}],"author":[{"embeddable":true,"href":"https:\/\/dobrezrodla.com\/index.php?rest_route=\/wp\/v2\/users\/1"}],"replies":[{"embeddable":true,"href":"https:\/\/dobrezrodla.com\/index.php?rest_route=%2Fwp%2Fv2%2Fcomments&post=17736"}],"version-history":[{"count":1,"href":"https:\/\/dobrezrodla.com\/index.php?rest_route=\/wp\/v2\/posts\/17736\/revisions"}],"predecessor-version":[{"id":17738,"href":"https:\/\/dobrezrodla.com\/index.php?rest_route=\/wp\/v2\/posts\/17736\/revisions\/17738"}],"wp:attachment":[{"href":"https:\/\/dobrezrodla.com\/index.php?rest_route=%2Fwp%2Fv2%2Fmedia&parent=17736"}],"wp:term":[{"taxonomy":"category","embeddable":true,"href":"https:\/\/dobrezrodla.com\/index.php?rest_route=%2Fwp%2Fv2%2Fcategories&post=17736"},{"taxonomy":"post_tag","embeddable":true,"href":"https:\/\/dobrezrodla.com\/index.php?rest_route=%2Fwp%2Fv2%2Ftags&post=17736"}],"curies":[{"name":"wp","href":"https:\/\/api.w.org\/{rel}","templated":true}]}}