{"id":17739,"date":"2026-02-27T11:24:00","date_gmt":"2026-02-27T11:24:00","guid":{"rendered":"https:\/\/dobrezrodla.com\/?p=17739"},"modified":"2026-02-27T11:24:00","modified_gmt":"2026-02-27T11:24:00","slug":"potezna-awantura-w-sejmie-tusk-nie-bal-sie-ostrych-slow-padlo-nazwisko-kaczynski-zwraca-uwage-jedno","status":"publish","type":"post","link":"https:\/\/dobrezrodla.com\/?p=17739","title":{"rendered":"Pot\u0119\u017cna awantura w Sejmie. Tusk nie ba\u0142 si\u0119 ostrych s\u0142\u00f3w. Pad\u0142o nazwisko: Kaczy\u0144ski. Zwraca uwag\u0119 jedno"},"content":{"rendered":"\n<p>W czwartek wieczorem w Sejmie dosz\u0142o do ostrego starcia mi\u0119dzy rz\u0105dem a opozycj\u0105 w sprawie przysz\u0142o\u015bci polskiego rolnictwa. Premier Donald Tusk w mocnych s\u0142owach odpowiedzia\u0142 na zarzuty dotycz\u0105ce kluczowych um\u00f3w mi\u0119dzynarodowych. Losy ministra rolnictwa wa\u017cy\u0142y si\u0119 do ostatniej chwili.<\/p>\n\n\n\n<ul class=\"wp-block-list\">\n<li>Sejm odrzuci\u0142 wniosek o dymisj\u0119 ministra<\/li>\n\n\n\n<li>Premier zarzuca opozycji hipokryzj\u0119 i brak odpowiedzialno\u015bci<\/li>\n\n\n\n<li>Ostre por\u00f3wnania w kontek\u015bcie kondycji rolnictwa<\/li>\n\n\n\n<li>Sp\u00f3r o fundusze unijne i programy wsparcia<\/li>\n<\/ul>\n\n\n\n<h2 class=\"wp-block-heading\">Sejm odrzuci\u0142 wniosek o dymisj\u0119 ministra<\/h2>\n\n\n\n<p>Sejm&nbsp;<strong>odrzuci\u0142 wniosek o wotum nieufno\u015bci<\/strong>&nbsp;wobec ministra rolnictwa Stefana Krajewskiego, co potwierdzaj\u0105 wyniki czwartkowego g\u0142osowania. Za odwo\u0142aniem polityka opowiedzia\u0142o si\u0119&nbsp;<strong>201 pos\u0142\u00f3w<\/strong>, podczas gdy przeciw by\u0142o&nbsp;<strong>235 parlamentarzyst\u00f3w<\/strong>, przy braku g\u0142os\u00f3w wstrzymuj\u0105cych si\u0119. Opozycja z ramienia PiS argumentowa\u0142a, \u017ce minister dopu\u015bci\u0142 do niekorzystnych porozumie\u0144 z&nbsp;<strong>Mercosurem i Ukrain\u0105<\/strong>, co ma zagra\u017ca\u0107 krajowej produkcji \u017cywno\u015bci.&nbsp;<\/p>\n\n\n\n<p>Koalicja rz\u0105dz\u0105ca utrzyma\u0142a jednak dyscyplin\u0119, uznaj\u0105c argumenty wnioskodawc\u00f3w za bezzasadne i motywowane politycznie. Stefan Krajewski pozostaje na stanowisku, a wynik ten cementuje obecny kurs resortu w relacjach z Uni\u0105 Europejsk\u0105. Ca\u0142o\u015b\u0107 debaty, kt\u00f3ra poprzedzi\u0142a g\u0142osowanie, charakteryzowa\u0142a si\u0119 wyj\u0105tkowo wysok\u0105 temperatur\u0105 sporu o&nbsp;<strong>bezpiecze\u0144stwo \u017cywno\u015bciowe<\/strong>&nbsp;kraju.<\/p>\n\n\n\n<h2 class=\"wp-block-heading\">Premier zarzuca opozycji hipokryzj\u0119 i brak odpowiedzialno\u015bci<\/h2>\n\n\n\n<p>Premier Donald Tusk w swoim wyst\u0105pieniu zarzuci\u0142 politykom PiS hipokryzj\u0119, przypominaj\u0105c im wcze\u015bniejsze decyzje dotycz\u0105ce handlu mi\u0119dzynarodowego. Szef rz\u0105du wielokrotnie pyta\u0142:&nbsp;<strong>\u201eDotar\u0142o, pos\u0142owie PiS-u?\u201d<\/strong>, przytaczaj\u0105c archiwalne wypowiedzi cz\u0142onk\u00f3w poprzedniej ekipy rz\u0105dz\u0105cej. Tusk zwr\u00f3ci\u0142 uwag\u0119 na nieobecno\u015b\u0107 lider\u00f3w opozycji, stwierdzaj\u0105c:&nbsp;<\/p>\n\n\n\n<blockquote class=\"wp-block-quote is-layout-flow wp-block-quote-is-layout-flow\">\n<p>\u201eNie dziwi\u0119 si\u0119, \u017ce w tej debacie nie uczestniczyli pan Jaros\u0142aw &#8216;Mercosur&#8217; Kaczy\u0144ski i pan Mateusz &#8216;Mercosur&#8217; Morawiecki\u201d.&nbsp;<\/p>\n<\/blockquote>\n\n\n\n<p>Premier argumentowa\u0142, \u017ce to w\u0142a\u015bnie poprzedni rz\u0105d odpowiada za fundamenty&nbsp;<strong>Zielonego \u0141adu<\/strong>&nbsp;oraz zasady importu ukrai\u0144skiego zbo\u017ca. Wed\u0142ug Tuska, klub wnioskodawc\u00f3w pr\u00f3buje obecnie przypisa\u0107 innym skutki w\u0142asnych dzia\u0142a\u0144 z lat ubieg\u0142ych. Zdaniem szefa rz\u0105du, prawda o tych decyzjach musi by\u0107 powtarzana wielokrotnie, aby skutecznie przeciwstawi\u0107 si\u0119 dezinformacji kierowanej do rolnik\u00f3w.<\/p>\n\n\n\n<figure class=\"wp-block-image\"><img decoding=\"async\" src=\"https:\/\/images.iberion.media\/images\/origin\/EN_01668336_0118_11e632691f.jpg\" alt=\"Pot\u0119\u017cna awantura w Sejmie. Tusk nie ba\u0142 si\u0119 ostrych s\u0142\u00f3w. Pad\u0142o nazwisko: Kaczy\u0144ski. Zwraca uwag\u0119 jedno\"\/><figcaption class=\"wp-element-caption\">Jaros\u0142aw Kaczy\u0144ski | Wojciech Olku\u015bnik\/East News<\/figcaption><\/figure>\n\n\n\n<h2 class=\"wp-block-heading\">Ostre por\u00f3wnania w kontek\u015bcie kondycji rolnictwa<\/h2>\n\n\n\n<p>W trakcie sejmowej debaty pad\u0142o kontrowersyjne por\u00f3wnanie dotycz\u0105ce skutk\u00f3w sprawowania w\u0142adzy przez poprzedni\u0105 ekip\u0119. Premier Tusk o\u015bwiadczy\u0142:&nbsp;<\/p>\n\n\n\n<blockquote class=\"wp-block-quote is-layout-flow wp-block-quote-is-layout-flow\">\n<p>\u201eNie wiem, co gorsze dla polskiego rolnictwa: wasze rz\u0105dy czy pow\u00f3d\u017a\u201d.&nbsp;<\/p>\n<\/blockquote>\n\n\n\n<p>Szef rz\u0105du oceni\u0142, \u017ce dzia\u0142ania PiS w kwestiach Mercosuru i ukrai\u0144skiego zbo\u017ca wynika\u0142y z&nbsp;<strong>pazerno\u015bci, nieuczciwo\u015bci i nieudolno\u015bci<\/strong>. Wed\u0142ug premiera, opozycja d\u0105\u017cy do podwa\u017cenia zaufania do strategicznego wyboru, jakim jest budowa&nbsp;<strong>silnej Polski w zjednoczonej Europie<\/strong>.&nbsp;<\/p>\n\n\n\n<p>Tusk podkre\u015bli\u0142, \u017ce wszystkie \u201ewnioski, okrzyki i wrzaski\u201d strony przeciwnej maj\u0105 na celu jedynie sianie niepokoju spo\u0142ecznego. W ocenie rz\u0105du, taka postawa jest pr\u00f3b\u0105 zatarcia r\u00f3\u017cnicy mi\u0119dzy faktami a polityczn\u0105 manipulacj\u0105. Premier zaznaczy\u0142, \u017ce obecny gabinet nie pozwoli na niszczenie polskiego sukcesu gospodarczego przez partyjne interesy.<\/p>\n\n\n\n<h2 class=\"wp-block-heading\">Sp\u00f3r o fundusze unijne i programy wsparcia<\/h2>\n\n\n\n<p>Ostatnia cz\u0119\u015b\u0107 wyst\u0105pienia premiera koncentrowa\u0142a si\u0119 na kwestii funduszy unijnych i strategicznych program\u00f3w wsparcia dla wsi. Donald Tusk oskar\u017cy\u0142 PiS o ch\u0119\u0107 zablokowania gigantycznych pieni\u0119dzy z&nbsp;<strong>programu SAFE<\/strong>&nbsp;oraz innych unijnych dotacji dla rolnik\u00f3w. Premier stwierdzi\u0142:&nbsp;<\/p>\n\n\n\n<blockquote class=\"wp-block-quote is-layout-flow wp-block-quote-is-layout-flow\">\n<p>\u201eDla was najwi\u0119kszym strachem jest polski sukces, \u017ce Polska kwitnie, a rz\u0105dzi kto\u015b inny\u201d.&nbsp;<\/p>\n<\/blockquote>\n\n\n\n<p>Wed\u0142ug szefa rz\u0105du, opozycja kieruje si\u0119 paradygmatem, w kt\u00f3rym pogorszenie sytuacji w kraju s\u0142u\u017cy ich interesom politycznym.&nbsp;<\/p>\n\n\n\n<p>Tusk uzna\u0142 te dzia\u0142ania za form\u0119&nbsp;<strong>politycznego samob\u00f3jstwa<\/strong>&nbsp;partii Jaros\u0142awa Kaczy\u0144skiego, kt\u00f3ra rzekomo odrzuca realne wsparcie finansowe dla rolnictwa. Debata zako\u0144czy\u0142a si\u0119 konkluzj\u0105, \u017ce rz\u0105d b\u0119dzie kontynuowa\u0142 walk\u0119 o interesy wsi w oparciu o argumenty i fakty. Odrzucenie wotum nieufno\u015bci zamyka ten etap sporu o resort.<\/p>\n","protected":false},"excerpt":{"rendered":"<p>W czwartek wieczorem w Sejmie dosz\u0142o do ostrego starcia mi\u0119dzy rz\u0105dem a opozycj\u0105 w sprawie przysz\u0142o\u015bci polskiego rolnictwa. Premier Donald Tusk w mocnych s\u0142owach odpowiedzia\u0142 na zarzuty dotycz\u0105ce kluczowych um\u00f3w mi\u0119dzynarodowych. Losy ministra rolnictwa wa\u017cy\u0142y si\u0119 do ostatniej chwili. Sejm odrzuci\u0142 wniosek o dymisj\u0119 ministra Sejm&nbsp;odrzuci\u0142 wniosek o wotum nieufno\u015bci&nbsp;wobec ministra rolnictwa Stefana Krajewskiego, co &#8230; <a title=\"Pot\u0119\u017cna awantura w Sejmie. Tusk nie ba\u0142 si\u0119 ostrych s\u0142\u00f3w. Pad\u0142o nazwisko: Kaczy\u0144ski. Zwraca uwag\u0119 jedno\" class=\"read-more\" href=\"https:\/\/dobrezrodla.com\/?p=17739\" aria-label=\"Read more about Pot\u0119\u017cna awantura w Sejmie. Tusk nie ba\u0142 si\u0119 ostrych s\u0142\u00f3w. Pad\u0142o nazwisko: Kaczy\u0144ski. Zwraca uwag\u0119 jedno\">Read more<\/a><\/p>\n","protected":false},"author":1,"featured_media":0,"comment_status":"open","ping_status":"open","sticky":false,"template":"","format":"standard","meta":{"footnotes":""},"categories":[1],"tags":[],"class_list":["post-17739","post","type-post","status-publish","format-standard","hentry","category-uncategorized"],"_links":{"self":[{"href":"https:\/\/dobrezrodla.com\/index.php?rest_route=\/wp\/v2\/posts\/17739","targetHints":{"allow":["GET"]}}],"collection":[{"href":"https:\/\/dobrezrodla.com\/index.php?rest_route=\/wp\/v2\/posts"}],"about":[{"href":"https:\/\/dobrezrodla.com\/index.php?rest_route=\/wp\/v2\/types\/post"}],"author":[{"embeddable":true,"href":"https:\/\/dobrezrodla.com\/index.php?rest_route=\/wp\/v2\/users\/1"}],"replies":[{"embeddable":true,"href":"https:\/\/dobrezrodla.com\/index.php?rest_route=%2Fwp%2Fv2%2Fcomments&post=17739"}],"version-history":[{"count":1,"href":"https:\/\/dobrezrodla.com\/index.php?rest_route=\/wp\/v2\/posts\/17739\/revisions"}],"predecessor-version":[{"id":17741,"href":"https:\/\/dobrezrodla.com\/index.php?rest_route=\/wp\/v2\/posts\/17739\/revisions\/17741"}],"wp:attachment":[{"href":"https:\/\/dobrezrodla.com\/index.php?rest_route=%2Fwp%2Fv2%2Fmedia&parent=17739"}],"wp:term":[{"taxonomy":"category","embeddable":true,"href":"https:\/\/dobrezrodla.com\/index.php?rest_route=%2Fwp%2Fv2%2Fcategories&post=17739"},{"taxonomy":"post_tag","embeddable":true,"href":"https:\/\/dobrezrodla.com\/index.php?rest_route=%2Fwp%2Fv2%2Ftags&post=17739"}],"curies":[{"name":"wp","href":"https:\/\/api.w.org\/{rel}","templated":true}]}}