{"id":1774,"date":"2025-07-20T07:49:59","date_gmt":"2025-07-20T07:49:59","guid":{"rendered":"https:\/\/dobrezrodla.com\/?p=1774"},"modified":"2025-07-20T07:49:59","modified_gmt":"2025-07-20T07:49:59","slug":"mesajul-emotionant-al-lui-dan-negru-dupa-disparitia-lui-felix-baumgartner-prezentatorul-tv-crede-ca-mihaela-radulescu-este-o-victimavezi-in-primul-comentariu","status":"publish","type":"post","link":"https:\/\/dobrezrodla.com\/?p=1774","title":{"rendered":"Mesajul emo\u021bionant al lui Dan Negru dup\u0103 dispari\u021bia lui Felix Baumgartner. Prezentatorul TV crede c\u0103 Mihaela R\u0103dulescu este o victim\u0103Vezi \u00een primul comentariu"},"content":{"rendered":"<p>Dan Negru, mesaj cutremur\u0103tor dup\u0103 moartea lui Felix Baumgartner: \u201eMihaela R\u0103dulescu este o victim\u0103 a unei societ\u0103\u021bi care condamn\u0103 v\u00e2rsta\u201d<\/p>\n<p>Dispari\u021bia fulger\u0103toare a lui Felix Baumgartner, partenerul de via\u021b\u0103 al Mihaelei R\u0103dulescu, a l\u0103sat \u00een urm\u0103 un val de durere \u0219i reflec\u021bii profunde. Celebrul para\u0219utist austriac, cunoscut pentru saltul s\u0103u istoric din stratosfer\u0103, a murit joi, 17 iulie, dup\u0103 ce a suferit un stop cardiac \u00een timp ce zbura cu parapanta, \u00een Italia, unde se afla \u00een vacan\u021b\u0103 al\u0103turi de iubita sa, Mihaela.<\/p>\n<p>Printre primele reac\u021bii venite din partea personalit\u0103\u021bilor publice din Rom\u00e2nia se num\u0103r\u0103 \u0219i cea a prezentatorului TV Dan Negru, care a transmis un mesaj emo\u021bionant pe re\u021belele sociale. El \u0219i Mihaela R\u0103dulescu au prezentat \u00eempreun\u0103 numeroase emisiuni de-a lungul timpului, iar colaborarea lor profesional\u0103 s-a transformat \u00een respect reciproc \u0219i prietenie.<\/p>\n<p>Dan Negru, aflat la momentul afl\u0103rii ve\u0219tii tragice pe litoral, a vorbit deschis despre durerea Mihaelei, dar \u0219i despre o problem\u0103 profund\u0103 a societ\u0103\u021bii rom\u00e2ne\u0219ti \u2013 discriminarea de v\u00e2rst\u0103. \u00cen viziunea lui, Mihaela R\u0103dulescu nu este doar o femeie care \u0219i-a pierdut iubitul, ci \u0219i o \u201evictim\u0103 a sistemului\u201d care a alungat din \u021bar\u0103 oameni valoro\u0219i pentru simplul fapt c\u0103 au \u00eendr\u0103znit s\u0103 \u00eemb\u0103tr\u00e2neasc\u0103 sub lumina reflectoarelor.<\/p>\n<p>\u201eVestea tragediei din via\u021ba Mihaelei m-a prins la mare. Am filmat \u0219i prezentat cu ea multe show-uri de televiziune\u2026 Dar Rom\u00e2nia e o \u021bar\u0103 \u00een care exist\u0103 discriminare de v\u00e2rst\u0103, iar Mihaela e una dintre victime. A\u0219a cum a fost \u0219i M\u0103d\u0103lina Manole, despre care ziarele scriau, la doar 35 de ani, c\u0103 e \u2018trecut\u0103 de prima tinere\u021be\u2019.\u201d<\/p>\n<p>\u00centr-o analiz\u0103 profund\u0103 a industriei media \u0219i a mentalit\u0103\u021bii rom\u00e2ne\u0219ti, Dan Negru a punctat c\u0103 televiziunile, \u00een goana dup\u0103 imagine \u0219i profit, pun tot mai des pe ecran chipuri tinere, ignor\u00e2nd experien\u021ba, credibilitatea \u0219i profunzimea celor care au construit cariere \u00een ani grei de munc\u0103. El aduce \u00een discu\u021bie cazuri celebre din str\u0103in\u0103tate, precum Larry King, Morgan Freeman sau Leonard Cohen, care au cunoscut succesul dup\u0103 v\u00e2rsta de 50 de ani \u2013 succes imposibil \u00een Rom\u00e2nia, spune el, din cauza unei societ\u0103\u021bi care \u201ete consider\u0103 mort dup\u0103 60 de ani\u201d.<\/p>\n<p>\u201e\u0218tirile la noi sunt prezentate de pu\u0219toaice f\u0103r\u0103 credibilitate, doar pentru c\u0103 e mai ieftin. B\u0103ncile nu-\u021bi mai dau credit dup\u0103 60, oric\u00e2t de bogat ai fi. Rom\u00e2nia e singura \u021bar\u0103 din Europa unde v\u00e2rsta e o vin\u0103.\u201d<\/p>\n<p>Pe l\u00e2ng\u0103 durerea evident\u0103 generat\u0103 de pierderea lui Felix Baumgartner, mesajul lui Dan Negru e \u0219i un apel la solidaritate \u0219i \u00een\u021belegere pentru Mihaela R\u0103dulescu, o femeie care \u2013 dincolo de succes \u0219i notorietate \u2013 a fost adesea criticat\u0103 pentru v\u00e2rst\u0103, alegeri personale sau apari\u021bii publice. Dan Negru \u00eei recunoa\u0219te nu doar cariera impresionant\u0103, ci \u0219i curajul de a r\u0103m\u00e2ne autentic\u0103 \u00eentr-o societate care deseori prefer\u0103 aparen\u021bele \u00een locul valorilor.<\/p>\n<p>\u201eMihaela Radulescu Schwartzenberg a fost o victim\u0103. Discriminarea de v\u00e2rst\u0103 e molima care atac\u0103 genera\u021bie dup\u0103 genera\u021bie \u0219i noi to\u021bi t\u0103cem. Pentru c\u0103 Rom\u00e2nia \u0219tie cel mai bine s\u0103 transforme v\u00e2rsta \u00een regrete.\u201d<\/p>\n<p>Mesajul lui Dan Negru vine \u00eentr-un moment de profund\u0103 triste\u021be pentru Mihaela R\u0103dulescu, dar \u0219i ca o radiografie dureroas\u0103 a unei realit\u0103\u021bi \u00een care nu doar via\u021ba personal\u0103, ci \u0219i parcursul profesional pot fi zdrobite de prejudec\u0103\u021bi \u0219i superficialitate.<\/p>\n<p>\u00cen timp ce Mihaela \u00ee\u0219i pl\u00e2nge iubitul, mesajul lui Negru reaminte\u0219te c\u0103 durerea personal\u0103 se poate suprapune peste una colectiv\u0103 \u2013 aceea a unei societ\u0103\u021bi care \u00ee\u0219i ignor\u0103 veteranii, \u00ee\u0219i alung\u0103 valorile \u0219i uit\u0103 s\u0103 aprecieze oamenii pentru ceea ce sunt, nu pentru c\u00e2\u021bi ani au<\/p>\n","protected":false},"excerpt":{"rendered":"<p>Dan Negru, mesaj cutremur\u0103tor dup\u0103 moartea lui Felix Baumgartner: \u201eMihaela R\u0103dulescu este o victim\u0103 a unei societ\u0103\u021bi care condamn\u0103 v\u00e2rsta\u201d Dispari\u021bia fulger\u0103toare a lui Felix Baumgartner, partenerul de via\u021b\u0103 al Mihaelei R\u0103dulescu, a l\u0103sat \u00een urm\u0103 un val de durere \u0219i reflec\u021bii profunde. Celebrul para\u0219utist austriac, cunoscut pentru saltul s\u0103u istoric din stratosfer\u0103, a murit &#8230; <a title=\"Mesajul emo\u021bionant al lui Dan Negru dup\u0103 dispari\u021bia lui Felix Baumgartner. Prezentatorul TV crede c\u0103 Mihaela R\u0103dulescu este o victim\u0103Vezi \u00een primul comentariu\" class=\"read-more\" href=\"https:\/\/dobrezrodla.com\/?p=1774\" aria-label=\"Read more about Mesajul emo\u021bionant al lui Dan Negru dup\u0103 dispari\u021bia lui Felix Baumgartner. Prezentatorul TV crede c\u0103 Mihaela R\u0103dulescu este o victim\u0103Vezi \u00een primul comentariu\">Read more<\/a><\/p>\n","protected":false},"author":1,"featured_media":1773,"comment_status":"closed","ping_status":"open","sticky":false,"template":"","format":"standard","meta":{"footnotes":""},"categories":[1],"tags":[],"class_list":["post-1774","post","type-post","status-publish","format-standard","has-post-thumbnail","hentry","category-uncategorized"],"_links":{"self":[{"href":"https:\/\/dobrezrodla.com\/index.php?rest_route=\/wp\/v2\/posts\/1774","targetHints":{"allow":["GET"]}}],"collection":[{"href":"https:\/\/dobrezrodla.com\/index.php?rest_route=\/wp\/v2\/posts"}],"about":[{"href":"https:\/\/dobrezrodla.com\/index.php?rest_route=\/wp\/v2\/types\/post"}],"author":[{"embeddable":true,"href":"https:\/\/dobrezrodla.com\/index.php?rest_route=\/wp\/v2\/users\/1"}],"replies":[{"embeddable":true,"href":"https:\/\/dobrezrodla.com\/index.php?rest_route=%2Fwp%2Fv2%2Fcomments&post=1774"}],"version-history":[{"count":1,"href":"https:\/\/dobrezrodla.com\/index.php?rest_route=\/wp\/v2\/posts\/1774\/revisions"}],"predecessor-version":[{"id":1775,"href":"https:\/\/dobrezrodla.com\/index.php?rest_route=\/wp\/v2\/posts\/1774\/revisions\/1775"}],"wp:featuredmedia":[{"embeddable":true,"href":"https:\/\/dobrezrodla.com\/index.php?rest_route=\/wp\/v2\/media\/1773"}],"wp:attachment":[{"href":"https:\/\/dobrezrodla.com\/index.php?rest_route=%2Fwp%2Fv2%2Fmedia&parent=1774"}],"wp:term":[{"taxonomy":"category","embeddable":true,"href":"https:\/\/dobrezrodla.com\/index.php?rest_route=%2Fwp%2Fv2%2Fcategories&post=1774"},{"taxonomy":"post_tag","embeddable":true,"href":"https:\/\/dobrezrodla.com\/index.php?rest_route=%2Fwp%2Fv2%2Ftags&post=1774"}],"curies":[{"name":"wp","href":"https:\/\/api.w.org\/{rel}","templated":true}]}}