{"id":17742,"date":"2026-02-27T11:48:09","date_gmt":"2026-02-27T11:48:09","guid":{"rendered":"https:\/\/dobrezrodla.com\/?p=17742"},"modified":"2026-02-27T11:48:10","modified_gmt":"2026-02-27T11:48:10","slug":"jest-kandydat-na-premiera-z-pis-zaskakujace-nazwisko-z-panem-prezesem-mam-te-przyjemnosc-rozmawiac","status":"publish","type":"post","link":"https:\/\/dobrezrodla.com\/?p=17742","title":{"rendered":"Jest kandydat na premiera z PiS. Zaskakuj\u0105ce nazwisko. &#8220;Z panem prezesem mam t\u0119 przyjemno\u015b\u0107 rozmawia\u0107&#8221;"},"content":{"rendered":"\n<p>W kuluarach Prawa i Sprawiedliwo\u015bci ro\u015bnie napi\u0119cie wok\u00f3\u0142 obsady stanowiska przysz\u0142ego premiera. Zbigniew Bogucki, obecny szef kancelarii prezydenta, swoimi najnowszymi wypowiedziami znacz\u0105co podgrza\u0142 polityczn\u0105 gie\u0142d\u0119 nazwisk. Czy czeka nas rewolucja wewn\u0105trz opozycji?<\/p>\n\n\n\n<p>Regularne konsultacje z prezesem PiS<br>Op\u00f3r wewn\u0105trz obozu prezydenckiego<br>Walka frakcji i poszukiwanie zdolno\u015bci koalicyjnej<br>Tajemnicze deklaracje dotycz\u0105ce przysz\u0142o\u015bci<br>Regularne konsultacje z prezesem PiS<\/p>\n\n\n\n<p><br>W rozmowie na antenie Radia Zet Zbigniew Bogucki odni\u00f3s\u0142 si\u0119 do spekulacji o swojej kandydaturze na premiera. Zapytany o rzekom\u0105 niech\u0119\u0107 do obj\u0119cia tej funkcji, odpar\u0142:<\/p>\n\n\n\n<p>\u201eA kto tak powiedzia\u0142, \u017ce nie chc\u0119?\u201d<\/p>\n\n\n\n<p>Odebrano to jako deklaracj\u0119 gotowo\u015bci do walki o stanowisko premiera. Polityk ujawni\u0142, \u017ce utrzymuje regularny kontakt z Jaros\u0142awem Kaczy\u0144skim, spotykaj\u0105c si\u0119 z liderem PiS raz na tydzie\u0144 lub dwa.<\/p>\n\n\n\n<p>Jak podkre\u015bli\u0142 Bogucki, rozmowy te s\u0105 \u201ebardzo dobre i pouczaj\u0105ce\u201d, a samego prezesa okre\u015bli\u0142 mianem najbardziej sprawnego polityka. Cho\u0107 urz\u0119dnik formalnie s\u0142u\u017cy w Kancelarii Prezydenta Karola Nawrockiego, przyzna\u0142, \u017ce rozmawia z osobami decyzyjnymi o przysz\u0142ych scenariuszach. Takie postawienie sprawy sugeruje, \u017ce jego rola w obozie Zjednoczonej Prawicy mo\u017ce wkr\u00f3tce ulec fundamentalnej zmianie.<\/p>\n\n\n\n<p>Op\u00f3r wewn\u0105trz obozu prezydenckiego<br>Sceptycznie do ewentualnych przenosin Boguckiego odni\u00f3s\u0142 si\u0119 Marcin Przydacz, szef Biura Polityki Mi\u0119dzynarodowej. W programie \u201eRozmowa Piaseckiego\u201d w TVN24 zaznaczy\u0142, \u017ce Bogucki jest \u201e\u015bwietnym szefem kancelarii\u201d, ale jego miejsce jest obecnie u boku g\u0142owy pa\u0144stwa.<\/p>\n\n\n\n<p>\u201eZbigniew Bogucki jest tylko jeden i jest potrzebny w kancelarii prezydenta&#8221;.<\/p>\n\n\n\n<p>Przyzna\u0142 on, \u017ce partia opozycyjna potrzebuje \u201enowej twarzy\u201d i \u201em\u0142odego pokolenia\u201d, jednak wskaza\u0142, \u017ce w szeregach PiS znajduje si\u0119 wielu innych polityk\u00f3w do tej roli.<\/p>\n\n\n\n<p>Ta wypowied\u017a mo\u017ce sugerowa\u0107 wewn\u0119trzne napi\u0119cia mi\u0119dzy Pa\u0142acem Prezydenckim a Nowogrodzk\u0105. Ob\u00f3z prezydencki wydaje si\u0119 d\u0105\u017cy\u0107 do zachowania stabilno\u015bci kadrowej, podczas gdy partyjne do\u0142y szukaj\u0105 lidera zdolnego do przej\u0119cia inicjatywy.<\/p>\n\n\n\n<p>Walka frakcji i poszukiwanie zdolno\u015bci koalicyjnej<br>Wyb\u00f3r kandydata na premiera to element szerszej strategii maj\u0105cej na celu pokonanie Donalda Tuska. Wed\u0142ug Boguckiego, PiS potrzebuje osoby, kt\u00f3ra nie tylko wygra wybory, ale te\u017c zbuduje trwa\u0142\u0105 koalicj\u0119 rz\u0105dow\u0105. Tymczasem wewn\u0105trz ugrupowania trwa walka frakcyjna.<\/p>\n\n\n\n<p>Z doniesie\u0144 medialnych wynika, \u017ce z listy faworyt\u00f3w skre\u015blono Tobiasza Boche\u0144skiego, co mia\u0142o by\u0107 efektem nacisk\u00f3w otoczenia Mateusza Morawieckiego. Bogucki, komentuj\u0105c te doniesienia w TVN24, zachowuje jednak dystans do publikacji prasowych.<\/p>\n\n\n\n<p>\u201eNie wierzcie w to, co pisz\u0105 gazety\u201d<\/p>\n\n\n\n<p>Polityk, doda\u0142, \u017ce ostateczna decyzja prezesa Kaczy\u0144skiego nie zosta\u0142a jeszcze nikomu ujawniona. Gie\u0142da nazwisk pozostaje otwarta, a kluczowym czynnikiem wyboru b\u0119dzie medialna \u015bwie\u017co\u015b\u0107 oraz brak politycznego obci\u0105\u017cenia konfliktami.<\/p>\n\n\n\n<p>Jest kandydat na premiera z PiS. Zaskakuj\u0105ce nazwisko. &#8220;Z panem prezesem mam t\u0119 przyjemno\u015b\u0107 rozmawia\u0107&#8221;<br>Mateusz Morawiecki | Dawid Wolski\/East News<br>Tajemnicze deklaracje dotycz\u0105ce przysz\u0142o\u015bci<br>Najwi\u0119ksze poruszenie wywo\u0142a\u0142y s\u0142owa Boguckiego o doko\u0144czeniu kadencji w kancelarii g\u0142owy pa\u0144stwa. Na pytanie o pozostanie na stanowisku do ko\u0144ca, szef kancelarii odpowiedzia\u0142 enigmatycznie:<\/p>\n\n\n\n<p>\u201e\u017bycie przynosi bardzo r\u00f3\u017cne rozwi\u0105zania\u201d.<\/p>\n\n\n\n<p>Ta wypowied\u017a, cytowana przez portal TVN24, jest interpretowana jako sygna\u0142, \u017ce polityk czeka na sygna\u0142 do zmiany barw urz\u0119dniczych na partyjne.<\/p>\n\n\n\n<p>Bogucki podkre\u015bli\u0142, \u017ce pozostaje w sta\u0142ym kontakcie z prezydentem i prezesem, co pozycjonuje go jako kandydata kompromisowego. Obecnie deklaruje on s\u0142u\u017cb\u0119 Polsce i Polakom, jednak nie wyznacza sobie sztywnych ram czasowych w Pa\u0142acu Prezydenckim. Dynamika wydarze\u0144 wskazuje, \u017ce to w\u0142a\u015bnie on mo\u017ce sta\u0107 si\u0119 g\u0142\u00f3wnym rozgrywaj\u0105cym w nadchodz\u0105cym cyklu wyborczym, \u0142\u0105cz\u0105c r\u00f3\u017cne skrzyd\u0142a prawicy.<\/p>\n","protected":false},"excerpt":{"rendered":"<p>W kuluarach Prawa i Sprawiedliwo\u015bci ro\u015bnie napi\u0119cie wok\u00f3\u0142 obsady stanowiska przysz\u0142ego premiera. Zbigniew Bogucki, obecny szef kancelarii prezydenta, swoimi najnowszymi wypowiedziami znacz\u0105co podgrza\u0142 polityczn\u0105 gie\u0142d\u0119 nazwisk. Czy czeka nas rewolucja wewn\u0105trz opozycji? Regularne konsultacje z prezesem PiSOp\u00f3r wewn\u0105trz obozu prezydenckiegoWalka frakcji i poszukiwanie zdolno\u015bci koalicyjnejTajemnicze deklaracje dotycz\u0105ce przysz\u0142o\u015bciRegularne konsultacje z prezesem PiS W rozmowie na &#8230; <a title=\"Jest kandydat na premiera z PiS. Zaskakuj\u0105ce nazwisko. &#8220;Z panem prezesem mam t\u0119 przyjemno\u015b\u0107 rozmawia\u0107&#8221;\" class=\"read-more\" href=\"https:\/\/dobrezrodla.com\/?p=17742\" aria-label=\"Read more about Jest kandydat na premiera z PiS. Zaskakuj\u0105ce nazwisko. &#8220;Z panem prezesem mam t\u0119 przyjemno\u015b\u0107 rozmawia\u0107&#8221;\">Read more<\/a><\/p>\n","protected":false},"author":1,"featured_media":0,"comment_status":"open","ping_status":"open","sticky":false,"template":"","format":"standard","meta":{"footnotes":""},"categories":[1],"tags":[],"class_list":["post-17742","post","type-post","status-publish","format-standard","hentry","category-uncategorized"],"_links":{"self":[{"href":"https:\/\/dobrezrodla.com\/index.php?rest_route=\/wp\/v2\/posts\/17742","targetHints":{"allow":["GET"]}}],"collection":[{"href":"https:\/\/dobrezrodla.com\/index.php?rest_route=\/wp\/v2\/posts"}],"about":[{"href":"https:\/\/dobrezrodla.com\/index.php?rest_route=\/wp\/v2\/types\/post"}],"author":[{"embeddable":true,"href":"https:\/\/dobrezrodla.com\/index.php?rest_route=\/wp\/v2\/users\/1"}],"replies":[{"embeddable":true,"href":"https:\/\/dobrezrodla.com\/index.php?rest_route=%2Fwp%2Fv2%2Fcomments&post=17742"}],"version-history":[{"count":1,"href":"https:\/\/dobrezrodla.com\/index.php?rest_route=\/wp\/v2\/posts\/17742\/revisions"}],"predecessor-version":[{"id":17771,"href":"https:\/\/dobrezrodla.com\/index.php?rest_route=\/wp\/v2\/posts\/17742\/revisions\/17771"}],"wp:attachment":[{"href":"https:\/\/dobrezrodla.com\/index.php?rest_route=%2Fwp%2Fv2%2Fmedia&parent=17742"}],"wp:term":[{"taxonomy":"category","embeddable":true,"href":"https:\/\/dobrezrodla.com\/index.php?rest_route=%2Fwp%2Fv2%2Fcategories&post=17742"},{"taxonomy":"post_tag","embeddable":true,"href":"https:\/\/dobrezrodla.com\/index.php?rest_route=%2Fwp%2Fv2%2Ftags&post=17742"}],"curies":[{"name":"wp","href":"https:\/\/api.w.org\/{rel}","templated":true}]}}