{"id":17772,"date":"2026-02-27T11:48:37","date_gmt":"2026-02-27T11:48:37","guid":{"rendered":"https:\/\/dobrezrodla.com\/?p=17772"},"modified":"2026-02-27T11:48:37","modified_gmt":"2026-02-27T11:48:37","slug":"czarzasty-nie-mogl-sie-powstrzymac-i-o-poranku-uderzyl-w-nawrockiego-padly-ostre-slowa","status":"publish","type":"post","link":"https:\/\/dobrezrodla.com\/?p=17772","title":{"rendered":"Czarzasty nie m\u00f3g\u0142 si\u0119 powstrzyma\u0107 i o poranku uderzy\u0142 w Nawrockiego. Pad\u0142y ostre s\u0142owa"},"content":{"rendered":"\n<p>Sejm rozstrzygnie o losach 44 miliard\u00f3w euro na polskie zbrojenia w ramach unijnego programu SAFE. Marsza\u0142ek W\u0142odzimierz Czarzasty podczas rozmowie w &#8220;Poranku TOK FM&#8221; ostrzega przed mo\u017cliwym wetem prezydenta Karola Nawrockiego. Czy polityczny sp\u00f3r zablokuje kluczowe fundusze na obronno\u015b\u0107 kraju?<\/p>\n\n\n\n<p>Decyduj\u0105ce g\u0142osowanie w sprawie funduszy na armi\u0119<br>Marsza\u0142ek Czarzasty zarzuca prezydentowi ideologizacj\u0119<br>Deklaracja przeprosin w zamian za podpis<br>Wsparcie dla Ukrainy i integracji europejskiej<br>Decyduj\u0105ce g\u0142osowanie w sprawie funduszy na armi\u0119<\/p>\n\n\n\n<p><br>Sejm zag\u0142osuje w pi\u0105tek za ostatecznym kszta\u0142tem ustawy wdra\u017caj\u0105cej unijny program SAFE. Na jej podstawie Polska ma si\u0119gn\u0105\u0107 po 44 mld euro nisko oprocentowanej po\u017cyczki na zakup uzbrojenia i inwestycje w krajowy przemys\u0142 obronny. To kluczowy element strategii bezpiecze\u0144stwa w obliczu trwaj\u0105cej od czterech lat wojny za wschodni\u0105 granic\u0105. Wed\u0142ug za\u0142o\u017ce\u0144 rz\u0105du, \u015brodki te pozwol\u0105 na b\u0142yskawiczn\u0105 modernizacj\u0119 si\u0142 zbrojnych oraz wsparcie polskich zak\u0142ad\u00f3w zbrojeniowych.<\/p>\n\n\n\n<p>Dokument budzi jednak kontrowersje na linii rz\u0105d-prezydent, co stawia pod znakiem zapytania terminow\u0105 realizacj\u0119 programu. G\u0142osowanie w izbie ni\u017cszej parlamentu zamknie etap prac legislacyjnych, przekazuj\u0105c inicjatyw\u0119 w r\u0119ce g\u0142owy pa\u0144stwa, od kt\u00f3rej podpisu zale\u017cy uruchomienie rekordowego wsparcia finansowego z funduszy europejskich.<\/p>\n\n\n\n<p>Marsza\u0142ek Czarzasty zarzuca prezydentowi ideologizacj\u0119<br>Marsza\u0142ek Sejmu z Nowej Lewicy, W\u0142odzimierz Czarzasty, wyrazi\u0142 na antenie TOK FM sceptycyzm wobec decyzji prezydenta. Go\u015b\u0107 \u201ePoranka TOK FM\u201d oceni\u0142, \u017ce Karol Nawrocki nie podpisze ustawy, poniewa\u017c jest \u201ezideologizowany\u201d. Czarzasty stwierdzi\u0142 wprost:<\/p>\n\n\n\n<p>\u201eMy\u015bl\u0119, \u017ce nie podpisze. Bo jest zideologizowany, my\u015bli w kategoriach ideologii, a nie kategoriach dobra pa\u0144stwa polskiego\u201d.<\/p>\n\n\n\n<p>Marsza\u0142ek argumentowa\u0142, \u017ce w obecnej sytuacji geopolitycznej blokowanie funduszy na armi\u0119 jest dzia\u0142aniem niezrozumia\u0142ym. Wed\u0142ug polityka lewicy, prezydent stawia w\u0142asne przekonania ponad realne potrzeby obronne kraju.<\/p>\n\n\n\n<p>Czarzasty podkre\u015bli\u0142, \u017ce je\u015bli prezydent nie z\u0142o\u017cy podpisu pod dokumentem, b\u0119dzie to oznacza\u0142o, \u017ce \u201epo prostu marnie zrobi\u201d, marnuj\u0105c historyczn\u0105 szans\u0119 na tanie finansowanie modernizacji polskiego wojska w krytycznym momencie dla bezpiecze\u0144stwa Europy.<\/p>\n\n\n\n<p>Deklaracja przeprosin w zamian za podpis<br>W trakcie wywiadu dosz\u0142o do deklaracji dotycz\u0105cej ewentualnych przeprosin. Pytany przez Jacka \u017bakowskiego o to, czy przeprosi prezydenta, je\u015bli ten jednak podpisze ustaw\u0119, Czarzasty odpowiedzia\u0142 twierdz\u0105co.<\/p>\n\n\n\n<p>\u201eDobra, przeprosz\u0119. Ja wszystko zrobi\u0119 dla polskiej armii, bo wiem, \u017ce za wschodni\u0105 granic\u0105 mamy wojn\u0119 i boj\u0119 si\u0119 tej wojny\u201d &#8211; zadeklarowa\u0142 Marsza\u0142ek Sejmu.<\/p>\n\n\n\n<p>Polityk zaznaczy\u0142, \u017ce dobro wojska jest dla niego warto\u015bci\u0105 nadrz\u0119dn\u0105, dla kt\u00f3rej jest w stanie schowa\u0107 osobiste animozje. Podkre\u015bli\u0142, \u017ce w kwestii dozbrojenia kraju \u201eka\u017cdego przeprosi\u201d, byle tylko polskie si\u0142y zbrojne otrzyma\u0142y nale\u017cne im wsparcie finansowe.<\/p>\n\n\n\n<p>Taka retoryka ma na celu pokazanie, \u017ce koalicja rz\u0105dz\u0105ca priorytetyzuje bezpiecze\u0144stwo narodowe ponad bie\u017c\u0105ce spory partyjne, jednocze\u015bnie rzucaj\u0105c wyzwanie Pa\u0142acowi Prezydenckiemu w kontek\u015bcie zbli\u017caj\u0105cego si\u0119 terminu podj\u0119cia ostatecznej decyzji.<\/p>\n\n\n\n<p>Wsparcie dla Ukrainy i integracji europejskiej<br>Marsza\u0142ek Sejmu odni\u00f3s\u0142 si\u0119 tak\u017ce do swojej wizyty w Kijowie, kt\u00f3ra odby\u0142a si\u0119 w czwart\u0105 rocznic\u0119 ataku Rosji. Podczas wyst\u0105pienia w Radzie Najwy\u017cszej polityk zapewni\u0142, \u017ce Polska niezmiennie wspiera aspiracje Ukrainy do wej\u015bcia do Unii Europejskiej.<\/p>\n\n\n\n<p>\u201eNie ma wolnej Polski bez wolnej Ukrainy. Bo Putin oszala\u0142\u201d &#8211; stwierdzi\u0142 Czarzasty w radiowej rozmowie.<\/p>\n\n\n\n<p>Marsza\u0142ek zadeklarowa\u0142 osobiste zaanga\u017cowanie w przyspieszenie proces\u00f3w integracyjnych, wskazuj\u0105c, \u017ce Polska posiada \u201ewybitne know-how\u201d w zakresie negocjacji akcesyjnych.<\/p>\n\n\n\n<p>Wed\u0142ug polityka pomoc s\u0105siadowi jest bezpo\u015brednio powi\u0105zana z bezpiecze\u0144stwem w\u0142asnych granic. Czarzasty wierzy, \u017ce wsparcie Ukrainy na drodze do wsp\u00f3lnoty europejskiej jest obowi\u0105zkiem moralnym i politycznym, a Polska powinna odgrywa\u0107 rol\u0119 lidera i mentora w tym procesie, dziel\u0105c si\u0119 do\u015bwiadczeniami z w\u0142asnej drogi do struktur unijnych.<\/p>\n","protected":false},"excerpt":{"rendered":"<p>Sejm rozstrzygnie o losach 44 miliard\u00f3w euro na polskie zbrojenia w ramach unijnego programu SAFE. Marsza\u0142ek W\u0142odzimierz Czarzasty podczas rozmowie w &#8220;Poranku TOK FM&#8221; ostrzega przed mo\u017cliwym wetem prezydenta Karola Nawrockiego. Czy polityczny sp\u00f3r zablokuje kluczowe fundusze na obronno\u015b\u0107 kraju? Decyduj\u0105ce g\u0142osowanie w sprawie funduszy na armi\u0119Marsza\u0142ek Czarzasty zarzuca prezydentowi ideologizacj\u0119Deklaracja przeprosin w zamian za &#8230; <a title=\"Czarzasty nie m\u00f3g\u0142 si\u0119 powstrzyma\u0107 i o poranku uderzy\u0142 w Nawrockiego. Pad\u0142y ostre s\u0142owa\" class=\"read-more\" href=\"https:\/\/dobrezrodla.com\/?p=17772\" aria-label=\"Read more about Czarzasty nie m\u00f3g\u0142 si\u0119 powstrzyma\u0107 i o poranku uderzy\u0142 w Nawrockiego. Pad\u0142y ostre s\u0142owa\">Read more<\/a><\/p>\n","protected":false},"author":1,"featured_media":0,"comment_status":"open","ping_status":"open","sticky":false,"template":"","format":"standard","meta":{"footnotes":""},"categories":[1],"tags":[],"class_list":["post-17772","post","type-post","status-publish","format-standard","hentry","category-uncategorized"],"_links":{"self":[{"href":"https:\/\/dobrezrodla.com\/index.php?rest_route=\/wp\/v2\/posts\/17772","targetHints":{"allow":["GET"]}}],"collection":[{"href":"https:\/\/dobrezrodla.com\/index.php?rest_route=\/wp\/v2\/posts"}],"about":[{"href":"https:\/\/dobrezrodla.com\/index.php?rest_route=\/wp\/v2\/types\/post"}],"author":[{"embeddable":true,"href":"https:\/\/dobrezrodla.com\/index.php?rest_route=\/wp\/v2\/users\/1"}],"replies":[{"embeddable":true,"href":"https:\/\/dobrezrodla.com\/index.php?rest_route=%2Fwp%2Fv2%2Fcomments&post=17772"}],"version-history":[{"count":1,"href":"https:\/\/dobrezrodla.com\/index.php?rest_route=\/wp\/v2\/posts\/17772\/revisions"}],"predecessor-version":[{"id":17773,"href":"https:\/\/dobrezrodla.com\/index.php?rest_route=\/wp\/v2\/posts\/17772\/revisions\/17773"}],"wp:attachment":[{"href":"https:\/\/dobrezrodla.com\/index.php?rest_route=%2Fwp%2Fv2%2Fmedia&parent=17772"}],"wp:term":[{"taxonomy":"category","embeddable":true,"href":"https:\/\/dobrezrodla.com\/index.php?rest_route=%2Fwp%2Fv2%2Fcategories&post=17772"},{"taxonomy":"post_tag","embeddable":true,"href":"https:\/\/dobrezrodla.com\/index.php?rest_route=%2Fwp%2Fv2%2Ftags&post=17772"}],"curies":[{"name":"wp","href":"https:\/\/api.w.org\/{rel}","templated":true}]}}