{"id":17785,"date":"2026-02-27T21:55:58","date_gmt":"2026-02-27T21:55:58","guid":{"rendered":"https:\/\/dobrezrodla.com\/?p=17785"},"modified":"2026-02-27T21:55:59","modified_gmt":"2026-02-27T21:55:59","slug":"jakie-tak-naprawde-relacje-maja-trump-z-nawrockim-wlasnie-wyszlo-na-jaw","status":"publish","type":"post","link":"https:\/\/dobrezrodla.com\/?p=17785","title":{"rendered":"Jakie tak naprawd\u0119 relacje maj\u0105 Trump z Nawrockim? W\u0142a\u015bnie wysz\u0142o na jaw"},"content":{"rendered":"\n<p>Kulisy relacji mi\u0119dzy Pa\u0142acem Prezydenckim a administracj\u0105 w Waszyngtonie przez d\u0142ugi czas pozostawa\u0142y poza oficjalnym przekazem i ogranicza\u0142y si\u0119 do kr\u00f3tkich komunikat\u00f3w dyplomatycznych.<\/p>\n\n\n\n<p>Dopiero wypowied\u017a jednego z najbli\u017cszych wsp\u00f3\u0142pracownik\u00f3w prezydenta ujawni\u0142a, \u017ce za ostatnimi decyzjami stoi seria intensywnych kontakt\u00f3w prowadzonych poza kamerami i konferencjami prasowymi.<\/p>\n\n\n\n<p>Pad\u0142y s\u0142owa sugeruj\u0105ce, \u017ce relacje z ameryka\u0144skim przyw\u00f3dc\u0105 maj\u0105 charakter bezpo\u015bredni i opieraj\u0105 si\u0119 na regularnych rozmowach, a nie jedynie na formalnych spotkaniach mi\u0119dzynarodowych.<\/p>\n\n\n\n<p>We wtorek rzecznik przekaza\u0142 informacj\u0119 o decyzji, zgodnie z kt\u00f3r\u0105 Polsk\u0119 podczas inauguracyjnego posiedzenia Rady Pokoju w Waszyngtonie b\u0119dzie reprezentowa\u0142 szef Biura Polityki Mi\u0119dzynarodowej.<\/p>\n\n\n\n<p>Spotkanie ma by\u0107 pierwszym merytorycznym etapem dzia\u0142ania nowej inicjatywy po wcze\u015bniejszym wydarzeniu organizacyjnym w Davos i dlatego jego znaczenie oceniane jest jako symboliczne, ale jednocze\u015bnie politycznie wa\u017cne.<\/p>\n\n\n\n<p>W\u0142adze podkre\u015bli\u0142y, \u017ce udzia\u0142 w takim formacie pozwala Polsce znale\u017a\u0107 si\u0119 w gronie pa\u0144stw uczestnicz\u0105cych w tworzeniu nowej przestrzeni konsultacji mi\u0119dzynarodowych ju\u017c na samym pocz\u0105tku jej istnienia.<\/p>\n\n\n\n<p>Sam przedstawiciel prezydenta zaznaczy\u0142, \u017ce zosta\u0142 wyznaczony do reprezentowania zar\u00f3wno g\u0142owy pa\u0144stwa, jak i kraju, a poziom reprezentacji w podobnych inicjatywach bywa zr\u00f3\u017cnicowany i zale\u017cy od praktyki dyplomatycznej.<\/p>\n\n\n\n<p>Zwr\u00f3ci\u0142 uwag\u0119, \u017ce nie ka\u017cde wielostronne wydarzenie wymaga obecno\u015bci samego prezydenta, szczeg\u00f3lnie gdy relacje mi\u0119dzy przyw\u00f3dcami s\u0105 utrzymywane w inny, bardziej bezpo\u015bredni spos\u00f3b.<\/p>\n\n\n\n<p>Wed\u0142ug jego relacji w ostatnim czasie odby\u0142o si\u0119 wiele rozm\u00f3w telefonicznych, a wcze\u015bniejsze spotkanie przyw\u00f3dc\u00f3w mia\u0142o charakter d\u0142ugi i osobisty, co ma stanowi\u0107 fundament obecnych kontakt\u00f3w.<\/p>\n\n\n\n<p>Wyja\u015bniono r\u00f3wnie\u017c, \u017ce zaproszenie dla Polski pojawi\u0142o si\u0119 niedawno i zosta\u0142o odebrane jako rezultat wcze\u015bniejszych relacji na najwy\u017cszym szczeblu, a nie przypadkowa decyzja protokolarna.<\/p>\n\n\n\n<p>Obecno\u015b\u0107 najbli\u017cszego wsp\u00f3\u0142pracownika prezydenta zosta\u0142a przez stron\u0119 ameryka\u0144sk\u0105 przyj\u0119ta ze zrozumieniem, poniewa\u017c funkcja ta w praktyce oznacza reprezentowanie stanowiska g\u0142owy pa\u0144stwa niemal wprost.<\/p>\n\n\n\n<p>W dyplomacji takie rozwi\u0105zanie bywa stosowane, gdy wa\u017cniejsze od formalnego poziomu reprezentacji jest utrzymanie ci\u0105g\u0142o\u015bci rozm\u00f3w i wp\u0142ywu na ich kierunek.<\/p>\n\n\n\n<p>Sama Rada Pokoju pozostaje inicjatyw\u0105 dopiero kszta\u0142tuj\u0105c\u0105 si\u0119 i nie ma jeszcze jasno okre\u015blonej struktury ani kompetencji, dlatego znaczenie ma przede wszystkim obecno\u015b\u0107 przy stole rozm\u00f3w.<\/p>\n\n\n\n<p>W otoczeniu prezydenta uznano, \u017ce w polityce mi\u0119dzynarodowej cz\u0119sto w\u0142a\u015bnie pierwsze uczestnictwo w nowym formacie decyduje o p\u00f3\u017aniejszej roli pa\u0144stwa w negocjacjach.<\/p>\n\n\n\n<p>Z tego powodu zaproszenie traktowane jest jako element budowania d\u0142ugofalowej pozycji i relacji z ameryka\u0144sk\u0105 administracj\u0105, nawet je\u015bli na pocz\u0105tku ma jedynie charakter obserwacyjny.<\/p>\n","protected":false},"excerpt":{"rendered":"<p>Kulisy relacji mi\u0119dzy Pa\u0142acem Prezydenckim a administracj\u0105 w Waszyngtonie przez d\u0142ugi czas pozostawa\u0142y poza oficjalnym przekazem i ogranicza\u0142y si\u0119 do kr\u00f3tkich komunikat\u00f3w dyplomatycznych. Dopiero wypowied\u017a jednego z najbli\u017cszych wsp\u00f3\u0142pracownik\u00f3w prezydenta ujawni\u0142a, \u017ce za ostatnimi decyzjami stoi seria intensywnych kontakt\u00f3w prowadzonych poza kamerami i konferencjami prasowymi. Pad\u0142y s\u0142owa sugeruj\u0105ce, \u017ce relacje z ameryka\u0144skim przyw\u00f3dc\u0105 maj\u0105 charakter &#8230; <a title=\"Jakie tak naprawd\u0119 relacje maj\u0105 Trump z Nawrockim? W\u0142a\u015bnie wysz\u0142o na jaw\" class=\"read-more\" href=\"https:\/\/dobrezrodla.com\/?p=17785\" aria-label=\"Read more about Jakie tak naprawd\u0119 relacje maj\u0105 Trump z Nawrockim? W\u0142a\u015bnie wysz\u0142o na jaw\">Read more<\/a><\/p>\n","protected":false},"author":1,"featured_media":0,"comment_status":"open","ping_status":"open","sticky":false,"template":"","format":"standard","meta":{"footnotes":""},"categories":[1],"tags":[],"class_list":["post-17785","post","type-post","status-publish","format-standard","hentry","category-uncategorized"],"_links":{"self":[{"href":"https:\/\/dobrezrodla.com\/index.php?rest_route=\/wp\/v2\/posts\/17785","targetHints":{"allow":["GET"]}}],"collection":[{"href":"https:\/\/dobrezrodla.com\/index.php?rest_route=\/wp\/v2\/posts"}],"about":[{"href":"https:\/\/dobrezrodla.com\/index.php?rest_route=\/wp\/v2\/types\/post"}],"author":[{"embeddable":true,"href":"https:\/\/dobrezrodla.com\/index.php?rest_route=\/wp\/v2\/users\/1"}],"replies":[{"embeddable":true,"href":"https:\/\/dobrezrodla.com\/index.php?rest_route=%2Fwp%2Fv2%2Fcomments&post=17785"}],"version-history":[{"count":1,"href":"https:\/\/dobrezrodla.com\/index.php?rest_route=\/wp\/v2\/posts\/17785\/revisions"}],"predecessor-version":[{"id":17786,"href":"https:\/\/dobrezrodla.com\/index.php?rest_route=\/wp\/v2\/posts\/17785\/revisions\/17786"}],"wp:attachment":[{"href":"https:\/\/dobrezrodla.com\/index.php?rest_route=%2Fwp%2Fv2%2Fmedia&parent=17785"}],"wp:term":[{"taxonomy":"category","embeddable":true,"href":"https:\/\/dobrezrodla.com\/index.php?rest_route=%2Fwp%2Fv2%2Fcategories&post=17785"},{"taxonomy":"post_tag","embeddable":true,"href":"https:\/\/dobrezrodla.com\/index.php?rest_route=%2Fwp%2Fv2%2Ftags&post=17785"}],"curies":[{"name":"wp","href":"https:\/\/api.w.org\/{rel}","templated":true}]}}