{"id":1780,"date":"2025-07-20T09:15:23","date_gmt":"2025-07-20T09:15:23","guid":{"rendered":"https:\/\/dobrezrodla.com\/?p=1780"},"modified":"2025-07-20T09:15:23","modified_gmt":"2025-07-20T09:15:23","slug":"nicusor-dan-critica-sistemul-actual-al-pensiilor-speciale-este-inacceptabil-ca-pensia-sa-depaseasca-salariulvezi-in-primul-comentariu","status":"publish","type":"post","link":"https:\/\/dobrezrodla.com\/?p=1780","title":{"rendered":"Nicu\u0219or Dan critic\u0103 sistemul actual al pensiilor speciale Este inacceptabil ca pensia s\u0103 dep\u0103\u0219easc\u0103 salariulVezi \u00een primul comentariu"},"content":{"rendered":"<p>Pre\u0219edintele Rom\u00e2niei, Nicu\u0219or Dan, a exprimat public o pozi\u021bie tran\u0219ant\u0103 fa\u021b\u0103 de modul \u00een care func\u021bioneaz\u0103 \u00een prezent pensiile speciale \u00een sistemul judiciar. \u00centr-un interviu oferit publica\u021biei\u00a0Frankfurter Allgemeine Zeitung, acesta a descris fenomenul drept un dezechilibru major, care necesit\u0103 interven\u021bii legislative clare.<\/p>\n<p>Pre\u0219edintele a explicat c\u0103 reglement\u0103rile speciale din Justi\u021bie \u00ee\u0219i au originea \u00een perioada postdecembrist\u0103, fiind ini\u021bial concepute pentru a permite retragerea judec\u0103torilor forma\u021bi \u00een regimul anterior. Legea, de\u0219i justificat\u0103 la momentul adopt\u0103rii, nu a fost ajustat\u0103 ulterior, gener\u00e2nd, \u00een timp, anomalii semnificative.<\/p>\n<p>\u201eLa \u00eenceputul anilor \u201990, era nevoie de o solu\u021bie de tranzi\u021bie. Dar ceea ce a fost o m\u0103sur\u0103 punctual\u0103 a devenit o regul\u0103 f\u0103r\u0103 termen-limit\u0103. Ast\u0103zi vedem consecin\u021bele: magistra\u021bi care se pensioneaz\u0103 foarte devreme \u0219i primesc pensii considerabil mai mari dec\u00e2t salariile din perioada activ\u0103\u201d, a declarat Nicu\u0219or Dan.<\/p>\n<p>Pre\u0219edintele a subliniat c\u0103 aceast\u0103 realitate creeaz\u0103 un dezechilibru \u00een sistemul public \u0219i poate descuraja continuitatea profesional\u0103 \u00een domeniul Justi\u021biei.<\/p>\n<p>\u00centrebat despre solu\u021bii, \u0219eful statului a recunoscut complexitatea subiectului, dar a insistat c\u0103 principiile echit\u0103\u021bii trebuie respectate:\u201e\u00centr-un sistem public func\u021bional, pensia nu ar trebui s\u0103 dep\u0103\u0219easc\u0103 venitul din activitate. Este o chestiune de logic\u0103 \u0219i corectitudine. Aceast\u0103 situa\u021bie trebuie reglementat\u0103.\u201d<\/p>\n<p>Premierul Ilie Bolojan a sus\u021binut punctul de vedere exprimat de pre\u0219edinte, oferind date recente care eviden\u021biaz\u0103 dispropor\u021bia actual\u0103. Potrivit acestuia, magistra\u021bii se pensioneaz\u0103, \u00een medie, la v\u00e2rsta de 48 de ani, iar pensia lunar\u0103 poate dep\u0103\u0219i 5.000 de euro.<\/p>\n<p>\u201e\u00cen prezent, pensia se calculeaz\u0103 ca 80% din salariul brut. Acest lucru face ca, \u00een multe cazuri, suma primit\u0103 lunar dup\u0103 pensionare s\u0103 fie mai mare dec\u00e2t salariul \u00eencasat \u00een activitate. E nevoie de o formulare mai realist\u0103 \u2013 bazat\u0103 pe salariul net \u0219i f\u0103r\u0103 adaosuri care distorsioneaz\u0103 rezultatul final\u201d, a explicat prim-ministrul.<\/p>\n<p>Bolojan a subliniat \u0219i importan\u021ba introducerii unei limite clare: pensiile speciale s\u0103 nu dep\u0103\u0219easc\u0103 niciodat\u0103 nivelul ultimului salariu.<\/p>\n<p>Sistemul pensiilor speciale, \u00een special cele din Justi\u021bie, r\u0103m\u00e2ne o tem\u0103 sensibil\u0103 \u00een societatea rom\u00e2neasc\u0103. \u00centr-un context \u00een care mul\u021bi pensionari se confrunt\u0103 cu venituri modeste, existen\u021ba unor beneficii consistente, ob\u021binute la v\u00e2rste relativ mici, ridic\u0103 \u00eentreb\u0103ri privind echitatea social\u0103 \u0219i sustenabilitatea bugetar\u0103.<\/p>\n<p>Declara\u021biile pre\u0219edintelui Nicu\u0219or Dan \u0219i sus\u021binerea exprimat\u0103 de premierul Ilie Bolojan contureaz\u0103 o direc\u021bie clar\u0103 spre reform\u0103. R\u0103m\u00e2ne, \u00eens\u0103, de v\u0103zut cum va fi transpus\u0103 aceast\u0103 inten\u021bie \u00een legisla\u021bie \u0219i ce impact va avea asupra sistemului \u00een ansamblu.<\/p>\n","protected":false},"excerpt":{"rendered":"<p>Pre\u0219edintele Rom\u00e2niei, Nicu\u0219or Dan, a exprimat public o pozi\u021bie tran\u0219ant\u0103 fa\u021b\u0103 de modul \u00een care func\u021bioneaz\u0103 \u00een prezent pensiile speciale \u00een sistemul judiciar. \u00centr-un interviu oferit publica\u021biei\u00a0Frankfurter Allgemeine Zeitung, acesta a descris fenomenul drept un dezechilibru major, care necesit\u0103 interven\u021bii legislative clare. Pre\u0219edintele a explicat c\u0103 reglement\u0103rile speciale din Justi\u021bie \u00ee\u0219i au originea \u00een perioada &#8230; <a title=\"Nicu\u0219or Dan critic\u0103 sistemul actual al pensiilor speciale Este inacceptabil ca pensia s\u0103 dep\u0103\u0219easc\u0103 salariulVezi \u00een primul comentariu\" class=\"read-more\" href=\"https:\/\/dobrezrodla.com\/?p=1780\" aria-label=\"Read more about Nicu\u0219or Dan critic\u0103 sistemul actual al pensiilor speciale Este inacceptabil ca pensia s\u0103 dep\u0103\u0219easc\u0103 salariulVezi \u00een primul comentariu\">Read more<\/a><\/p>\n","protected":false},"author":1,"featured_media":1779,"comment_status":"closed","ping_status":"open","sticky":false,"template":"","format":"standard","meta":{"footnotes":""},"categories":[1],"tags":[],"class_list":["post-1780","post","type-post","status-publish","format-standard","has-post-thumbnail","hentry","category-uncategorized"],"_links":{"self":[{"href":"https:\/\/dobrezrodla.com\/index.php?rest_route=\/wp\/v2\/posts\/1780","targetHints":{"allow":["GET"]}}],"collection":[{"href":"https:\/\/dobrezrodla.com\/index.php?rest_route=\/wp\/v2\/posts"}],"about":[{"href":"https:\/\/dobrezrodla.com\/index.php?rest_route=\/wp\/v2\/types\/post"}],"author":[{"embeddable":true,"href":"https:\/\/dobrezrodla.com\/index.php?rest_route=\/wp\/v2\/users\/1"}],"replies":[{"embeddable":true,"href":"https:\/\/dobrezrodla.com\/index.php?rest_route=%2Fwp%2Fv2%2Fcomments&post=1780"}],"version-history":[{"count":1,"href":"https:\/\/dobrezrodla.com\/index.php?rest_route=\/wp\/v2\/posts\/1780\/revisions"}],"predecessor-version":[{"id":1781,"href":"https:\/\/dobrezrodla.com\/index.php?rest_route=\/wp\/v2\/posts\/1780\/revisions\/1781"}],"wp:featuredmedia":[{"embeddable":true,"href":"https:\/\/dobrezrodla.com\/index.php?rest_route=\/wp\/v2\/media\/1779"}],"wp:attachment":[{"href":"https:\/\/dobrezrodla.com\/index.php?rest_route=%2Fwp%2Fv2%2Fmedia&parent=1780"}],"wp:term":[{"taxonomy":"category","embeddable":true,"href":"https:\/\/dobrezrodla.com\/index.php?rest_route=%2Fwp%2Fv2%2Fcategories&post=1780"},{"taxonomy":"post_tag","embeddable":true,"href":"https:\/\/dobrezrodla.com\/index.php?rest_route=%2Fwp%2Fv2%2Ftags&post=1780"}],"curies":[{"name":"wp","href":"https:\/\/api.w.org\/{rel}","templated":true}]}}