{"id":17828,"date":"2026-02-28T13:45:35","date_gmt":"2026-02-28T13:45:35","guid":{"rendered":"https:\/\/dobrezrodla.com\/?p=17828"},"modified":"2026-02-28T13:45:36","modified_gmt":"2026-02-28T13:45:36","slug":"trzesienie-ziemi-w-pis-kaczynski-zawiesi-morawieckiego","status":"publish","type":"post","link":"https:\/\/dobrezrodla.com\/?p=17828","title":{"rendered":"Trz\u0119sienie ziemi w PiS. Kaczy\u0144ski zawiesi Morawieckiego?"},"content":{"rendered":"\n<p>K\u0142\u00f3tnia Morawieckiego z Jakim. PiS wyci\u0105gnie konsekwencje?<br>W czwartek Patryk Jaki podczas spotkania ze studentami w Lublinie wyg\u0142osi\u0142 krytyczne uwagi dotycz\u0105ce polityki Mateusza Morawieckiego i jego zwolennik\u00f3w. &#8211; Jak\u0105 mamy pewno\u015b\u0107, \u017ce po powrocie PiS do w\u0142adzy nie b\u0119dzie ju\u017c wi\u0119cej tego typu po\u017cyczek, zad\u0142u\u017cania naszego kraju, uzale\u017cniania naszego kraju jeszcze bardziej od Unii Europejskiej? &#8211; zapyta\u0142 jeden ze student\u00f3w.<\/p>\n\n\n\n<p>Jaki odwo\u0142a\u0142 si\u0119 do programu SAFE. &#8211; Prosz\u0119 spojrze\u0107 na stanowisko (naszej &#8211; red.) partii. My mimo ca\u0142ej tej propagandy twardo zachowujemy si\u0119 tak jak trzeba. \u017badne sonda\u017ce, \u017caden szanta\u017c finansowy &#8211; nic na nas finalnie nie wp\u0142ynie. Wyci\u0105gn\u0119li\u015bmy wnioski. Nie ukrywam, \u017ce ba\u0142em si\u0119 tego, jak zachowa si\u0119 nasza partia, ale teraz jestem podbudowany. Oczywi\u015bcie jest kilku pos\u0142\u00f3w u nas, kt\u00f3rzy zachowuj\u0105 si\u0119 inaczej, kt\u00f3rzy nie ucz\u0105 si\u0119 i nie wyci\u0105gaj\u0105 wniosk\u00f3w &#8211; stwierdzi\u0142.<\/p>\n\n\n\n<p>Morawiecki poczu\u0142 si\u0119 dotkni\u0119ty t\u0105 wypowiedzi\u0105. &#8220;Skoro obecnie jeste\u015b ekspertem i znasz remedium na ka\u017cdy problem, to powiedz: jak posz\u0142a sztandarowa reforma s\u0105downictwa? No i jak przys\u0142u\u017cy\u0142a si\u0119 Polsce twoja ustawa o IPN?&#8221; &#8211; odpowiedzia\u0142 we wpisie na X by\u0142y premier. &#8220;W naszej polityce wobec UE wszystkie istotne decyzje by\u0142y akceptowane przez kierownictwo polityczne PiS. \u0141atwo si\u0119 krytykuje z lo\u017cy recenzent\u00f3w-szyderc\u00f3w, nawet b\u0119d\u0105c w rz\u0105dzie ci\u0119\u017cej wzi\u0105\u0107 za co\u015b odpowiedzialno\u015b\u0107, nawet je\u017celi czasem pope\u0142ni si\u0119 te\u017c b\u0142\u0119dy&#8221; &#8211; doda\u0142.<\/p>\n\n\n\n<p>Rafa\u0142 Bochenek poinformowa\u0142, \u017ce sprawa reprezentuj\u0105cego frakcj\u0119 przeciwn\u0105 \u015brodowisku by\u0142ego premiera europos\u0142a &#8211; Patryka Jakiego &#8211; jest wci\u0105\u017c analizowana &#8220;ze wzgl\u0119du na z\u0142o\u017cony kontekst&#8221;. Nadmieni\u0142, \u017ce wcze\u015bniej do partyjnej komisji etyki trafi\u0142a ju\u017c sprawa Jacka Kurskiego, w zwi\u0105zku z jego wypowiedzi\u0105 w jednej z telewizji.<\/p>\n","protected":false},"excerpt":{"rendered":"<p>K\u0142\u00f3tnia Morawieckiego z Jakim. PiS wyci\u0105gnie konsekwencje?W czwartek Patryk Jaki podczas spotkania ze studentami w Lublinie wyg\u0142osi\u0142 krytyczne uwagi dotycz\u0105ce polityki Mateusza Morawieckiego i jego zwolennik\u00f3w. &#8211; Jak\u0105 mamy pewno\u015b\u0107, \u017ce po powrocie PiS do w\u0142adzy nie b\u0119dzie ju\u017c wi\u0119cej tego typu po\u017cyczek, zad\u0142u\u017cania naszego kraju, uzale\u017cniania naszego kraju jeszcze bardziej od Unii Europejskiej? &#8211; &#8230; <a title=\"Trz\u0119sienie ziemi w PiS. Kaczy\u0144ski zawiesi Morawieckiego?\" class=\"read-more\" href=\"https:\/\/dobrezrodla.com\/?p=17828\" aria-label=\"Read more about Trz\u0119sienie ziemi w PiS. Kaczy\u0144ski zawiesi Morawieckiego?\">Read more<\/a><\/p>\n","protected":false},"author":1,"featured_media":0,"comment_status":"open","ping_status":"open","sticky":false,"template":"","format":"standard","meta":{"footnotes":""},"categories":[1],"tags":[],"class_list":["post-17828","post","type-post","status-publish","format-standard","hentry","category-uncategorized"],"_links":{"self":[{"href":"https:\/\/dobrezrodla.com\/index.php?rest_route=\/wp\/v2\/posts\/17828","targetHints":{"allow":["GET"]}}],"collection":[{"href":"https:\/\/dobrezrodla.com\/index.php?rest_route=\/wp\/v2\/posts"}],"about":[{"href":"https:\/\/dobrezrodla.com\/index.php?rest_route=\/wp\/v2\/types\/post"}],"author":[{"embeddable":true,"href":"https:\/\/dobrezrodla.com\/index.php?rest_route=\/wp\/v2\/users\/1"}],"replies":[{"embeddable":true,"href":"https:\/\/dobrezrodla.com\/index.php?rest_route=%2Fwp%2Fv2%2Fcomments&post=17828"}],"version-history":[{"count":1,"href":"https:\/\/dobrezrodla.com\/index.php?rest_route=\/wp\/v2\/posts\/17828\/revisions"}],"predecessor-version":[{"id":17829,"href":"https:\/\/dobrezrodla.com\/index.php?rest_route=\/wp\/v2\/posts\/17828\/revisions\/17829"}],"wp:attachment":[{"href":"https:\/\/dobrezrodla.com\/index.php?rest_route=%2Fwp%2Fv2%2Fmedia&parent=17828"}],"wp:term":[{"taxonomy":"category","embeddable":true,"href":"https:\/\/dobrezrodla.com\/index.php?rest_route=%2Fwp%2Fv2%2Fcategories&post=17828"},{"taxonomy":"post_tag","embeddable":true,"href":"https:\/\/dobrezrodla.com\/index.php?rest_route=%2Fwp%2Fv2%2Ftags&post=17828"}],"curies":[{"name":"wp","href":"https:\/\/api.w.org\/{rel}","templated":true}]}}