{"id":1783,"date":"2025-07-20T09:58:25","date_gmt":"2025-07-20T09:58:25","guid":{"rendered":"https:\/\/dobrezrodla.com\/?p=1783"},"modified":"2025-07-20T09:58:25","modified_gmt":"2025-07-20T09:58:25","slug":"guvernul-va-stabili-un-numar-maxim-de-angajati-pentru-primarii-ilie-bolojan-acolo-unde-personalul-a-fost-supradimensionat-va-fi-redusvezi-in-primul-comentariu","status":"publish","type":"post","link":"https:\/\/dobrezrodla.com\/?p=1783","title":{"rendered":"Guvernul va stabili un num\u0103r maxim de angaja\u021bi pentru prim\u0103rii. Ilie Bolojan Acolo unde personalul a fost supradimensionat va fi redusVezi \u00een primul comentariu"},"content":{"rendered":"<p>Guvernul preg\u0103te\u0219te o reform\u0103 important\u0103 \u00een administra\u021bia public\u0103 local\u0103, prin stabilirea unui num\u0103r maxim de angaja\u021bi pentru prim\u0103rii. M\u0103sura vizeaz\u0103 eficientizarea cheltuielilor publice \u0219i corectarea dezechilibrelor create de angaj\u0103rile excesive din ultimii ani \u00een anumite unit\u0103\u021bi administrativ-teritoriale.<\/p>\n<p>Potrivit declara\u021biilor f\u0103cute de Ilie Bolojan, acolo unde personalul este supradimensionat, vor fi operate reduceri. Scopul este clar: profesionalizarea aparatului administrativ \u0219i eliminarea risipei. Multe prim\u0103rii, \u00een special cele din zonele rurale sau din ora\u0219ele mici, au ajuns s\u0103 angajeze personal peste necesar, gener\u00e2nd astfel costuri salariale nejustificate \u00een raport cu volumul efectiv de munc\u0103 sau cu nevoile comunit\u0103\u021bii.<\/p>\n<p>Stabilirea unui plafon va \u021bine cont de mai mul\u021bi factori: num\u0103rul de locuitori, suprafa\u021ba administrat\u0103, complexitatea serviciilor oferite \u0219i capacitatea bugetar\u0103 a fiec\u0103rei prim\u0103rii. Nu se va aplica un model unic pentru toate localit\u0103\u021bile, ci se vor introduce criterii clare care s\u0103 permit\u0103 dimensionarea eficient\u0103 a personalului.<\/p>\n<p>Aceast\u0103 m\u0103sur\u0103 face parte dintr-un plan mai amplu de reform\u0103 administrativ\u0103, care \u00ee\u0219i propune s\u0103 modernizeze aparatul public, s\u0103 creasc\u0103 transparen\u021ba \u0219i s\u0103 asigure o mai bun\u0103 utilizare a fondurilor publice. \u00cen acela\u0219i timp, se dore\u0219te crearea unui cadru mai competitiv, \u00een care angaja\u021bii din administra\u021bie s\u0103 fie evalua\u021bi pe baz\u0103 de performan\u021b\u0103, nu de apartenen\u021b\u0103 politic\u0103 sau rela\u021bii personale.<\/p>\n<p>Reducerea personalului excedentar nu \u00eenseamn\u0103 concedieri \u00een mas\u0103, ci o restructurare strategic\u0103, care va include \u0219i reconversie profesional\u0103 acolo unde este posibil. Guvernul urm\u0103re\u0219te astfel o reform\u0103 echilibrat\u0103, \u00een care eficien\u021ba s\u0103 nu afecteze calitatea serviciilor oferite cet\u0103\u021benilor.<\/p>\n<p>Aceast\u0103 decizie, de\u0219i posibil controversat\u0103 \u00een unele zone, este considerat\u0103 necesar\u0103 pentru a crea o administra\u021bie local\u0103 supl\u0103, eficient\u0103 \u0219i adaptat\u0103 realit\u0103\u021bilor actuale.<\/p>\n","protected":false},"excerpt":{"rendered":"<p>Guvernul preg\u0103te\u0219te o reform\u0103 important\u0103 \u00een administra\u021bia public\u0103 local\u0103, prin stabilirea unui num\u0103r maxim de angaja\u021bi pentru prim\u0103rii. M\u0103sura vizeaz\u0103 eficientizarea cheltuielilor publice \u0219i corectarea dezechilibrelor create de angaj\u0103rile excesive din ultimii ani \u00een anumite unit\u0103\u021bi administrativ-teritoriale. Potrivit declara\u021biilor f\u0103cute de Ilie Bolojan, acolo unde personalul este supradimensionat, vor fi operate reduceri. Scopul este clar: &#8230; <a title=\"Guvernul va stabili un num\u0103r maxim de angaja\u021bi pentru prim\u0103rii. Ilie Bolojan Acolo unde personalul a fost supradimensionat va fi redusVezi \u00een primul comentariu\" class=\"read-more\" href=\"https:\/\/dobrezrodla.com\/?p=1783\" aria-label=\"Read more about Guvernul va stabili un num\u0103r maxim de angaja\u021bi pentru prim\u0103rii. Ilie Bolojan Acolo unde personalul a fost supradimensionat va fi redusVezi \u00een primul comentariu\">Read more<\/a><\/p>\n","protected":false},"author":1,"featured_media":1782,"comment_status":"closed","ping_status":"open","sticky":false,"template":"","format":"standard","meta":{"footnotes":""},"categories":[1],"tags":[],"class_list":["post-1783","post","type-post","status-publish","format-standard","has-post-thumbnail","hentry","category-uncategorized"],"_links":{"self":[{"href":"https:\/\/dobrezrodla.com\/index.php?rest_route=\/wp\/v2\/posts\/1783","targetHints":{"allow":["GET"]}}],"collection":[{"href":"https:\/\/dobrezrodla.com\/index.php?rest_route=\/wp\/v2\/posts"}],"about":[{"href":"https:\/\/dobrezrodla.com\/index.php?rest_route=\/wp\/v2\/types\/post"}],"author":[{"embeddable":true,"href":"https:\/\/dobrezrodla.com\/index.php?rest_route=\/wp\/v2\/users\/1"}],"replies":[{"embeddable":true,"href":"https:\/\/dobrezrodla.com\/index.php?rest_route=%2Fwp%2Fv2%2Fcomments&post=1783"}],"version-history":[{"count":1,"href":"https:\/\/dobrezrodla.com\/index.php?rest_route=\/wp\/v2\/posts\/1783\/revisions"}],"predecessor-version":[{"id":1784,"href":"https:\/\/dobrezrodla.com\/index.php?rest_route=\/wp\/v2\/posts\/1783\/revisions\/1784"}],"wp:featuredmedia":[{"embeddable":true,"href":"https:\/\/dobrezrodla.com\/index.php?rest_route=\/wp\/v2\/media\/1782"}],"wp:attachment":[{"href":"https:\/\/dobrezrodla.com\/index.php?rest_route=%2Fwp%2Fv2%2Fmedia&parent=1783"}],"wp:term":[{"taxonomy":"category","embeddable":true,"href":"https:\/\/dobrezrodla.com\/index.php?rest_route=%2Fwp%2Fv2%2Fcategories&post=1783"},{"taxonomy":"post_tag","embeddable":true,"href":"https:\/\/dobrezrodla.com\/index.php?rest_route=%2Fwp%2Fv2%2Ftags&post=1783"}],"curies":[{"name":"wp","href":"https:\/\/api.w.org\/{rel}","templated":true}]}}