{"id":17839,"date":"2026-02-28T17:44:35","date_gmt":"2026-02-28T17:44:35","guid":{"rendered":"https:\/\/dobrezrodla.com\/?p=17839"},"modified":"2026-02-28T17:44:36","modified_gmt":"2026-02-28T17:44:36","slug":"spor-miedzy-nawrockim-i-tuskiem-musial-interweniowac-szef-prezydenckiej-kanceralii","status":"publish","type":"post","link":"https:\/\/dobrezrodla.com\/?p=17839","title":{"rendered":"Sp\u00f3r mi\u0119dzy Nawrockim i Tuskiem. Musia\u0142 interweniowa\u0107 szef prezydenckiej kanceralii"},"content":{"rendered":"\n<p>Relacje mi\u0119dzy Pa\u0142acem Prezydenckim a rz\u0105dem ponownie znalaz\u0142y si\u0119 w centrum politycznego sporu. Premier Donald Tusk publicznie zasugerowa\u0142, \u017ce prezydent Karol Nawrocki nie odbiera od niego telefon\u00f3w. Na te zarzuty musia\u0142 zareagowa\u0107 szef Kancelarii Prezydenta, kt\u00f3ry stanowczo zaprzeczy\u0142 doniesieniom o zerwanym kontakcie mi\u0119dzy najwy\u017cszymi w\u0142adzami pa\u0144stwa.<\/p>\n\n\n\n<ul class=\"wp-block-list\">\n<li>Zgrzyt mi\u0119dzy prezydentem a premierem. Tusk: Nawrocki nie odbiera telefonu<\/li>\n\n\n\n<li>Interwencja szefa prezydenckiej Kancelarii Boguckiego. Pr\u00f3ba za\u0142agodzenia sporu<\/li>\n\n\n\n<li>Bogucki o pom\u00f3wieniach ws. zerwanego kontaktu telefonicznego<\/li>\n<\/ul>\n\n\n\n<h2 class=\"wp-block-heading\">Zgrzyt mi\u0119dzy prezydentem a premierem. Tusk: Nawrocki nie odbiera telefonu<\/h2>\n\n\n\n<p>W ostatnich dniach media i politycy komentuj\u0105 rzekomy konflikt mi\u0119dzy prezydentem RP Karolem Nawrockim a premierem Donaldem Tuskiem. Premier publicznie o\u015bwiadczy\u0142, \u017ce prezydent i osoby z jego otoczenia odmawiaj\u0105 wsp\u00f3\u0142pracy, w tym tak\u017ce kontaktu telefonicznego, co ma utrudnia\u0107 koordynacj\u0119 kluczowych kwestii, szczeg\u00f3lnie w polityce zagranicznej. Wed\u0142ug s\u0142\u00f3w Tuska, jego sygna\u0142y i pr\u00f3by nawi\u0105zania dialogu telefonicznego pozostaj\u0105 bez odpowiedzi ze strony Pa\u0142acu Prezydenckiego, co \u2013 zdaniem premiera \u2013 blokuje efektywne dzia\u0142ania pa\u0144stwa w nowych, cz\u0119sto trudnych okoliczno\u015bciach mi\u0119dzynarodowych.&nbsp;<\/p>\n\n\n\n<p>Rz\u0105dz\u0105cy premier podkre\u015bli\u0142, \u017ce sytuacja ta nie dotyczy wy\u0142\u0105cznie formalnych rozm\u00f3w, ale te\u017c realnej wsp\u00f3\u0142pracy przy strategicznych inicjatywach. Zwr\u00f3ci\u0142 uwag\u0119, i\u017c brak regularnej komunikacji z prezydentem \u2013 zw\u0142aszcza w dobie licznych wyzwa\u0144 globalnych \u2013 mo\u017ce prowadzi\u0107 do dezintegracji polityki pa\u0144stwa.<\/p>\n\n\n\n<p>Oskar\u017cenia premiera nie pozosta\u0142y bez echa. Zar\u00f3wno publicy\u015bci, jak i politycy komentuj\u0105, \u017ce co prawda konstytucja przewiduje, i\u017c prezydent i rz\u0105d powinni dzia\u0142a\u0107 w zgodzie, ale r\u00f3\u017cnice ideowe i partyjne \u2013 w szczeg\u00f3lno\u015bci po wyborach prezydenckich \u2013 mog\u0105 wp\u0142ywa\u0107 na ton i dynamik\u0119 ich relacji. W\u0105tek niewypracowanego modelu wsp\u00f3\u0142pracy pomi\u0119dzy najwy\u017cszymi organami w\u0142adzy sta\u0142 si\u0119 przedmiotem intensywnych debat medialnych i publicznych.&nbsp;<\/p>\n\n\n\n<h2 class=\"wp-block-heading\">Interwencja szefa prezydenckiej Kancelarii Boguckiego. Pr\u00f3ba za\u0142agodzenia sporu<\/h2>\n\n\n\n<p>W odpowiedzi na powy\u017csze zarzuty, do sprawy odni\u00f3s\u0142 si\u0119 szef Kancelarii Prezydenta RP \u2013 Zbigniew Bogucki. W programie \u201eFakty po Faktach\u201d na antenie TVN24 stanowczo zaprzeczy\u0142, jakoby prezydent celowo unika\u0142 kontaktu telefonicznego z premierem. Bogucki o\u015bwiadczy\u0142:&nbsp;<\/p>\n\n\n\n<blockquote class=\"wp-block-quote is-layout-flow wp-block-quote-is-layout-flow\">\n<p>Nie mam takiej wiedzy (\u2026) Je\u017celi premier chcia\u0142 si\u0119 spotka\u0107 z prezydentem, to spotka\u0142 si\u0119 nast\u0119pnego dnia \u2013 zaznaczy\u0142<\/p>\n<\/blockquote>\n\n\n\n<p>Szef prezydenckiej kancelarii przypomnia\u0142 r\u00f3wnie\u017c, \u017ce je\u017celi premier rzeczywi\u015bcie chcia\u0142 si\u0119 spotka\u0107 z g\u0142ow\u0105 pa\u0144stwa, to spotkanie takie odby\u0142o si\u0119 nast\u0119pnego dnia. Jako przyk\u0142ad podawa\u0142 oficjalne publiczne wydarzenia i ceremonie, w trakcie kt\u00f3rych obaj politycy mieli okazj\u0119 na bezpo\u015bredni dialog. Bogucki podkre\u015bli\u0142, \u017ce prezydent jest otwarty na kontakt z r\u00f3\u017cnymi \u015brodowiskami i interesariuszami, a zarzut o unikanie rozm\u00f3w jest przerysowany.&nbsp;<\/p>\n\n\n\n<p>Co wi\u0119cej, Bogucki wskaza\u0142, \u017ce \u201etemperatura sporu politycznego ma swoje \u017ar\u00f3d\u0142o\u201d i \u2013 w jego ocenie \u2013 to w\u0142a\u015bnie elementy retoryki politycznej ze strony rz\u0105dz\u0105cych podsycaj\u0105 napi\u0119cia. Zaznaczy\u0142 przy tym, \u017ce do normalizacji relacji potrzeba \u201ewyci\u0105gni\u0119cia dw\u00f3ch r\u0105k\u201d, co ma symbolizowa\u0107 konieczno\u015b\u0107 obustronnej woli wsp\u00f3\u0142pracy.&nbsp;<\/p>\n\n\n\n<p>W odpowiedzi na sugestie premiera, Bogucki odni\u00f3s\u0142 si\u0119 tak\u017ce do innych kwestii organizacyjnych, podkre\u015blaj\u0105c, \u017ce prezydent anga\u017cuje si\u0119 w dzia\u0142ania dotycz\u0105ce bezpiecze\u0144stwa oraz polityki zagranicznej z udzia\u0142em Biura Bezpiecze\u0144stwa Narodowego i pe\u0142ni\u0105c odpowiedni\u0105 reprezentacj\u0119 pa\u0144stwa polskiego na forum mi\u0119dzynarodowym.&nbsp;<\/p>\n\n\n\n<h2 class=\"wp-block-heading\">Bogucki o pom\u00f3wieniach ws. zerwanego kontaktu telefonicznego<\/h2>\n\n\n\n<p>Ca\u0142a sprawa o kontakcie telefonicznym jest tylko najnowszym \u2013 i najbardziej medialnym \u2013 elementem szerszego napi\u0119cia pomi\u0119dzy prezydentem Karolem Nawrockim a premierem Donaldem Tuskiem. \u0179r\u00f3d\u0142em tych r\u00f3\u017cnic s\u0105 r\u00f3\u017cne podej\u015bcia do kluczowych polityk pa\u0144stwa, zw\u0142aszcza w obszarze polityki zagranicznej i bezpiecze\u0144stwa. Premier Tusk wielokrotnie podkre\u015bla\u0142, \u017ce Polska potrzebuje jedno\u015bci i sp\u00f3jno\u015bci w kontaktach mi\u0119dzynarodowych, podczas gdy Pa\u0142ac Prezydencki \u2013 reprezentowany przez prezydenta Nawrockiego i jego wsp\u00f3\u0142pracownik\u00f3w \u2013 akcentuje niezale\u017cno\u015b\u0107 g\u0142owy pa\u0144stwa.&nbsp;<\/p>\n\n\n\n<p>Nie bez znaczenia jest te\u017c fakt, \u017ce ka\u017cde z tych \u015brodowisk politycznych wykorzystuje medialne przekazy jako narz\u0119dzie komunikacji z opini\u0105 publiczn\u0105 \u2013 co dodatkowo pot\u0119guje wra\u017cenie zaognienia konfliktu. Cho\u0107 premier Tusk m\u00f3wi\u0142 o blokowaniu kontakt\u00f3w, Pa\u0142ac Prezydencki stanowczo temu zaprzecza, wskazuj\u0105c na realne spotkania i kontakty bezpo\u015brednie, kt\u00f3re mia\u0142y miejsce.&nbsp;<\/p>\n\n\n\n<p>W tej sytuacji kluczowe pozostaje pytanie, czy obie strony zdecyduj\u0105 si\u0119 na konstruktywny dialog oraz jak takie napi\u0119cia wp\u0142yn\u0105 na funkcjonowanie polskiej polityki zar\u00f3wno wewn\u0119trznej, jak i mi\u0119dzynarodowej.<\/p>\n","protected":false},"excerpt":{"rendered":"<p>Relacje mi\u0119dzy Pa\u0142acem Prezydenckim a rz\u0105dem ponownie znalaz\u0142y si\u0119 w centrum politycznego sporu. Premier Donald Tusk publicznie zasugerowa\u0142, \u017ce prezydent Karol Nawrocki nie odbiera od niego telefon\u00f3w. Na te zarzuty musia\u0142 zareagowa\u0107 szef Kancelarii Prezydenta, kt\u00f3ry stanowczo zaprzeczy\u0142 doniesieniom o zerwanym kontakcie mi\u0119dzy najwy\u017cszymi w\u0142adzami pa\u0144stwa. Zgrzyt mi\u0119dzy prezydentem a premierem. Tusk: Nawrocki nie odbiera &#8230; <a title=\"Sp\u00f3r mi\u0119dzy Nawrockim i Tuskiem. Musia\u0142 interweniowa\u0107 szef prezydenckiej kanceralii\" class=\"read-more\" href=\"https:\/\/dobrezrodla.com\/?p=17839\" aria-label=\"Read more about Sp\u00f3r mi\u0119dzy Nawrockim i Tuskiem. Musia\u0142 interweniowa\u0107 szef prezydenckiej kanceralii\">Read more<\/a><\/p>\n","protected":false},"author":1,"featured_media":0,"comment_status":"open","ping_status":"open","sticky":false,"template":"","format":"standard","meta":{"footnotes":""},"categories":[1],"tags":[],"class_list":["post-17839","post","type-post","status-publish","format-standard","hentry","category-uncategorized"],"_links":{"self":[{"href":"https:\/\/dobrezrodla.com\/index.php?rest_route=\/wp\/v2\/posts\/17839","targetHints":{"allow":["GET"]}}],"collection":[{"href":"https:\/\/dobrezrodla.com\/index.php?rest_route=\/wp\/v2\/posts"}],"about":[{"href":"https:\/\/dobrezrodla.com\/index.php?rest_route=\/wp\/v2\/types\/post"}],"author":[{"embeddable":true,"href":"https:\/\/dobrezrodla.com\/index.php?rest_route=\/wp\/v2\/users\/1"}],"replies":[{"embeddable":true,"href":"https:\/\/dobrezrodla.com\/index.php?rest_route=%2Fwp%2Fv2%2Fcomments&post=17839"}],"version-history":[{"count":1,"href":"https:\/\/dobrezrodla.com\/index.php?rest_route=\/wp\/v2\/posts\/17839\/revisions"}],"predecessor-version":[{"id":17840,"href":"https:\/\/dobrezrodla.com\/index.php?rest_route=\/wp\/v2\/posts\/17839\/revisions\/17840"}],"wp:attachment":[{"href":"https:\/\/dobrezrodla.com\/index.php?rest_route=%2Fwp%2Fv2%2Fmedia&parent=17839"}],"wp:term":[{"taxonomy":"category","embeddable":true,"href":"https:\/\/dobrezrodla.com\/index.php?rest_route=%2Fwp%2Fv2%2Fcategories&post=17839"},{"taxonomy":"post_tag","embeddable":true,"href":"https:\/\/dobrezrodla.com\/index.php?rest_route=%2Fwp%2Fv2%2Ftags&post=17839"}],"curies":[{"name":"wp","href":"https:\/\/api.w.org\/{rel}","templated":true}]}}